{"id":820,"date":"2011-04-25T21:34:35","date_gmt":"2011-04-25T21:34:35","guid":{"rendered":"http:\/\/www.bbyhaber.com\/bby\/?p=820"},"modified":"2011-11-15T21:35:27","modified_gmt":"2011-11-15T21:35:27","slug":"engelliler-icin-kutuphane-kuruluyor-kirsehir","status":"publish","type":"post","link":"https:\/\/www.bbyhaber.com\/bby\/2011\/04\/25\/engelliler-icin-kutuphane-kuruluyor-kirsehir","title":{"rendered":"Engelliler i\u00e7in k\u00fct\u00fcphane kuruluyor-K\u0131r\u015fehir"},"content":{"rendered":"<p style=\"text-align: justify;\" align=\"justify\">Engellilerin kitap okumas\u0131n\u0131 sa\u011flayarak, hem hayata ba\u011flanmalar\u0131n\u0131 hem sosyal y\u00f6nlerini geli\u015ftirmeyi hedefleyen K\u0131r\u015fehir Bedensel Engelliler Derne\u011fi, bu projeyi hayata ge\u00e7irebilmek i\u00e7in halktan yard\u0131m istiyor.<\/p>\n<p style=\"text-align: justify;\" align=\"justify\">Konuyla ilgili a\u00e7\u0131klama yapan K\u0131r\u015fehir Bedensel Engelliler Dernek Ba\u015fkan\u0131 Servet Avkapan, K\u00fclt\u00fcr ve Turizm M\u00fcd\u00fcrl\u00fc\u011f\u00fc&#8217;n\u00fcn de deste\u011fiyle k\u00fct\u00fcphane kurma karar\u0131 ald\u0131klar\u0131n\u0131 s\u00f6yledi. Avkapan, \u0130nternet yayg\u0131nla\u015ft\u0131ktan sonra k\u00fct\u00fcphanelere ve kitaplara ilginin azald\u0131\u011f\u0131n\u0131 belirterek, &#8220;\u0130nsanlar\u0131n roman, makale de okumalar\u0131 gerekti\u011fini d\u00fc\u015f\u00fcn\u00fcyorum. Her \u015fey internetle olmuyor. Kitap okuma al\u0131\u015fkanl\u0131\u011f\u0131m\u0131z\u0131 art\u0131rmam\u0131z laz\u0131m; engelli engelsiz fark etmez, yeter ki herkes okusun.&#8221; diye konu\u015ftu.<\/p>\n<p style=\"text-align: justify;\" align=\"justify\">G\u00f6rme engellilerin de okuyabilece\u011fi 5 bin kitab\u0131n, K\u0131r\u015fehir L\u00fctf\u00fc \u0130kiz \u0130l Halk K\u00fct\u00fcphanesi&#8217;ne kazand\u0131r\u0131ld\u0131\u011f\u0131n\u0131 belirten Avkapan, &#8220;Olu\u015fturaca\u011f\u0131m\u0131z k\u00fct\u00fcphanede birbirinden g\u00fczel kitaplar yer alacak. Engelli \u00fcyelerim kitap sayesinde hayata tutunacak. G\u00f6rme engellilerimiz i\u00e7in de alternatif kitaplar bulduk. \u00d6zellikle kabartma yaz\u0131l\u0131 olacak bu kitaplar bol miktarda bulunacak. &#8220;ifadelerine yer verdi.\u00a0<strong><\/strong><\/p>\n<p style=\"text-align: justify;\">Kaynak: <a href=\"http:\/\/www.haber3.com\/\" target=\"_blank\">http:\/\/www.haber3.com\/<\/a><\/p>\n","protected":false},"excerpt":{"rendered":"<p>Engellilerin kitap okumas\u0131n\u0131 sa\u011flayarak, hem hayata ba\u011flanmalar\u0131n\u0131 hem sosyal y\u00f6nlerini geli\u015ftirmeyi hedefleyen K\u0131r\u015fehir Bedensel Engelliler Derne\u011fi, bu projeyi hayata ge\u00e7irebilmek i\u00e7in halktan yard\u0131m istiyor. Konuyla ilgili a\u00e7\u0131klama yapan K\u0131r\u015fehir Bedensel Engelliler Dernek Ba\u015fkan\u0131 Servet Avkapan, K\u00fclt\u00fcr ve Turizm M\u00fcd\u00fcrl\u00fc\u011f\u00fc&#8217;n\u00fcn de deste\u011fiyle k\u00fct\u00fcphane kurma karar\u0131 ald\u0131klar\u0131n\u0131 s\u00f6yledi. Avkapan, \u0130nternet yayg\u0131nla\u015ft\u0131ktan sonra k\u00fct\u00fcphanelere ve kitaplara ilginin azald\u0131\u011f\u0131n\u0131 [&hellip;]<\/p>\n","protected":false},"author":1,"featured_media":0,"comment_status":"open","ping_status":"open","sticky":false,"template":"","format":"standard","meta":{"footnotes":""},"categories":[1484,1485,1,1487],"tags":[],"class_list":["post-820","post","type-post","status-publish","format-standard","hentry","category-engelliler-icin-bilgi-merkezleri","category-engelliler-icin-kutuphane","category-genel","category-gorme-engelli-kutuphane"],"_links":{"self":[{"href":"https:\/\/www.bbyhaber.com\/bby\/wp-json\/wp\/v2\/posts\/820"}],"collection":[{"href":"https:\/\/www.bbyhaber.com\/bby\/wp-json\/wp\/v2\/posts"}],"about":[{"href":"https:\/\/www.bbyhaber.com\/bby\/wp-json\/wp\/v2\/types\/post"}],"author":[{"embeddable":true,"href":"https:\/\/www.bbyhaber.com\/bby\/wp-json\/wp\/v2\/users\/1"}],"replies":[{"embeddable":true,"href":"https:\/\/www.bbyhaber.com\/bby\/wp-json\/wp\/v2\/comments?post=820"}],"version-history":[{"count":0,"href":"https:\/\/www.bbyhaber.com\/bby\/wp-json\/wp\/v2\/posts\/820\/revisions"}],"wp:attachment":[{"href":"https:\/\/www.bbyhaber.com\/bby\/wp-json\/wp\/v2\/media?parent=820"}],"wp:term":[{"taxonomy":"category","embeddable":true,"href":"https:\/\/www.bbyhaber.com\/bby\/wp-json\/wp\/v2\/categories?post=820"},{"taxonomy":"post_tag","embeddable":true,"href":"https:\/\/www.bbyhaber.com\/bby\/wp-json\/wp\/v2\/tags?post=820"}],"curies":[{"name":"wp","href":"https:\/\/api.w.org\/{rel}","templated":true}]}}