{"id":8199,"date":"2012-12-06T14:32:15","date_gmt":"2012-12-06T12:32:15","guid":{"rendered":"http:\/\/www.bbyhaber.com\/bby\/?p=8199"},"modified":"2013-01-09T18:20:01","modified_gmt":"2013-01-09T16:20:01","slug":"tkd-izmir-karikatur-calismasi","status":"publish","type":"post","link":"https:\/\/www.bbyhaber.com\/bby\/2012\/12\/06\/tkd-izmir-karikatur-calismasi","title":{"rendered":"TKD \u0130zmir \u015eubesi Karikat\u00fcr \u00c7al\u0131\u015fmas\u0131"},"content":{"rendered":"<p style=\"text-align: justify;\"><a href=\"http:\/\/www.bbyhaber.com\/bby\/wp-content\/uploads\/bby-dernek-logolar\/tkdizmir-logo.png\"><img loading=\"lazy\" decoding=\"async\" class=\"alignleft\" src=\"http:\/\/www.bbyhaber.com\/bby\/wp-content\/uploads\/bby-dernek-logolar\/tkdizmir-logo.png\" alt=\"\" width=\"289\" height=\"78\" \/><\/a><a href=\"http:\/\/izmir.kutuphaneci.org.tr\/\" target=\"_blank\">TKD \u0130zmir \u015eubesi<\/a> ve\u00a0Karikat\u00fcrc\u00fcler Derne\u011fi \u0130zmir\u00a0Temsilcili\u011fi ile birlikte i\u015f birli\u011fi yaparak, mesleki sorunlar\u0131m\u0131z\u0131 i\u00e7eren karikat\u00fcrlerin \u00e7izilmesine y\u00f6nelik\u00a0bir \u00e7al\u0131\u015fma ba\u015flatm\u0131\u015f bulunmaktad\u0131r. Bu ba\u011flamda fark\u0131na vard\u0131\u011f\u0131n\u0131z, ba\u015f\u0131n\u0131za gelen veya g\u00f6rd\u00fc\u011f\u00fcn\u00fcz her t\u00fcrl\u00fc mesleki sorunumuzu maddeleyerek k\u0131sa c\u00fcmleler halinde<!--more-->\u00a0(K\u00fct\u00fcphaneciye her \u015feyi bilmek ve yapmak zorundaym\u0131\u015f gibi davran\u0131lmas\u0131,\u00a0k\u00fct\u00fcphane i\u00e7inde cep telefonuyla konu\u015fulmas\u0131 vs.)\u00a0\u00a0<span style=\"color: #0000ff;\"><strong>15 \u015eubat 2013<\/strong><\/span><span style=\"color: #000000;\"><span style=\"color: #0000ff;\"><strong>\u00a0tarihine kadar<\/strong><\/span>, bask\u0131ya elveri\u015fli \u00e7\u00f6z\u00fcn\u00fcrl\u00fckte ve A4 \u00f6l\u00e7\u00fclerinden k\u00fc\u00e7\u00fck olmamak \u00fczere <strong><a href=\"mailto:karderizmir@hotmail.com\"><span style=\"color: #000000;\">karderizmir@hotmail.com<\/span><\/a><\/strong> adresine g\u00f6nderilmelidir. <\/span><\/p>\n<p style=\"text-align: justify;\">Sergi, Mart ay\u0131n\u0131n son pazartesi g\u00fcn\u00fc ba\u015flayan <a href=\"http:\/\/www.bbyhaber.com\/bby\/category\/kutuphane-haftasi\/\">K\u00fct\u00fcphane Haftas\u0131<\/a> i\u00e7inde a\u00e7\u0131lacak, kitab\u0131n da\u011f\u0131t\u0131m\u0131 da ayn\u0131 hafta i\u00e7inde ger\u00e7ekle\u015ftirilecektir.<\/p>\n","protected":false},"excerpt":{"rendered":"<p>TKD \u0130zmir \u015eubesi ve\u00a0Karikat\u00fcrc\u00fcler Derne\u011fi \u0130zmir\u00a0Temsilcili\u011fi ile birlikte i\u015f birli\u011fi yaparak, mesleki sorunlar\u0131m\u0131z\u0131 i\u00e7eren karikat\u00fcrlerin \u00e7izilmesine y\u00f6nelik\u00a0bir \u00e7al\u0131\u015fma ba\u015flatm\u0131\u015f bulunmaktad\u0131r. Bu ba\u011flamda fark\u0131na vard\u0131\u011f\u0131n\u0131z, ba\u015f\u0131n\u0131za gelen veya g\u00f6rd\u00fc\u011f\u00fcn\u00fcz her t\u00fcrl\u00fc mesleki sorunumuzu maddeleyerek k\u0131sa c\u00fcmleler halinde<\/p>\n","protected":false},"author":1,"featured_media":0,"comment_status":"open","ping_status":"open","sticky":false,"template":"","format":"standard","meta":{"footnotes":""},"categories":[1],"tags":[1422],"class_list":["post-8199","post","type-post","status-publish","format-standard","hentry","category-genel","tag-tkd-izmir"],"_links":{"self":[{"href":"https:\/\/www.bbyhaber.com\/bby\/wp-json\/wp\/v2\/posts\/8199"}],"collection":[{"href":"https:\/\/www.bbyhaber.com\/bby\/wp-json\/wp\/v2\/posts"}],"about":[{"href":"https:\/\/www.bbyhaber.com\/bby\/wp-json\/wp\/v2\/types\/post"}],"author":[{"embeddable":true,"href":"https:\/\/www.bbyhaber.com\/bby\/wp-json\/wp\/v2\/users\/1"}],"replies":[{"embeddable":true,"href":"https:\/\/www.bbyhaber.com\/bby\/wp-json\/wp\/v2\/comments?post=8199"}],"version-history":[{"count":0,"href":"https:\/\/www.bbyhaber.com\/bby\/wp-json\/wp\/v2\/posts\/8199\/revisions"}],"wp:attachment":[{"href":"https:\/\/www.bbyhaber.com\/bby\/wp-json\/wp\/v2\/media?parent=8199"}],"wp:term":[{"taxonomy":"category","embeddable":true,"href":"https:\/\/www.bbyhaber.com\/bby\/wp-json\/wp\/v2\/categories?post=8199"},{"taxonomy":"post_tag","embeddable":true,"href":"https:\/\/www.bbyhaber.com\/bby\/wp-json\/wp\/v2\/tags?post=8199"}],"curies":[{"name":"wp","href":"https:\/\/api.w.org\/{rel}","templated":true}]}}