{"id":817,"date":"2011-05-10T21:30:11","date_gmt":"2011-05-10T21:30:11","guid":{"rendered":"http:\/\/www.bbyhaber.com\/bby\/?p=817"},"modified":"2011-11-15T21:31:00","modified_gmt":"2011-11-15T21:31:00","slug":"antalyada-engelli-danisma-merkezi-ve-gorme-engelliler-kutuphanesi-acildi","status":"publish","type":"post","link":"https:\/\/www.bbyhaber.com\/bby\/2011\/05\/10\/antalyada-engelli-danisma-merkezi-ve-gorme-engelliler-kutuphanesi-acildi","title":{"rendered":"Antalya&#8217;da Engelli Dan\u0131\u015fma Merkezi ve G\u00f6rme Engelliler K\u00fct\u00fcphanesi A\u00e7\u0131ld\u0131"},"content":{"rendered":"<p style=\"text-align: justify;\" align=\"justify\">Antalya B\u00fcy\u00fck\u015fehir Belediyesi taraf\u0131ndan yapt\u0131r\u0131lan \u2018Engelli Dan\u0131\u015fma Merkezi ve G\u00f6rme Engelliler K\u00fct\u00fcphanesi\u2019 hizmete a\u00e7\u0131ld\u0131. Antalya B\u00fcy\u00fck\u015fehir Belediyesi taraf\u0131ndan yapt\u0131r\u0131lan Engelli Dan\u0131\u015fma Merkezi ve G\u00f6rme Engelliler K\u00fct\u00fcphanesi&#8217;nden yararlanacak engelliler, bilgisayar ortam\u0131nda Bo\u011fazi\u00e7i \u00dcniversitesi K\u00fct\u00fcphanesi&#8217;ne girerek 10 bin sesli kitab\u0131 okuma imkan\u0131na kavu\u015facak. Merkezin bug\u00fcn ger\u00e7ekle\u015ftirilen a\u00e7\u0131l\u0131\u015f\u0131na kat\u0131lan Vali Yard\u0131mc\u0131s\u0131 Mehmet Seyman, Antalya\u2019n\u0131n engelliler i\u00e7in \u00f6zel bir il oldu\u011funu s\u00f6yledi. T\u00fcrkiye \u0130statistik Kurumunun 2010 y\u0131l\u0131 verilerine g\u00f6re, Antalya&#8217;da 30 bin engelli bulundu\u011funu belirten Seyman, bunlar\u0131n aileleriyle birlikte 150 bin ki\u015fi oldu\u011funu ifade etti. Engelliler ve ailelerinin hayatlar\u0131n\u0131 ya\u015fan\u0131labilir k\u0131l\u0131nmas\u0131 i\u00e7in kamudan ve yerel y\u00f6netimden de hizmet beklediklerini belirten Seyman, \u201cAntalya&#8217;da 4 \u00f6zel e\u011fitim okulunda 420 engelli \u00e7ocu\u011fun, 119 \u00f6zel s\u0131n\u0131fta 800 \u00e7ocu\u011fun \u00f6\u011frenim g\u00f6r\u00fcyor. 5 bin 300 engellinin de 25 e\u011fitim ve rehabilitasyon merkezinden yararlan\u0131yor. Engellilere bakmak gibi \u00e7ok kutsi hem de \u00e7ok b\u00fcy\u00fck bir sorumlulu\u011fu yerine getiren 6 bin 100 ailenin devletten beklentisini \u00f6ncelikle kar\u015f\u0131layabilen bir kentiz.\u201d dedi.<\/p>\n<p style=\"text-align: justify;\" align=\"justify\">Antalya B\u00fcy\u00fck\u015fehir Belediye Ba\u015fkan\u0131 Mustafa Akayd\u0131n da caddeleri; g\u00f6rme, y\u00fcr\u00fcme engelliler i\u00e7in yeniden tasarlad\u0131klar\u0131n\u0131 ifade etti. Akayd\u0131n, daha \u00f6ncede \u00c7\u0131plakl\u0131 beldesinde T\u00fcrkiye&#8217;nin en b\u00fcy\u00fck engelli rehabilitasyon merkezini a\u00e7t\u0131klar\u0131n\u0131 hat\u0131rlatt\u0131.<\/p>\n<p style=\"text-align: justify;\" align=\"justify\">A\u00e7\u0131l\u0131\u015fa kat\u0131lan CHP eski Genel Ba\u015fkan\u0131 Deniz Baykal da, Engelli Dan\u0131\u015fma Merkezi ve g\u00f6rme engellilerin k\u00fct\u00fcphane ihtiyac\u0131na cevap verecek merkezin, bundan sonraki giri\u015fimlere \u00f6rnek olmas\u0131n\u0131 diledi. Konu\u015fmalar\u0131n ard\u0131ndan a\u00e7\u0131l\u0131\u015f kurdelesi kesildi. Baykal ve beraberindekiler merkezi gezerek bilgi ald\u0131.\u00a0<strong><\/strong><\/p>\n<p style=\"text-align: justify;\" align=\"justify\">Kaynak: <a href=\"http:\/\/www.haber50.com\/\" target=\"_blank\">http:\/\/www.haber50.com<\/a><\/p>\n","protected":false},"excerpt":{"rendered":"<p>Antalya B\u00fcy\u00fck\u015fehir Belediyesi taraf\u0131ndan yapt\u0131r\u0131lan \u2018Engelli Dan\u0131\u015fma Merkezi ve G\u00f6rme Engelliler K\u00fct\u00fcphanesi\u2019 hizmete a\u00e7\u0131ld\u0131. Antalya B\u00fcy\u00fck\u015fehir Belediyesi taraf\u0131ndan yapt\u0131r\u0131lan Engelli Dan\u0131\u015fma Merkezi ve G\u00f6rme Engelliler K\u00fct\u00fcphanesi&#8217;nden yararlanacak engelliler, bilgisayar ortam\u0131nda Bo\u011fazi\u00e7i \u00dcniversitesi K\u00fct\u00fcphanesi&#8217;ne girerek 10 bin sesli kitab\u0131 okuma imkan\u0131na kavu\u015facak. Merkezin bug\u00fcn ger\u00e7ekle\u015ftirilen a\u00e7\u0131l\u0131\u015f\u0131na kat\u0131lan Vali Yard\u0131mc\u0131s\u0131 Mehmet Seyman, Antalya\u2019n\u0131n engelliler i\u00e7in \u00f6zel bir [&hellip;]<\/p>\n","protected":false},"author":1,"featured_media":0,"comment_status":"open","ping_status":"open","sticky":false,"template":"","format":"standard","meta":{"footnotes":""},"categories":[1484,1485,1,1487],"tags":[],"class_list":["post-817","post","type-post","status-publish","format-standard","hentry","category-engelliler-icin-bilgi-merkezleri","category-engelliler-icin-kutuphane","category-genel","category-gorme-engelli-kutuphane"],"_links":{"self":[{"href":"https:\/\/www.bbyhaber.com\/bby\/wp-json\/wp\/v2\/posts\/817"}],"collection":[{"href":"https:\/\/www.bbyhaber.com\/bby\/wp-json\/wp\/v2\/posts"}],"about":[{"href":"https:\/\/www.bbyhaber.com\/bby\/wp-json\/wp\/v2\/types\/post"}],"author":[{"embeddable":true,"href":"https:\/\/www.bbyhaber.com\/bby\/wp-json\/wp\/v2\/users\/1"}],"replies":[{"embeddable":true,"href":"https:\/\/www.bbyhaber.com\/bby\/wp-json\/wp\/v2\/comments?post=817"}],"version-history":[{"count":0,"href":"https:\/\/www.bbyhaber.com\/bby\/wp-json\/wp\/v2\/posts\/817\/revisions"}],"wp:attachment":[{"href":"https:\/\/www.bbyhaber.com\/bby\/wp-json\/wp\/v2\/media?parent=817"}],"wp:term":[{"taxonomy":"category","embeddable":true,"href":"https:\/\/www.bbyhaber.com\/bby\/wp-json\/wp\/v2\/categories?post=817"},{"taxonomy":"post_tag","embeddable":true,"href":"https:\/\/www.bbyhaber.com\/bby\/wp-json\/wp\/v2\/tags?post=817"}],"curies":[{"name":"wp","href":"https:\/\/api.w.org\/{rel}","templated":true}]}}