{"id":8169,"date":"2012-12-05T10:05:08","date_gmt":"2012-12-05T08:05:08","guid":{"rendered":"http:\/\/www.bbyhaber.com\/bby\/?p=8169"},"modified":"2013-03-06T11:58:58","modified_gmt":"2013-03-06T09:58:58","slug":"arsivci-arsiv-memuru-ve-kutuphaneci-kadrolarinin-emsalleri-belirlendi","status":"publish","type":"post","link":"https:\/\/www.bbyhaber.com\/bby\/2012\/12\/05\/arsivci-arsiv-memuru-ve-kutuphaneci-kadrolarinin-emsalleri-belirlendi","title":{"rendered":"Ar\u015fivci, Ar\u015fiv Memuru ve K\u00fct\u00fcphaneci kadrolar\u0131n\u0131n emsalleri belirlendi"},"content":{"rendered":"<p style=\"text-align: justify;\"><span style=\"color: #ff0000;\"><strong>5 Aral\u0131k 2012 \u00c7AR\u015eAMBA<\/strong><\/span><br \/>\n<span style=\"color: #ff0000;\"><strong> Resm\u00ee Gazete<\/strong><\/span><br \/>\n<span style=\"color: #ff0000;\"><strong> Say\u0131 : 28488<\/strong><\/span><\/p>\n<p style=\"text-align: justify;\">BAKANLAR KURULU KARARI<!--more--><\/p>\n<p style=\"text-align: justify;\">Karar Say\u0131s\u0131 : 2012\/3739<br \/>\nEkli \u201c375 Say\u0131l\u0131 Kanun H\u00fckm\u00fcnde Kararnamenin Ek 11 inci Maddesinin Birinci F\u0131kras\u0131n\u0131n (b) ve (c) Bentleri Kapsam\u0131ndaki Kamu \u0130darelerinde \u0130stihdam Edilen Personelin Mali ve Sosyal Haklar\u0131n\u0131n Belirlenmesinde Emsal Al\u0131nacak Devlet Memuru Kadro Unvanlar\u0131n\u0131n Tespitine \u0130li\u015fkin Karar\u201d\u0131n y\u00fcr\u00fcrl\u00fc\u011fe konulmas\u0131; Maliye Bakanl\u0131\u011f\u0131n\u0131n 23\/8\/2012 tarihli ve 9127 say\u0131l\u0131 yaz\u0131s\u0131 \u00fczerine, 375 say\u0131l\u0131 Kanun H\u00fckm\u00fcnde Kararnamenin ek 11 inci maddesine g\u00f6re, Bakanlar Kurulu\u2019nca 10\/9\/2012 tarihinde kararla\u015ft\u0131r\u0131lm\u0131\u015ft\u0131r.<\/p>\n<p style=\"text-align: justify;\"><strong>375 say\u0131l\u0131 kanun h\u00fckm\u00fcnde kararnamenin ek 11 inci maddesinin Birinci f\u0131kras\u0131n\u0131n (b) ve (c) bentleri kapsam\u0131ndaki kamu \u0130darelerinde istihdam edilen personelin mali ve Sosyal haklar\u0131n\u0131n belirlenmesinde emsal Al\u0131nacak devlet memuru kadro Unvanlar\u0131n\u0131n tespitine \u0130li\u015fkin karar:<\/strong><\/p>\n<p><strong>Emsal kadro unvanlar\u0131n\u0131n belirlenmesi<\/strong><\/p>\n<p style=\"text-align: justify;\"><strong>MADDE 1 \u2013<\/strong> (1) 10\/12\/2003 tarihli ve 5018 say\u0131l\u0131 Kamu Mali Y\u00f6netimi ve Kontrol Kanununa ekli (III) say\u0131l\u0131 cetvelde say\u0131lan d\u00fczenleyici ve denetleyici kurumlar ile Tasarruf Mevduat\u0131 Sigorta Fonu, T\u00fcrk Akreditasyon Kurumu Genel Sekreterli\u011fi, Ulusal Bor Ara\u015ft\u0131rma Enstit\u00fcs\u00fc Ba\u015fkanl\u0131\u011f\u0131, K\u00fc\u00e7\u00fck ve Orta \u00d6l\u00e7ekli \u0130\u015fletmeleri Geli\u015ftirme ve Destekleme \u0130daresi Ba\u015fkanl\u0131\u011f\u0131, T\u00fcrk Standardlar\u0131 Enstit\u00fcs\u00fc Ba\u015fkanl\u0131\u011f\u0131, kalk\u0131nma ajanslar\u0131 ve Mesleki Yeterlilik Kurumu kadro ve pozisyonlar\u0131nda 15\/1\/2012 tarihinden sonra istihdam edilen personelden 27\/6\/1989 tarihli ve 375 say\u0131l\u0131 Kanun H\u00fckm\u00fcnde Kararnamenin ek 11 inci maddesinde emsali belirlenmemi\u015f olanlar\u0131n mali haklar\u0131 ile sosyal hak ve yard\u0131mlar\u0131n\u0131n \u00fcst s\u0131n\u0131r\u0131n\u0131n belirlenmesinde emsal al\u0131nacak Devlet memuru kadrolar\u0131n\u0131n s\u0131n\u0131f ve unvanlar\u0131 ekli (I) say\u0131l\u0131 listede g\u00f6sterilmi\u015ftir.<\/p>\n<p style=\"text-align: justify;\"><strong>Meslek personeli<\/strong><\/p>\n<p style=\"text-align: justify;\"><strong>MADDE 2 \u2013 <\/strong>(1) 375 say\u0131l\u0131 Kanun H\u00fckm\u00fcnde Kararnamenin ek 11 inci maddesinde meslek personeli kapsam\u0131nda Ba\u015fbakanl\u0131k Uzmanlar\u0131 emsal al\u0131nanlar\u0131n kadro veya pozisyon unvanlar\u0131 kurumlar itibar\u0131yla ekli (II) say\u0131l\u0131 listede g\u00f6sterilmi\u015ftir. Bunlar\u0131n yard\u0131mc\u0131lar\u0131 i\u00e7in Ba\u015fbakanl\u0131k Uzman Yard\u0131mc\u0131lar\u0131 emsal al\u0131n\u0131r.<\/p>\n<p style=\"text-align: justify;\"><strong>\u00dccret s\u0131n\u0131r\u0131<\/strong><\/p>\n<p style=\"text-align: justify;\"><strong>MADDE 3 \u2013 <\/strong>(1) Bu Karar\u0131n eki (I) ve (II) say\u0131l\u0131 listelerde emsali belirlenen kadro ve pozisyonlarda istihdam edilen personele, ilgili mevzuat\u0131 uyar\u0131nca \u00f6denen her t\u00fcrl\u00fc maa\u015f, ayl\u0131k, \u00fccret, ek \u00fccret, prim, zam, tazminat, ikramiye, fazla \u00e7al\u0131\u015fma \u00fccreti, k\u00e2r pay\u0131 ve her ne ad alt\u0131nda olursa olsun yap\u0131lan di\u011fer \u00f6demeler ile sosyal hak ve yard\u0131mlar kapsam\u0131nda yap\u0131lan b\u00fct\u00fcn ayni ve nakdi \u00f6demelerin bir ayl\u0131k toplam net tutar\u0131, emsal olarak belirlenen Devlet memuruna ilgili mevzuat\u0131nda kadrosuna ba\u011fl\u0131 olarak mali haklar ile sosyal hak ve yard\u0131mlar kapsam\u0131nda yap\u0131lmas\u0131 \u00f6ng\u00f6r\u00fclen \u00f6demelerin bir ayl\u0131k toplam net tutar\u0131n\u0131 ge\u00e7emez. Kurumlar, ilgili mevzuat\u0131 \u00e7er\u00e7evesinde hiyerar\u015fik yap\u0131y\u0131 bozmamak kayd\u0131yla s\u00f6z konusu tutar\u0131n alt\u0131nda bir \u00fccret belirleyebilir.<\/p>\n<p style=\"text-align: justify;\">(2) Yap\u0131labilecek \u00f6demelerin \u00fcst s\u0131n\u0131r\u0131n\u0131n tespitinde, ekli (I) ve (II) say\u0131l\u0131 listelerde kadro ve pozisyon unvanlar\u0131 yer alanlar i\u00e7in emsal olarak belirlenen kadro unvan\u0131nda bulunan ve e\u011fitim d\u00fczeyi ile hizmet s\u00fcresi itibar\u0131yla ayn\u0131 durumda olan Devlet memuruna yap\u0131lan \u00f6demeler esas al\u0131n\u0131r.<\/p>\n<p style=\"text-align: justify;\"><strong>Y\u00fcr\u00fcrl\u00fck<\/strong><\/p>\n<p style=\"text-align: justify;\"><strong>MADDE 4 \u2013 <\/strong>(1) Bu Karar, 15\/1\/2012 tarihinden ge\u00e7erli olmak \u00fczere yay\u0131m\u0131 tarihinde y\u00fcr\u00fcrl\u00fc\u011fe girer.<\/p>\n<p style=\"text-align: justify;\"><strong>Y\u00fcr\u00fctme<\/strong><\/p>\n<p style=\"text-align: justify;\"><strong>MADDE 5 \u2013 <\/strong>(1) Bu Karar h\u00fck\u00fcmlerini Bakanlar Kurulu y\u00fcr\u00fct\u00fcr.<\/p>\n<p><strong><span style=\"color: #0000ff;\">Karara g\u00f6re s\u00f6z konusu kurumlardaki kadro ve pozisyonuna g\u00f6re emsal al\u0131nacak devlet memuru kadrolar\u0131ndan Bilgi ve Belge Y\u00f6netimi&#8217;ni ilgilendiren k\u0131s\u0131mlar\u0131:<\/span><\/strong><\/p>\n<table style=\"width: 500px;\" border=\"1\" cellspacing=\"1\" cellpadding=\"1\">\n<tbody>\n<tr>\n<td><strong>Kadrosu ve pozisyon Unvan\u0131<\/strong><\/td>\n<td><strong>Hizmet S\u0131n\u0131f\u0131<\/strong><\/td>\n<td><strong>Emsal Al\u0131nacak Devlet Memuru Kadrosunun Unvan\u0131<\/strong><\/td>\n<\/tr>\n<tr>\n<td>Ar\u015fivci<\/td>\n<td>Teknik Hizmetler (TH)<\/td>\n<td>K\u00fct\u00fcphaneci<\/td>\n<\/tr>\n<tr>\n<td>Ar\u015fiv Memuru<\/td>\n<td>Genel \u0130dari Hizmetler (G\u0130H)<\/td>\n<td>Ar\u015fiv Memuru<\/td>\n<\/tr>\n<tr>\n<td><span style=\"font-size: 13px;\">K\u00fct\u00fcphaneci <\/span><\/td>\n<td>TH<\/td>\n<td><span style=\"font-size: 13px;\">K\u00fct\u00fcphaneci <\/span><\/td>\n<\/tr>\n<\/tbody>\n<\/table>\n<p>Kaynak: Resmi Gazete<\/p>\n","protected":false},"excerpt":{"rendered":"<p>5 Aral\u0131k 2012 \u00c7AR\u015eAMBA Resm\u00ee Gazete Say\u0131 : 28488 BAKANLAR KURULU KARARI<\/p>\n","protected":false},"author":1,"featured_media":0,"comment_status":"open","ping_status":"open","sticky":false,"template":"","format":"standard","meta":{"footnotes":""},"categories":[1605],"tags":[1096,1398],"class_list":["post-8169","post","type-post","status-publish","format-standard","hentry","category-teknik-kadro-arsivciler","tag-arsivcilik","tag-bby-ozluk-haklari"],"_links":{"self":[{"href":"https:\/\/www.bbyhaber.com\/bby\/wp-json\/wp\/v2\/posts\/8169"}],"collection":[{"href":"https:\/\/www.bbyhaber.com\/bby\/wp-json\/wp\/v2\/posts"}],"about":[{"href":"https:\/\/www.bbyhaber.com\/bby\/wp-json\/wp\/v2\/types\/post"}],"author":[{"embeddable":true,"href":"https:\/\/www.bbyhaber.com\/bby\/wp-json\/wp\/v2\/users\/1"}],"replies":[{"embeddable":true,"href":"https:\/\/www.bbyhaber.com\/bby\/wp-json\/wp\/v2\/comments?post=8169"}],"version-history":[{"count":0,"href":"https:\/\/www.bbyhaber.com\/bby\/wp-json\/wp\/v2\/posts\/8169\/revisions"}],"wp:attachment":[{"href":"https:\/\/www.bbyhaber.com\/bby\/wp-json\/wp\/v2\/media?parent=8169"}],"wp:term":[{"taxonomy":"category","embeddable":true,"href":"https:\/\/www.bbyhaber.com\/bby\/wp-json\/wp\/v2\/categories?post=8169"},{"taxonomy":"post_tag","embeddable":true,"href":"https:\/\/www.bbyhaber.com\/bby\/wp-json\/wp\/v2\/tags?post=8169"}],"curies":[{"name":"wp","href":"https:\/\/api.w.org\/{rel}","templated":true}]}}