{"id":813,"date":"2011-06-07T21:24:55","date_gmt":"2011-06-07T21:24:55","guid":{"rendered":"http:\/\/www.bbyhaber.com\/bby\/?p=813"},"modified":"2013-03-11T09:57:00","modified_gmt":"2013-03-11T07:57:00","slug":"gorme-engelliler-turkiyede-basilan-tum-kitaplari-istiyor","status":"publish","type":"post","link":"https:\/\/www.bbyhaber.com\/bby\/2011\/06\/07\/gorme-engelliler-turkiyede-basilan-tum-kitaplari-istiyor","title":{"rendered":"G\u00f6rme engelliler T\u00fcrkiye&#8217;de bas\u0131lan t\u00fcm kitaplar\u0131 istiyor"},"content":{"rendered":"<p style=\"text-align: justify;\" align=\"justify\">Akdeniz \u00dcniversitesi&#8217;nin ev sahipli\u011fi yapt\u0131\u011f\u0131 G\u00f6rme Engelli K\u00fct\u00fcphaneleri 7. E\u015fg\u00fcd\u00fcm Toplant\u0131s\u0131na, Ba\u015fbakanl\u0131k \u00d6z\u00fcrl\u00fcler \u0130daresi, Milli K\u00fct\u00fcphane, Bo\u011fazi\u00e7i \u00dcniversitesi, \u0130stanbul B\u00fcy\u00fck\u015fehir Belediyesi, Antalya B\u00fcy\u00fck\u015fehir Belediyesi, \u0130zmir \u0130l Halk K\u00fct\u00fcphanesi ile Alt\u0131 Nokta K\u00f6rler Derne\u011fi&#8217;nden temsilciler kat\u0131ld\u0131.<!--more--><\/p>\n<p style=\"text-align: justify;\" align=\"justify\">Toplant\u0131yla ilgili AA muhabirine bilgi veren Bo\u011fazi\u00e7i \u00dcniversitesi G\u00f6rme Engelliler Teknoloji ve E\u011fitim Merkezi (GETEM) Direkt\u00f6r\u00fc Engin Y\u0131lmaz, T\u00fcrkiye&#8217;de g\u00f6rme engelliler i\u00e7in k\u00fct\u00fcphane olu\u015fturma \u00e7abas\u0131n\u0131, &#8221;Koca bir denizdeki suyu tatl\u0131 suya \u00e7evirmeye \u00e7al\u0131\u015fmak gibi. O kadak \u00e7ok suyun sadece birka\u00e7 gram\u0131n\u0131 tatl\u0131 suya \u00e7evirebiliyoruz&#8221; diye tan\u0131mlad\u0131.<\/p>\n<p style=\"text-align: justify;\" align=\"justify\">\u00c7o\u011funlukla g\u00f6n\u00fcll\u00fclere kitap okutularak g\u00f6rme engelliler k\u00fct\u00fcphanesi olu\u015fturulmaya \u00e7al\u0131\u015f\u0131lan g\u00fcn\u00fcm\u00fcz ko\u015fullar\u0131nda bundan daha fazlas\u0131n\u0131 yapman\u0131n m\u00fcmk\u00fcn olmad\u0131\u011f\u0131n\u0131 kaydeden Engin Y\u0131lmaz, &#8221;Bizim okuma hakk\u0131m\u0131z ihlal ediliyor. Yay\u0131nevleri kitaplar\u0131, bizim yararlanabilece\u011fimiz sesli veya bilgisayar ortam\u0131nda e-kitap formatlar\u0131nda sunmuyor. Oysa g\u00f6rme engelliler, ekran okuyucu programlar\u0131 yard\u0131m\u0131yla bilgisayar ortam\u0131ndaki her t\u00fcrl\u00fc metni okuyabilirler&#8221; dedi.<\/p>\n<p style=\"text-align: justify;\" align=\"justify\">Baz\u0131 yay\u0131nevlerinin, \u00fcrettikleri birka\u00e7 kitab\u0131 se\u00e7ip e- kitap \u015feklinde sundu\u011funu ifade eden Y\u0131lmaz, &#8221;Biz \u00f6yle istemiyoruz. Ansiklopedisinden roman\u0131na kadar \u00fcrettikleri her kitab\u0131, g\u00f6rme engelli ki\u015filerin eri\u015febilece\u011fi formatta yaps\u0131nlar&#8221; diye konu\u015ftu.<\/p>\n<p style=\"text-align: justify;\" align=\"justify\">T\u00fcrkiye&#8217;de 400 bin civar\u0131nda g\u00f6rme engellinin bulundu\u011funa dikkati \u00e7eken Engin Y\u0131lmaz, g\u00f6rme engelli bireylerde kitap okuma oran\u0131n\u0131n g\u00f6ren ki\u015filere oranla \u00e7ok y\u00fcksek olmas\u0131na ra\u011fmen g\u00f6rme engellilerin kitap okuyamad\u0131\u011f\u0131n\u0131 s\u00f6yledi. Y\u0131lmaz, Birle\u015fmi\u015f Milletler &#8216;Sakat Haklar\u0131 S\u00f6zle\u015fmesi&#8217;nde bilgiye eri\u015fimin bir hak olarak tan\u0131mland\u0131\u011f\u0131n\u0131 s\u00f6zlerine ekledi.<\/p>\n<p style=\"text-align: justify;\" align=\"justify\">Milli K\u00fct\u00fcphane Konu\u015fan Kitapl\u0131k G\u00f6rme Engelliler Merkezi \u015eefi Ramazan Bak\u0131rc\u0131, Avrupa \u00fclkelerinde, g\u00f6rmeyenlerin okumas\u0131n\u0131 sa\u011flamak i\u00e7in \u00e7ok ciddi b\u00fct\u00e7eler ayr\u0131ld\u0131\u011f\u0131na i\u015faret etti.<\/p>\n<p style=\"text-align: justify;\" align=\"justify\">2008 y\u0131l\u0131nda Londra&#8217;da g\u00f6rme engelliler yarar\u0131na hizmet veren Royal National Istutite Of Blind People adl\u0131 kurumu ziyaret etti\u011fini belirterek, &#8221;Sadece orada 20 bin sesli, 70 bin civar\u0131nda da Braille (k\u00f6rler alfabesi) ile haz\u0131rlanm\u0131\u015f kitaplar\u0131 vard\u0131. T\u00fcrkiye&#8217;de ise Braille ile kitap \u00fcreten sadece bir tek matbaa var. O da Milli E\u011fitim Bakanl\u0131\u011f\u0131 b\u00fcnyesinde hizmet veriyor. Sadece ders ders kitab\u0131 \u00fcretebiliyor. Sosyal ama\u00e7l\u0131 kitap \u00fcretemiyor&#8221; dedi.<\/p>\n<p style=\"text-align: justify;\" align=\"justify\">Alt\u0131 Nokta K\u00f6rlere Hizmet Vakf\u0131 Sekreteri \u015eule Sepin, baz\u0131 yazarlar\u0131n kitaplar\u0131n\u0131 g\u00f6rme engelliler i\u00e7in kendilerinin seslendirdi\u011fini vurgulayarak, yay\u0131nevlerinin yazarlar\u0131n\u0131 buna da \u00f6zendirebilece\u011fini s\u00f6yledi.<\/p>\n<p style=\"text-align: justify;\" align=\"justify\">Akdeniz \u00dcniversitesi K\u00fct\u00fcphane ve Dok\u00fcmantasyon Daire Ba\u015fkan\u0131 Nevzat Saban ise G\u00f6rme Engelli K\u00fct\u00fcphaneleri 7. E\u015fg\u00fcd\u00fcm Toplant\u0131s\u0131&#8217;na kat\u0131lan \u00fcyelerinin, Anadolu \u00dcniversitesi A\u00e7\u0131k \u00d6\u011fretim Fak\u00fcltesi&#8217;ne yaz\u0131l\u0131 olarak ba\u015fvuru yaparak, yay\u0131nlad\u0131klar\u0131 ders kitaplar\u0131n\u0131n bir kopyas\u0131n\u0131n sesli ya da g\u00f6rme engelliler taraf\u0131ndan okunabilir formatta \u00fcretilmesi konusunun talep edilmesini kararla\u015ft\u0131rd\u0131\u011f\u0131n\u0131 bildirdi.<strong><\/strong><\/p>\n<p>Kaynak: http:\/\/www.zaman.com.tr\/<\/p>\n","protected":false},"excerpt":{"rendered":"<p>Akdeniz \u00dcniversitesi&#8217;nin ev sahipli\u011fi yapt\u0131\u011f\u0131 G\u00f6rme Engelli K\u00fct\u00fcphaneleri 7. E\u015fg\u00fcd\u00fcm Toplant\u0131s\u0131na, Ba\u015fbakanl\u0131k \u00d6z\u00fcrl\u00fcler \u0130daresi, Milli K\u00fct\u00fcphane, Bo\u011fazi\u00e7i \u00dcniversitesi, \u0130stanbul B\u00fcy\u00fck\u015fehir Belediyesi, Antalya B\u00fcy\u00fck\u015fehir Belediyesi, \u0130zmir \u0130l Halk K\u00fct\u00fcphanesi ile Alt\u0131 Nokta K\u00f6rler Derne\u011fi&#8217;nden temsilciler kat\u0131ld\u0131.<\/p>\n","protected":false},"author":1,"featured_media":0,"comment_status":"open","ping_status":"open","sticky":false,"template":"","format":"standard","meta":{"footnotes":""},"categories":[1484,1485,1,1487],"tags":[],"class_list":["post-813","post","type-post","status-publish","format-standard","hentry","category-engelliler-icin-bilgi-merkezleri","category-engelliler-icin-kutuphane","category-genel","category-gorme-engelli-kutuphane"],"_links":{"self":[{"href":"https:\/\/www.bbyhaber.com\/bby\/wp-json\/wp\/v2\/posts\/813"}],"collection":[{"href":"https:\/\/www.bbyhaber.com\/bby\/wp-json\/wp\/v2\/posts"}],"about":[{"href":"https:\/\/www.bbyhaber.com\/bby\/wp-json\/wp\/v2\/types\/post"}],"author":[{"embeddable":true,"href":"https:\/\/www.bbyhaber.com\/bby\/wp-json\/wp\/v2\/users\/1"}],"replies":[{"embeddable":true,"href":"https:\/\/www.bbyhaber.com\/bby\/wp-json\/wp\/v2\/comments?post=813"}],"version-history":[{"count":0,"href":"https:\/\/www.bbyhaber.com\/bby\/wp-json\/wp\/v2\/posts\/813\/revisions"}],"wp:attachment":[{"href":"https:\/\/www.bbyhaber.com\/bby\/wp-json\/wp\/v2\/media?parent=813"}],"wp:term":[{"taxonomy":"category","embeddable":true,"href":"https:\/\/www.bbyhaber.com\/bby\/wp-json\/wp\/v2\/categories?post=813"},{"taxonomy":"post_tag","embeddable":true,"href":"https:\/\/www.bbyhaber.com\/bby\/wp-json\/wp\/v2\/tags?post=813"}],"curies":[{"name":"wp","href":"https:\/\/api.w.org\/{rel}","templated":true}]}}