{"id":8099,"date":"2012-12-01T15:11:29","date_gmt":"2012-12-01T13:11:29","guid":{"rendered":"http:\/\/www.bbyhaber.com\/bby\/?p=8099"},"modified":"2012-12-01T15:11:29","modified_gmt":"2012-12-01T13:11:29","slug":"usak-universitesinin-merkez-kutuphanesi-2013-yilinda-hizmete-acilacak","status":"publish","type":"post","link":"https:\/\/www.bbyhaber.com\/bby\/2012\/12\/01\/usak-universitesinin-merkez-kutuphanesi-2013-yilinda-hizmete-acilacak","title":{"rendered":"U\u015fak \u00dcniversitesi&#8217;nin Merkez K\u00fct\u00fcphanesi 2013 Y\u0131l\u0131nda Hizmete A\u00e7\u0131lacak"},"content":{"rendered":"<p style=\"text-align: justify;\"><a href=\"http:\/\/www.usakcity.com\/images\/haberler\/merkez_kutuphane_2013_yilinda_hizmete_acilacak_h2684.jpg\"><img loading=\"lazy\" decoding=\"async\" class=\"alignleft\" src=\"http:\/\/www.usakcity.com\/images\/haberler\/merkez_kutuphane_2013_yilinda_hizmete_acilacak_h2684.jpg\" alt=\"\" width=\"237\" height=\"118\" \/><\/a>U\u015fak \u00dcniversitesi Rekt\u00f6r\u00fc Prof. Dr. Sait \u00c7elik, in\u015fas\u0131 devam eden Merkez K\u00fct\u00fcphanesi\u2019ni 2013 y\u0131l\u0131nda hizmete a\u00e7acaklar\u0131n\u0131 s\u00f6yledi. Mimari ve teknik \u00f6zellikleri a\u00e7\u0131dan T\u00fcrkiye\u2019deki en iyi bir ka\u00e7 k\u00fct\u00fcphaneden birine sahip olacaklar\u0131n\u0131 da belirten Rekt\u00f6r \u00e7elik, \u201cK\u00fct\u00fcphane halk\u0131n kullan\u0131m\u0131na da a\u00e7\u0131k olacak\u201d dedi.<!--more--><\/p>\n<p style=\"text-align: justify;\">Zengin i\u00e7erikli bir k\u00fct\u00fcphaneye sahip olmay\u0131 planlad\u0131klar\u0131n\u0131 belirten Rekt\u00f6r \u00c7elik, k\u00fct\u00fcphane sayesinde veri taban\u0131 ve elektronik yay\u0131n say\u0131s\u0131n\u0131 art\u0131rmak istediklerini ifade etti. U\u015fak \u00dcniversitesi\u2019nin 35 bin adet bas\u0131l\u0131 kitaba sahip oldu\u011funu ve y\u0131l sonunda 50 bin bas\u0131l\u0131 kitap say\u0131s\u0131na ula\u015fmay\u0131 hedeflediklerini de belirten Rekt\u00f6r \u00c7elik, \u201cU\u015fak \u00dcniversitesi K\u00fct\u00fcphanesi 41 adet veri taban\u0131yla toplam 2 milyon 430 bin e-kitaba sahip\u201d dedi.<\/p>\n<p style=\"text-align: justify;\">Merkez k\u00fct\u00fcphanesinin zemin art\u0131 4 kat olarak in\u015fa edilece\u011fini de s\u00f6yleyen Sait \u00c7elik, \u201cOturma kapasitesi yakla\u015f\u0131k 800 ki\u015fi olarak planland\u0131. Zemin katta 120, birinci katta 144, ikinci katta 33 ki\u015filik olmak \u00fczere toplam \u00fc\u00e7 adet okuma salonu var. K\u00fct\u00fcphanemizde 18 adet ki\u015fisel \u00e7al\u0131\u015fma odalar\u0131, 11 adet sekiz-on ki\u015filik grup odalar\u0131 ve engelli \u00e7al\u0131\u015fma odas\u0131 yer al\u0131yor. Seminer ve e\u011fitim odas\u0131 olarak kullan\u0131lacak d\u00f6rt adet \u00e7ok ama\u00e7l\u0131 oda ve \u00fc\u00e7 adet de toplant\u0131 odas\u0131 olacak. Ayr\u0131ca \u00fc\u00e7\u00fcnc\u00fc katta sosyal alan olarak planlanan kafeteryam\u0131z \u00f6\u011frencilerimize ve personelimize hizmet verecek. Di\u011fer katlarda dinlenme b\u00f6l\u00fcmleri ve oturma gruplar\u0131 da var&#8221; dedi.<\/p>\n<p style=\"text-align: justify;\">Merkez K\u00fct\u00fcphanesi\u2019nin U\u015fak halk\u0131na da a\u00e7\u0131k olaca\u011f\u0131na kaydeden Rekt\u00f6r \u00c7elik,\u201d Halka a\u00e7\u0131k bir k\u00fct\u00fcphanenin \u00e7ekim merkezi olaca\u011f\u0131n\u0131 d\u00fc\u015f\u00fcn\u00fcyoruz. \u00dcniversitemiz 35 bin adet bas\u0131l\u0131 kitaba sahip. Y\u0131l sonunda yakla\u015f\u0131k 50 bin bas\u0131l\u0131 kitap say\u0131s\u0131na ula\u015faca\u011f\u0131z. U\u015fak \u00dcniversitesi K\u00fct\u00fcphanesi 41 adet veri taban\u0131yla toplam 2 milyon 430 bin e-kitaba sahip. Bunun 8 bini T\u00fcrk\u00e7e e-kitap. Tam metin e-dergi say\u0131m\u0131z 47 bin 140 adet, indekslenen dergi say\u0131s\u0131 ise 9 milyon 865 bin. Uluslararas\u0131 tam metin tez say\u0131m\u0131z 2 milyon 900 bin, uluslararas\u0131 bildiri say\u0131m\u0131z da 882 bin 700 adet. Her ge\u00e7en g\u00fcn bu say\u0131lar artacak. \u00d6\u011frencilerimiz ve personelimiz istedikleri her t\u00fcrl\u00fc yay\u0131na k\u00fct\u00fcphanemizden ula\u015fabilecek. Merkez k\u00fct\u00fcphanemizde katalog tarama, internette ara\u015ft\u0131rma ve bo\u015f zamanlar\u0131 de\u011ferlendirme ama\u00e7l\u0131 toplam 130 adet bilgisayar, grup \u00e7al\u0131\u015fma ve seminer odalar\u0131 i\u00e7in 13 adet data show ve \u00fc\u00e7 adet multi medya \u00f6zellikli LCD televizyon bulunacak&#8221; dedi.<\/p>\n<p style=\"text-align: justify;\">Kaynak: http:\/\/www.usakcity.com<\/p>\n","protected":false},"excerpt":{"rendered":"<p>U\u015fak \u00dcniversitesi Rekt\u00f6r\u00fc Prof. Dr. Sait \u00c7elik, in\u015fas\u0131 devam eden Merkez K\u00fct\u00fcphanesi\u2019ni 2013 y\u0131l\u0131nda hizmete a\u00e7acaklar\u0131n\u0131 s\u00f6yledi. Mimari ve teknik \u00f6zellikleri a\u00e7\u0131dan T\u00fcrkiye\u2019deki en iyi bir ka\u00e7 k\u00fct\u00fcphaneden birine sahip olacaklar\u0131n\u0131 da belirten Rekt\u00f6r \u00e7elik, \u201cK\u00fct\u00fcphane halk\u0131n kullan\u0131m\u0131na da a\u00e7\u0131k olacak\u201d dedi.<\/p>\n","protected":false},"author":1,"featured_media":0,"comment_status":"open","ping_status":"open","sticky":false,"template":"","format":"standard","meta":{"footnotes":""},"categories":[1],"tags":[1437],"class_list":["post-8099","post","type-post","status-publish","format-standard","hentry","category-genel","tag-univ-arastirma-kutuphaneleri"],"_links":{"self":[{"href":"https:\/\/www.bbyhaber.com\/bby\/wp-json\/wp\/v2\/posts\/8099"}],"collection":[{"href":"https:\/\/www.bbyhaber.com\/bby\/wp-json\/wp\/v2\/posts"}],"about":[{"href":"https:\/\/www.bbyhaber.com\/bby\/wp-json\/wp\/v2\/types\/post"}],"author":[{"embeddable":true,"href":"https:\/\/www.bbyhaber.com\/bby\/wp-json\/wp\/v2\/users\/1"}],"replies":[{"embeddable":true,"href":"https:\/\/www.bbyhaber.com\/bby\/wp-json\/wp\/v2\/comments?post=8099"}],"version-history":[{"count":0,"href":"https:\/\/www.bbyhaber.com\/bby\/wp-json\/wp\/v2\/posts\/8099\/revisions"}],"wp:attachment":[{"href":"https:\/\/www.bbyhaber.com\/bby\/wp-json\/wp\/v2\/media?parent=8099"}],"wp:term":[{"taxonomy":"category","embeddable":true,"href":"https:\/\/www.bbyhaber.com\/bby\/wp-json\/wp\/v2\/categories?post=8099"},{"taxonomy":"post_tag","embeddable":true,"href":"https:\/\/www.bbyhaber.com\/bby\/wp-json\/wp\/v2\/tags?post=8099"}],"curies":[{"name":"wp","href":"https:\/\/api.w.org\/{rel}","templated":true}]}}