{"id":8096,"date":"2012-12-01T11:58:46","date_gmt":"2012-12-01T09:58:46","guid":{"rendered":"http:\/\/www.bbyhaber.com\/bby\/?p=8096"},"modified":"2012-12-01T11:58:58","modified_gmt":"2012-12-01T09:58:58","slug":"kitap-kurduna-kutuphane-kurdu","status":"publish","type":"post","link":"https:\/\/www.bbyhaber.com\/bby\/2012\/12\/01\/kitap-kurduna-kutuphane-kurdu","title":{"rendered":"&#8216;Kitap kurdu&#8217;na k\u00fct\u00fcphane kurdu"},"content":{"rendered":"<p style=\"text-align: justify;\">Adana&#8217;da kitap tutkunu olan ve \u00f6\u011fretmenlerinin &#8216;kitap kurdu&#8217; dedi\u011fi o\u011flu Noyan&#8217;\u0131 5 y\u0131l \u00f6nce kazaya kurban veren Nadiya Esen, \u015fimdi onun ad\u0131na k\u00fct\u00fcphaneler yapt\u0131r\u0131yor. Adana&#8217;da bir sa\u011fl\u0131k merkezinde \u00e7al\u0131\u015fan Nadiya Esen ve di\u015f hekimi Emin Esen \u00e7iftinin tek \u00e7ocu\u011fu olan Noyan Esen, 1995&#8217;te ABD&#8217;de d\u00fcnyaya geldi. Noyan, 3,5 ya\u015f\u0131na kadar konu\u015famad\u0131. Ard\u0131ndan yaz\u0131lar\u0131 okumaya ba\u015flad\u0131. Hi\u00e7bir e\u011fitim almad\u0131\u011f\u0131 halde 4,5 ya\u015f\u0131nda gazete okuyabilir hale geldi. <!--more--><\/p>\n<p style=\"text-align: justify;\">\u00d6\u011fretmenlerinin &#8216;kitap kurdu&#8217; dedi\u011fi Noyan, 2007 y\u0131l\u0131nda Adana&#8217;da ge\u00e7irdi\u011fi trafik kazas\u0131nda hayat\u0131n\u0131 kaybetti. B\u00fcy\u00fck bir ac\u0131 ya\u015fayan Nadiya Esen, 2010 y\u0131l\u0131nda, o\u011flunun en b\u00fcy\u00fck tutkusu olan kitaplarla ilgili bir \u00e7al\u0131\u015fma yapmaya karar verdi. E\u015fi Emin Esen&#8217;in de deste\u011fiyle \u00f6nce, Adana&#8217;n\u0131n Sar\u0131\u00e7am il\u00e7esine ba\u011fl\u0131 Akkuyu K\u00f6y\u00fc \u0130lk\u00f6\u011fretim Okulu&#8217;na k\u00fct\u00fcphane kazand\u0131rd\u0131. Depo olarak kullan\u0131lan bir binay\u0131 ba\u015ftan a\u015fa\u011f\u0131 yenileyip, mobilya ve binlerce kitapla donatan Esen, hemen arkas\u0131ndan Y\u00fcre\u011fir il\u00e7esine k\u00fct\u00fcphane kurmak i\u00e7in harekete ge\u00e7ti.<\/p>\n<p style=\"text-align: justify;\">BA\u015eKALARINI DA YAPACAK<br \/>\nTOK\u0130 K\u00f6pr\u00fcl\u00fc \u0130lk\u00f6\u011fretim Okulu&#8217;na giden Nadiya Esen, buran\u0131n k\u00fct\u00fcphanesini de yapt\u0131rd\u0131. K\u00fct\u00fcphaneleri kurmakla yetinmedi\u011fini, bak\u0131mlar\u0131n\u0131 ve kitap ihtiyac\u0131n\u0131 da giderdi\u011fini belirten Esen, yeni k\u00fct\u00fcphaneler bekledi\u011fini s\u00f6yl\u00fcyor.<\/p>\n<p style=\"text-align: justify;\">Kaynak: http:\/\/www.sabah.com.tr<\/p>\n","protected":false},"excerpt":{"rendered":"<p>Adana&#8217;da kitap tutkunu olan ve \u00f6\u011fretmenlerinin &#8216;kitap kurdu&#8217; dedi\u011fi o\u011flu Noyan&#8217;\u0131 5 y\u0131l \u00f6nce kazaya kurban veren Nadiya Esen, \u015fimdi onun ad\u0131na k\u00fct\u00fcphaneler yapt\u0131r\u0131yor. Adana&#8217;da bir sa\u011fl\u0131k merkezinde \u00e7al\u0131\u015fan Nadiya Esen ve di\u015f hekimi Emin Esen \u00e7iftinin tek \u00e7ocu\u011fu olan Noyan Esen, 1995&#8217;te ABD&#8217;de d\u00fcnyaya geldi. Noyan, 3,5 ya\u015f\u0131na kadar konu\u015famad\u0131. Ard\u0131ndan yaz\u0131lar\u0131 okumaya ba\u015flad\u0131. [&hellip;]<\/p>\n","protected":false},"author":1,"featured_media":0,"comment_status":"open","ping_status":"open","sticky":false,"template":"","format":"standard","meta":{"footnotes":""},"categories":[1],"tags":[845],"class_list":["post-8096","post","type-post","status-publish","format-standard","hentry","category-genel","tag-okul-kutuphaneleri"],"_links":{"self":[{"href":"https:\/\/www.bbyhaber.com\/bby\/wp-json\/wp\/v2\/posts\/8096"}],"collection":[{"href":"https:\/\/www.bbyhaber.com\/bby\/wp-json\/wp\/v2\/posts"}],"about":[{"href":"https:\/\/www.bbyhaber.com\/bby\/wp-json\/wp\/v2\/types\/post"}],"author":[{"embeddable":true,"href":"https:\/\/www.bbyhaber.com\/bby\/wp-json\/wp\/v2\/users\/1"}],"replies":[{"embeddable":true,"href":"https:\/\/www.bbyhaber.com\/bby\/wp-json\/wp\/v2\/comments?post=8096"}],"version-history":[{"count":0,"href":"https:\/\/www.bbyhaber.com\/bby\/wp-json\/wp\/v2\/posts\/8096\/revisions"}],"wp:attachment":[{"href":"https:\/\/www.bbyhaber.com\/bby\/wp-json\/wp\/v2\/media?parent=8096"}],"wp:term":[{"taxonomy":"category","embeddable":true,"href":"https:\/\/www.bbyhaber.com\/bby\/wp-json\/wp\/v2\/categories?post=8096"},{"taxonomy":"post_tag","embeddable":true,"href":"https:\/\/www.bbyhaber.com\/bby\/wp-json\/wp\/v2\/tags?post=8096"}],"curies":[{"name":"wp","href":"https:\/\/api.w.org\/{rel}","templated":true}]}}