{"id":809,"date":"2011-10-03T21:22:54","date_gmt":"2011-10-03T21:22:54","guid":{"rendered":"http:\/\/www.bbyhaber.com\/bby\/?p=809"},"modified":"2012-09-07T13:05:31","modified_gmt":"2012-09-07T10:05:31","slug":"engellilere-kutuphanede-imkanlar","status":"publish","type":"post","link":"https:\/\/www.bbyhaber.com\/bby\/2011\/10\/03\/engellilere-kutuphanede-imkanlar","title":{"rendered":"Bilgiye Eri\u015fimde Engelli De\u011filsiniz Projesi-Elaz\u0131\u011f"},"content":{"rendered":"<p style=\"text-align: justify;\">K\u00fclt\u00fcr ve Turizm Bakanl\u0131\u011f\u0131 K\u00fct\u00fcphaneler ve Yay\u0131mlar Genel M\u00fcd\u00fcrl\u00fc\u011f\u00fc taraf\u0131ndan g\u00f6rme engelli ve az g\u00f6ren vatanda\u015flar i\u00e7in uygulanan &#8220;Bilgiye Eri\u015fimde Engelli De\u011filsiniz Projesi&#8221; kapsam\u0131nda Elaz\u0131\u011f Halk K\u00fct\u00fcphanesi`ne gerekli donan\u0131mlar kuruldu\u011fu bildirildi. \u0130l Halk K\u00fct\u00fcphanesi M\u00fcd\u00fcr\u00fc Ahmet Pirin\u00e7ci, yapt\u0131\u011f\u0131 yaz\u0131l\u0131 a\u00e7\u0131klamada, haz\u0131rlanan projenin az g\u00f6ren ve g\u00f6rme engelli ki\u015filerin bu alandaki teknolojiyi kullanarak halk k\u00fct\u00fcphanelerinden yararlanabilmesi i\u00e7in gerekli bilgisayar programlar\u0131n\u0131n ve donan\u0131m\u0131n\u0131n sa\u011flanmas\u0131 amac\u0131yla hayata ge\u00e7irildi\u011fini bildirdi.<!--more--><\/p>\n<p style=\"text-align: justify;\">Haz\u0131rlanan proje kapsam\u0131nda Elaz\u0131\u011f \u0130l Halk K\u00fct\u00fcphanesi`ne az g\u00f6ren ve g\u00f6rme engeli bulunan kullan\u0131c\u0131lar\u0131n hizmetine sunulmak \u00fczere kitap okuma makinesi, masa \u00fcst\u00fc b\u00fcy\u00fcte\u00e7, sesli ekran okuma program\u0131 ve ekran b\u00fcy\u00fctme program\u0131n\u0131n sat\u0131n al\u0131narak kurulum i\u015flemlerinin tamamland\u0131\u011f\u0131n\u0131 belirten Pirin\u00e7ci, \u015funlar\u0131 kaydetti: &#8220;B\u00f6ylece \u0130l Halk K\u00fct\u00fcphanesi M\u00fcd\u00fcrl\u00fc\u011f\u00fc olarak az g\u00f6ren ve g\u00f6rme engeli bulunan kullan\u0131c\u0131lar\u0131n bilgi kaynaklar\u0131na ula\u015fmas\u0131n\u0131 sa\u011flayarak, ki\u015fisel geli\u015fimlerine ve \u00f6zg\u00fcr zamanlar\u0131n\u0131 de\u011ferlendirmesine katk\u0131da bulunmay\u0131, ailelerine ve e\u011fitim ald\u0131klar\u0131 kurumlara destek olmay\u0131 ama\u00e7lamaktay\u0131z. Art\u0131k az g\u00f6ren ve g\u00f6rme engeli bulunan vatanda\u015flar\u0131m\u0131z da \u0130l Halk K\u00fct\u00fcphanesi M\u00fcd\u00fcrl\u00fc\u011f\u00fcm\u00fcz\u00fcn hizmetlerinden daha verimli bir \u015fekilde yararlanacak ve bilgi edinme ihtiya\u00e7lar\u0131n\u0131 kar\u015f\u0131layacakt\u0131r.&#8221; Pirin\u00e7ci, kentte ya\u015fayan t\u00fcm g\u00f6rme engelli vatanda\u015flar\u0131 bu hizmetten yararlanmalar\u0131 i\u00e7in k\u00fct\u00fcphaneye beklediklerini ifade etti.<\/p>\n<p style=\"text-align: justify;\">Kaynak: http:\/\/www.haberayrinti.com\/<\/p>\n","protected":false},"excerpt":{"rendered":"<p>K\u00fclt\u00fcr ve Turizm Bakanl\u0131\u011f\u0131 K\u00fct\u00fcphaneler ve Yay\u0131mlar Genel M\u00fcd\u00fcrl\u00fc\u011f\u00fc taraf\u0131ndan g\u00f6rme engelli ve az g\u00f6ren vatanda\u015flar i\u00e7in uygulanan &#8220;Bilgiye Eri\u015fimde Engelli De\u011filsiniz Projesi&#8221; kapsam\u0131nda Elaz\u0131\u011f Halk K\u00fct\u00fcphanesi`ne gerekli donan\u0131mlar kuruldu\u011fu bildirildi. \u0130l Halk K\u00fct\u00fcphanesi M\u00fcd\u00fcr\u00fc Ahmet Pirin\u00e7ci, yapt\u0131\u011f\u0131 yaz\u0131l\u0131 a\u00e7\u0131klamada, haz\u0131rlanan projenin az g\u00f6ren ve g\u00f6rme engelli ki\u015filerin bu alandaki teknolojiyi kullanarak halk k\u00fct\u00fcphanelerinden yararlanabilmesi [&hellip;]<\/p>\n","protected":false},"author":1,"featured_media":0,"comment_status":"open","ping_status":"open","sticky":false,"template":"","format":"standard","meta":{"footnotes":""},"categories":[],"tags":[204,848],"class_list":["post-809","post","type-post","status-publish","format-standard","hentry","tag-bilgiye-erisimde-engelli-degilsiniz-projesi","tag-halk-kutuphaneleri"],"_links":{"self":[{"href":"https:\/\/www.bbyhaber.com\/bby\/wp-json\/wp\/v2\/posts\/809"}],"collection":[{"href":"https:\/\/www.bbyhaber.com\/bby\/wp-json\/wp\/v2\/posts"}],"about":[{"href":"https:\/\/www.bbyhaber.com\/bby\/wp-json\/wp\/v2\/types\/post"}],"author":[{"embeddable":true,"href":"https:\/\/www.bbyhaber.com\/bby\/wp-json\/wp\/v2\/users\/1"}],"replies":[{"embeddable":true,"href":"https:\/\/www.bbyhaber.com\/bby\/wp-json\/wp\/v2\/comments?post=809"}],"version-history":[{"count":0,"href":"https:\/\/www.bbyhaber.com\/bby\/wp-json\/wp\/v2\/posts\/809\/revisions"}],"wp:attachment":[{"href":"https:\/\/www.bbyhaber.com\/bby\/wp-json\/wp\/v2\/media?parent=809"}],"wp:term":[{"taxonomy":"category","embeddable":true,"href":"https:\/\/www.bbyhaber.com\/bby\/wp-json\/wp\/v2\/categories?post=809"},{"taxonomy":"post_tag","embeddable":true,"href":"https:\/\/www.bbyhaber.com\/bby\/wp-json\/wp\/v2\/tags?post=809"}],"curies":[{"name":"wp","href":"https:\/\/api.w.org\/{rel}","templated":true}]}}