{"id":807,"date":"2011-10-13T21:20:25","date_gmt":"2011-10-13T21:20:25","guid":{"rendered":"http:\/\/www.bbyhaber.com\/bby\/?p=807"},"modified":"2012-07-01T19:16:26","modified_gmt":"2012-07-01T19:16:26","slug":"gorme-engelliler-de-kutuphanelerden-yararlanacak","status":"publish","type":"post","link":"https:\/\/www.bbyhaber.com\/bby\/2011\/10\/13\/gorme-engelliler-de-kutuphanelerden-yararlanacak","title":{"rendered":"Bilgiye Eri\u015fimde Engelli De\u011filsiniz Projesi-Yozgat"},"content":{"rendered":"<p style=\"text-align: justify;\" align=\"justify\">Yozgat K\u00fclt\u00fcr ve Turizm M\u00fcd\u00fcrl\u00fc\u011f\u00fc, Halk K\u00fct\u00fcphanesi&#8217;nde g\u00f6rme engelli ve az g\u00f6ren vatanda\u015flar\u0131n kitap okumalar\u0131n\u0131 kolayla\u015ft\u0131rmak amac\u0131yla gerekli donan\u0131m\u0131 kurdu. \u0130l Halk K\u00fct\u00fcphanesi M\u00fcd\u00fcr\u00fc Mustafa Karabacak, yapt\u0131\u011f\u0131 a\u00e7\u0131klamada g\u00f6rme engelli vatanda\u015flara y\u00f6nelik ba\u015flat\u0131lan okuma, bulmaca \u00e7\u00f6zme, resim \u00e7izme, el i\u015fleri yapma ve benzeri g\u00fcnl\u00fck faaliyetleri ba\u015fkas\u0131na ba\u011f\u0131ml\u0131 olmadan yapabilme imkan\u0131 sunan sistemin kuruldu\u011funu s\u00f6yledi.<!--more--><\/p>\n<p style=\"text-align: justify;\">Karabacak, &#8220;K\u00fct\u00fcphaneler ve Yay\u0131mlar Genel M\u00fcd\u00fcrl\u00fc\u011f\u00fcnce s\u00fcrd\u00fcr\u00fclen \u2018Bilgiye Eri\u015fimde Engelli De\u011filsiniz (B\u0130LED) Projesi\u2019nin g\u00f6rme engelli ki\u015filerin k\u00fct\u00fcphane hizmetlerinden azami d\u00fczeyde faydalanmalar\u0131na imkan sa\u011flamak \u00fczere \u00fclkemiz genelinde ba\u015flat\u0131lan uygulama ile ilimizde de bu sistemi haz\u0131rlad\u0131k. K\u00fct\u00fcphanemizde g\u00f6rme engelliler i\u00e7in sesli ekran okuma program\u0131, ekran b\u00fcy\u00fctme program\u0131 ile masa \u00fcst\u00fc b\u00fcy\u00fcte\u00e7 sistemi ve kitap okuma makinesi ald\u0131k. Bu cihazlardan biri az g\u00f6rme yetisi olan ki\u015filerin kitap okuma ya da ara\u015ft\u0131rma yapmas\u0131na imkan sa\u011fl\u0131yor. Cihaz yaz\u0131lar\u0131 80 kat b\u00fcy\u00fctebiliyor, \u00fc\u00e7 farkl\u0131 g\u00f6r\u00fcnt\u00fcleme modu (renkli, siyah zemin \u00fczerine beyaz, beyaz zemin \u00fczerine de siyah) de\u011fi\u015ftirme \u00f6zellikleri de bulunmaktad\u0131r. Bu vesile t\u00fcm g\u00f6rme engelli vatanda\u015flar\u0131m\u0131z\u0131 kurulan bu cihaz\u0131m\u0131zdan faydalanmaya davet ediyoruz.&#8221; dedi. Karabacak, Yozgat Engelliler Derne\u011fi Ba\u015fkanl\u0131\u011f\u0131yla irtibata ge\u00e7erek g\u00f6rme engeli bulunan vatanda\u015flar\u0131n k\u00fct\u00fcphanelerden faydalanmalar\u0131n\u0131 sa\u011flayacaklar\u0131n\u0131 s\u00f6zlerine ekledi.<\/p>\n<p>Kaynak: <a href=\"http:\/\/www.haberdar.com\/\" target=\"_blank\">http:\/\/www.haberdar.com\/<\/a><\/p>\n","protected":false},"excerpt":{"rendered":"<p>Yozgat K\u00fclt\u00fcr ve Turizm M\u00fcd\u00fcrl\u00fc\u011f\u00fc, Halk K\u00fct\u00fcphanesi&#8217;nde g\u00f6rme engelli ve az g\u00f6ren vatanda\u015flar\u0131n kitap okumalar\u0131n\u0131 kolayla\u015ft\u0131rmak amac\u0131yla gerekli donan\u0131m\u0131 kurdu. \u0130l Halk K\u00fct\u00fcphanesi M\u00fcd\u00fcr\u00fc Mustafa Karabacak, yapt\u0131\u011f\u0131 a\u00e7\u0131klamada g\u00f6rme engelli vatanda\u015flara y\u00f6nelik ba\u015flat\u0131lan okuma, bulmaca \u00e7\u00f6zme, resim \u00e7izme, el i\u015fleri yapma ve benzeri g\u00fcnl\u00fck faaliyetleri ba\u015fkas\u0131na ba\u011f\u0131ml\u0131 olmadan yapabilme imkan\u0131 sunan sistemin kuruldu\u011funu s\u00f6yledi.<\/p>\n","protected":false},"author":1,"featured_media":0,"comment_status":"open","ping_status":"open","sticky":false,"template":"","format":"standard","meta":{"footnotes":""},"categories":[1],"tags":[204],"class_list":["post-807","post","type-post","status-publish","format-standard","hentry","category-genel","tag-bilgiye-erisimde-engelli-degilsiniz-projesi"],"_links":{"self":[{"href":"https:\/\/www.bbyhaber.com\/bby\/wp-json\/wp\/v2\/posts\/807"}],"collection":[{"href":"https:\/\/www.bbyhaber.com\/bby\/wp-json\/wp\/v2\/posts"}],"about":[{"href":"https:\/\/www.bbyhaber.com\/bby\/wp-json\/wp\/v2\/types\/post"}],"author":[{"embeddable":true,"href":"https:\/\/www.bbyhaber.com\/bby\/wp-json\/wp\/v2\/users\/1"}],"replies":[{"embeddable":true,"href":"https:\/\/www.bbyhaber.com\/bby\/wp-json\/wp\/v2\/comments?post=807"}],"version-history":[{"count":0,"href":"https:\/\/www.bbyhaber.com\/bby\/wp-json\/wp\/v2\/posts\/807\/revisions"}],"wp:attachment":[{"href":"https:\/\/www.bbyhaber.com\/bby\/wp-json\/wp\/v2\/media?parent=807"}],"wp:term":[{"taxonomy":"category","embeddable":true,"href":"https:\/\/www.bbyhaber.com\/bby\/wp-json\/wp\/v2\/categories?post=807"},{"taxonomy":"post_tag","embeddable":true,"href":"https:\/\/www.bbyhaber.com\/bby\/wp-json\/wp\/v2\/tags?post=807"}],"curies":[{"name":"wp","href":"https:\/\/api.w.org\/{rel}","templated":true}]}}