{"id":8052,"date":"2012-11-30T09:15:17","date_gmt":"2012-11-30T07:15:17","guid":{"rendered":"http:\/\/www.bbyhaber.com\/bby\/?p=8052"},"modified":"2012-12-16T18:01:21","modified_gmt":"2012-12-16T16:01:21","slug":"izmir-milli-kutuphane-geleneksel-persembe-konferanslari","status":"publish","type":"post","link":"https:\/\/www.bbyhaber.com\/bby\/2012\/11\/30\/izmir-milli-kutuphane-geleneksel-persembe-konferanslari","title":{"rendered":"\u0130zmir Milli K\u00fct\u00fcphane Geleneksel Per\u015fembe Konferanslar\u0131"},"content":{"rendered":"<p style=\"text-align: justify;\"><img loading=\"lazy\" decoding=\"async\" class=\"alignleft\" src=\"http:\/\/www.izmirmillikutuphane.com\/resimler\/resimyok.jpg\" alt=\"\" width=\"154\" height=\"96\" \/>Aral\u0131k ay\u0131nda\u00a0 <a href=\"http:\/\/www.izmirmillikutuphane.com\" target=\"_blank\">\u0130zmir Milli K\u00fct\u00fcphane<\/a>&#8216;de Geleneksel Per\u015fembe Konferanslar\u0131 d\u00fczenlenecektir.<\/p>\n<p><strong>Tarih: 06.12.2012<\/strong><\/p>\n<p>Konu: T\u00fcrkiye B\u00fct\u00fck Millet Meclisi \u00c7alisma Sekli<!--more--><\/p>\n<p>Konusmac\u0131: Metin \u00d6NEY (T\u00fcrk Parlementerler Birligi Izmir Sube Baskani)<\/p>\n<p><strong>Tarih: 13.12.2012<\/strong><\/p>\n<p>Konu: Atat\u00fcrk\u00e7\u00fc D\u00fcs\u00fcnce Sistemi<\/p>\n<p>Konusmac\u0131: Prof. Dr. Halil \u00c7IVI<\/p>\n<p><strong>Tarih: 20.12.2012<\/strong><\/p>\n<p>Konu: T\u00fcrk K\u00fclt\u00fcr\u00fcnde Mitolojik Degerler ve Cinsiyetler<\/p>\n<p>Konusmac\u0131: Prof. Dr. Nerin YAYIN<\/p>\n<p><strong>Tarih: 27.12.2012<\/strong><\/p>\n<p>Konu: Seyyahlarin G\u00f6z\u00fcyle Izmir<\/p>\n<p>Konusmac\u0131: Ilhan PINAR (Yazar)<\/p>\n","protected":false},"excerpt":{"rendered":"<p>Aral\u0131k ay\u0131nda\u00a0 \u0130zmir Milli K\u00fct\u00fcphane&#8216;de Geleneksel Per\u015fembe Konferanslar\u0131 d\u00fczenlenecektir. Tarih: 06.12.2012 Konu: T\u00fcrkiye B\u00fct\u00fck Millet Meclisi \u00c7alisma Sekli<\/p>\n","protected":false},"author":1,"featured_media":0,"comment_status":"open","ping_status":"open","sticky":false,"template":"","format":"standard","meta":{"footnotes":""},"categories":[1,1581],"tags":[],"class_list":["post-8052","post","type-post","status-publish","format-standard","hentry","category-genel","category-izmir-milli-kutuphane"],"_links":{"self":[{"href":"https:\/\/www.bbyhaber.com\/bby\/wp-json\/wp\/v2\/posts\/8052"}],"collection":[{"href":"https:\/\/www.bbyhaber.com\/bby\/wp-json\/wp\/v2\/posts"}],"about":[{"href":"https:\/\/www.bbyhaber.com\/bby\/wp-json\/wp\/v2\/types\/post"}],"author":[{"embeddable":true,"href":"https:\/\/www.bbyhaber.com\/bby\/wp-json\/wp\/v2\/users\/1"}],"replies":[{"embeddable":true,"href":"https:\/\/www.bbyhaber.com\/bby\/wp-json\/wp\/v2\/comments?post=8052"}],"version-history":[{"count":0,"href":"https:\/\/www.bbyhaber.com\/bby\/wp-json\/wp\/v2\/posts\/8052\/revisions"}],"wp:attachment":[{"href":"https:\/\/www.bbyhaber.com\/bby\/wp-json\/wp\/v2\/media?parent=8052"}],"wp:term":[{"taxonomy":"category","embeddable":true,"href":"https:\/\/www.bbyhaber.com\/bby\/wp-json\/wp\/v2\/categories?post=8052"},{"taxonomy":"post_tag","embeddable":true,"href":"https:\/\/www.bbyhaber.com\/bby\/wp-json\/wp\/v2\/tags?post=8052"}],"curies":[{"name":"wp","href":"https:\/\/api.w.org\/{rel}","templated":true}]}}