{"id":8045,"date":"2012-11-29T19:23:02","date_gmt":"2012-11-29T17:23:02","guid":{"rendered":"http:\/\/www.bbyhaber.com\/bby\/?p=8045"},"modified":"2012-11-29T19:25:04","modified_gmt":"2012-11-29T17:25:04","slug":"bilecik-il-halk-kutuphanesi-tanitim-materyalleri","status":"publish","type":"post","link":"https:\/\/www.bbyhaber.com\/bby\/2012\/11\/29\/bilecik-il-halk-kutuphanesi-tanitim-materyalleri","title":{"rendered":"Bilecik \u0130l Halk K\u00fct\u00fcphanesi Tan\u0131t\u0131m Materyalleri"},"content":{"rendered":"<p style=\"text-align: justify;\">Bilecik \u0130l Halk K\u00fct\u00fcphanesi, okuyuculara da\u011f\u0131t\u0131lmak amac\u0131yla tan\u0131t\u0131m materyalleri haz\u0131rlad\u0131. Tan\u0131t\u0131m materyalleri i\u00e7erisinde; kur\u015fun ve t\u00fckenmez kalemler \u00fczerine bas\u0131lm\u0131\u015f Bilecik \u0130l Halk K\u00fct\u00fcphanesi ve \u00f6zl\u00fc s\u00f6zler, 2013 y\u0131l\u0131na ait masa takvimi, kitap ta\u015f\u0131ma \u00e7antas\u0131 ve ayra\u00e7lar\u0131 bulunmaktad\u0131r.<!--more--><\/p>\n<p style=\"text-align: justify;\"><a href=\"http:\/\/www.bbyhaber.com\/bby\/wp-content\/uploads\/2012\/11\/bilecik-halk-kutuphaenesi1.jpg\"><img loading=\"lazy\" decoding=\"async\" class=\"alignnone\" src=\"http:\/\/www.bbyhaber.com\/bby\/wp-content\/uploads\/2012\/11\/bilecik-halk-kutuphaenesi1.jpg\" alt=\"\" width=\"150\" height=\"150\" \/><\/a> <a href=\"http:\/\/www.bbyhaber.com\/bby\/wp-content\/uploads\/2012\/11\/bilecik-halk-kutuphaenesi2.jpg\"><img loading=\"lazy\" decoding=\"async\" class=\"alignnone\" src=\"http:\/\/www.bbyhaber.com\/bby\/wp-content\/uploads\/2012\/11\/bilecik-halk-kutuphaenesi2.jpg\" alt=\"\" width=\"150\" height=\"150\" \/><\/a> <a href=\"http:\/\/www.bbyhaber.com\/bby\/wp-content\/uploads\/2012\/11\/bilecik-halk-kutuphaenesi3.jpg\"><img loading=\"lazy\" decoding=\"async\" class=\"alignnone\" src=\"http:\/\/www.bbyhaber.com\/bby\/wp-content\/uploads\/2012\/11\/bilecik-halk-kutuphaenesi3.jpg\" alt=\"\" width=\"150\" height=\"150\" \/><\/a><\/p>\n<p style=\"text-align: justify;\">\u00a0<a href=\"http:\/\/www.bbyhaber.com\/bby\/wp-content\/uploads\/2012\/11\/bilecik-halk-kutuphaenesi4.jpg\"><img loading=\"lazy\" decoding=\"async\" class=\"alignnone\" src=\"http:\/\/www.bbyhaber.com\/bby\/wp-content\/uploads\/2012\/11\/bilecik-halk-kutuphaenesi4.jpg\" alt=\"\" width=\"150\" height=\"150\" \/><\/a> <a href=\"http:\/\/www.bbyhaber.com\/bby\/wp-content\/uploads\/2012\/11\/bilecik-halk-kutuphaenesi5.jpg\"><img loading=\"lazy\" decoding=\"async\" class=\"alignnone\" src=\"http:\/\/www.bbyhaber.com\/bby\/wp-content\/uploads\/2012\/11\/bilecik-halk-kutuphaenesi5.jpg\" alt=\"\" width=\"150\" height=\"150\" \/><\/a><\/p>\n<p><a href=\"http:\/\/www.facebook.com\/bilecikilhalk.kutuphanesi\" target=\"_blank\">Foto\u011fraf Kayna\u011f\u0131-Bilecik \u0130l Halk K\u00fct\u00fcphanesi Facebook Sayfas\u0131 i\u00e7in t\u0131klay\u0131n\u0131z<\/a><\/p>\n","protected":false},"excerpt":{"rendered":"<p>Bilecik \u0130l Halk K\u00fct\u00fcphanesi, okuyuculara da\u011f\u0131t\u0131lmak amac\u0131yla tan\u0131t\u0131m materyalleri haz\u0131rlad\u0131. Tan\u0131t\u0131m materyalleri i\u00e7erisinde; kur\u015fun ve t\u00fckenmez kalemler \u00fczerine bas\u0131lm\u0131\u015f Bilecik \u0130l Halk K\u00fct\u00fcphanesi ve \u00f6zl\u00fc s\u00f6zler, 2013 y\u0131l\u0131na ait masa takvimi, kitap ta\u015f\u0131ma \u00e7antas\u0131 ve ayra\u00e7lar\u0131 bulunmaktad\u0131r.<\/p>\n","protected":false},"author":1,"featured_media":0,"comment_status":"open","ping_status":"open","sticky":false,"template":"","format":"standard","meta":{"footnotes":""},"categories":[1],"tags":[848],"class_list":["post-8045","post","type-post","status-publish","format-standard","hentry","category-genel","tag-halk-kutuphaneleri"],"_links":{"self":[{"href":"https:\/\/www.bbyhaber.com\/bby\/wp-json\/wp\/v2\/posts\/8045"}],"collection":[{"href":"https:\/\/www.bbyhaber.com\/bby\/wp-json\/wp\/v2\/posts"}],"about":[{"href":"https:\/\/www.bbyhaber.com\/bby\/wp-json\/wp\/v2\/types\/post"}],"author":[{"embeddable":true,"href":"https:\/\/www.bbyhaber.com\/bby\/wp-json\/wp\/v2\/users\/1"}],"replies":[{"embeddable":true,"href":"https:\/\/www.bbyhaber.com\/bby\/wp-json\/wp\/v2\/comments?post=8045"}],"version-history":[{"count":0,"href":"https:\/\/www.bbyhaber.com\/bby\/wp-json\/wp\/v2\/posts\/8045\/revisions"}],"wp:attachment":[{"href":"https:\/\/www.bbyhaber.com\/bby\/wp-json\/wp\/v2\/media?parent=8045"}],"wp:term":[{"taxonomy":"category","embeddable":true,"href":"https:\/\/www.bbyhaber.com\/bby\/wp-json\/wp\/v2\/categories?post=8045"},{"taxonomy":"post_tag","embeddable":true,"href":"https:\/\/www.bbyhaber.com\/bby\/wp-json\/wp\/v2\/tags?post=8045"}],"curies":[{"name":"wp","href":"https:\/\/api.w.org\/{rel}","templated":true}]}}