{"id":8043,"date":"2012-11-29T12:36:35","date_gmt":"2012-11-29T10:36:35","guid":{"rendered":"http:\/\/www.bbyhaber.com\/bby\/?p=8043"},"modified":"2012-11-29T12:36:35","modified_gmt":"2012-11-29T10:36:35","slug":"biga-iktisadi-idari-bilimler-fakultesi-kutuphanesine-yeni-bina","status":"publish","type":"post","link":"https:\/\/www.bbyhaber.com\/bby\/2012\/11\/29\/biga-iktisadi-idari-bilimler-fakultesi-kutuphanesine-yeni-bina","title":{"rendered":"Biga \u0130ktisadi \u0130dari Bilimler Fak\u00fcltesi K\u00fct\u00fcphanesine Yeni Bina"},"content":{"rendered":"<p style=\"text-align: justify;\">\u00c7anakkale Onsekiz Mart \u00dcniversitesi Biga \u0130ktisadi ve \u0130dari Bilimler Fak\u00fcltesi Prof. Dr. Ramazan Ayd\u0131n Yerle\u015fkesi&#8217;nde yap\u0131lmakta olan B\u0130\u0130BF K\u00fct\u00fcphanesi&#8217;nin in\u015faat \u00e7al\u0131\u015fmalar\u0131 devam ediyor. K\u00fct\u00fcphane binas\u0131n\u0131n, tamamland\u0131\u011f\u0131nda, T\u00fcrkiye&#8217;deki devlet \u00fcniversitelerine ba\u011fl\u0131 t\u00fcm \u0130ktisadi ve \u0130dari Bilimler Fak\u00fclteleri i\u00e7inde kendisine ait binas\u0131nda en \u00e7ok kitab\u0131 bar\u0131nd\u0131ran k\u00fct\u00fcphane olmas\u0131 hedefleniyor. <!--more--><\/p>\n<p style=\"text-align: justify;\">Kaba in\u015faat\u0131 Biga Belediyesi taraf\u0131ndan yapt\u0131r\u0131lan ve toplam 1800 metrekare alana sahip iki kattan olu\u015facak k\u00fct\u00fcphane binas\u0131nda iki okuma salonu bulunacak. Konuyla ilgili bilgi veren B\u0130\u0130BF Dekan\u0131 Prof. Dr. Hamit Palab\u0131y\u0131k, ince i\u015fleri ve i\u00e7 tefri\u015fat\u0131 \u00fcniversite taraf\u0131ndan tamamlanmakta olan k\u00fct\u00fcphanenin, 2012-13 Akademik Y\u0131l\u0131 Bahar d\u00f6neminde hizmete a\u00e7\u0131lmas\u0131n\u0131n planland\u0131\u011f\u0131n\u0131 s\u00f6yledi. Prof. Dr. Palab\u0131y\u0131k, 500 ki\u015filik okuma salonuna sahip K\u00fct\u00fcphanenin a\u00e7\u0131l\u0131\u015f\u0131yla birlikte 50-60 bin aras\u0131 kitab\u0131n raflarda yer almaya haz\u0131r oldu\u011funu belirterek, \u201cBa\u015flang\u0131\u00e7ta 50-60 bin olacak kitap say\u0131m\u0131z\u0131 en k\u0131sa s\u00fcrede 100 bine \u00e7\u0131karmay\u0131 hedefliyoruz. K\u00fct\u00fcphanemizin raf kapasitesi ise 250 bin olacak. Yap\u0131lacak yeni al\u0131mlar ve d\u00fczenlenecek kampanyalarla, B\u0130\u0130BF K\u00fct\u00fcphanesi, T\u00fcrkiye&#8217;deki \u0130ktisadi ve \u0130dari Bilimler Fak\u00fclteleri k\u00fct\u00fcphaneleri i\u00e7inde ilk s\u0131rada yer alacak\u201d dedi.<\/p>\n<p style=\"text-align: justify;\">Kaynak: http:\/\/yurthaber.mynet.com<\/p>\n","protected":false},"excerpt":{"rendered":"<p>\u00c7anakkale Onsekiz Mart \u00dcniversitesi Biga \u0130ktisadi ve \u0130dari Bilimler Fak\u00fcltesi Prof. Dr. Ramazan Ayd\u0131n Yerle\u015fkesi&#8217;nde yap\u0131lmakta olan B\u0130\u0130BF K\u00fct\u00fcphanesi&#8217;nin in\u015faat \u00e7al\u0131\u015fmalar\u0131 devam ediyor. K\u00fct\u00fcphane binas\u0131n\u0131n, tamamland\u0131\u011f\u0131nda, T\u00fcrkiye&#8217;deki devlet \u00fcniversitelerine ba\u011fl\u0131 t\u00fcm \u0130ktisadi ve \u0130dari Bilimler Fak\u00fclteleri i\u00e7inde kendisine ait binas\u0131nda en \u00e7ok kitab\u0131 bar\u0131nd\u0131ran k\u00fct\u00fcphane olmas\u0131 hedefleniyor.<\/p>\n","protected":false},"author":1,"featured_media":0,"comment_status":"open","ping_status":"open","sticky":false,"template":"","format":"standard","meta":{"footnotes":""},"categories":[1],"tags":[1437],"class_list":["post-8043","post","type-post","status-publish","format-standard","hentry","category-genel","tag-univ-arastirma-kutuphaneleri"],"_links":{"self":[{"href":"https:\/\/www.bbyhaber.com\/bby\/wp-json\/wp\/v2\/posts\/8043"}],"collection":[{"href":"https:\/\/www.bbyhaber.com\/bby\/wp-json\/wp\/v2\/posts"}],"about":[{"href":"https:\/\/www.bbyhaber.com\/bby\/wp-json\/wp\/v2\/types\/post"}],"author":[{"embeddable":true,"href":"https:\/\/www.bbyhaber.com\/bby\/wp-json\/wp\/v2\/users\/1"}],"replies":[{"embeddable":true,"href":"https:\/\/www.bbyhaber.com\/bby\/wp-json\/wp\/v2\/comments?post=8043"}],"version-history":[{"count":0,"href":"https:\/\/www.bbyhaber.com\/bby\/wp-json\/wp\/v2\/posts\/8043\/revisions"}],"wp:attachment":[{"href":"https:\/\/www.bbyhaber.com\/bby\/wp-json\/wp\/v2\/media?parent=8043"}],"wp:term":[{"taxonomy":"category","embeddable":true,"href":"https:\/\/www.bbyhaber.com\/bby\/wp-json\/wp\/v2\/categories?post=8043"},{"taxonomy":"post_tag","embeddable":true,"href":"https:\/\/www.bbyhaber.com\/bby\/wp-json\/wp\/v2\/tags?post=8043"}],"curies":[{"name":"wp","href":"https:\/\/api.w.org\/{rel}","templated":true}]}}