{"id":8035,"date":"2012-11-29T10:48:26","date_gmt":"2012-11-29T08:48:26","guid":{"rendered":"http:\/\/www.bbyhaber.com\/bby\/?p=8035"},"modified":"2013-01-24T13:11:05","modified_gmt":"2013-01-24T11:11:05","slug":"osym-uzman-yardimciligi-alim-ilani-yazili-sinav-29-12-2012","status":"publish","type":"post","link":"https:\/\/www.bbyhaber.com\/bby\/2012\/11\/29\/osym-uzman-yardimciligi-alim-ilani-yazili-sinav-29-12-2012","title":{"rendered":"\u00d6SYM Uzman Yard\u0131mc\u0131l\u0131\u011f\u0131 Al\u0131m \u0130lan\u0131-Yaz\u0131l\u0131 s\u0131nav-29.12.2012"},"content":{"rendered":"<p style=\"text-align: justify;\"><a href=\"http:\/\/www.bbyhaber.com\/bby\/category\/bby-is-ilanlari\/\"><img loading=\"lazy\" decoding=\"async\" class=\"alignleft\" src=\"http:\/\/www.bbyhaber.com\/bby\/wp-content\/uploads\/is-ilanlari-arsivi.jpg\" alt=\"\" width=\"250\" height=\"150\" \/><\/a>\u00d6l\u00e7me, Se\u00e7me ve Yerle\u015ftirme Merkezi Ba\u015fkanl\u0131\u011f\u0131nda (\u00d6SYM) \u00e7al\u0131\u015ft\u0131r\u0131lmak \u00fczere toplam 36 (otuzalt\u0131) \u00d6l\u00e7me, Se\u00e7me ve Yerle\u015ftirme Merkezi Uzman Yard\u0131mc\u0131s\u0131 al\u0131nacakt\u0131r. Giri\u015f s\u0131nav\u0131 yaz\u0131l\u0131 ve s\u00f6zl\u00fc olmak \u00fczere iki a\u015famal\u0131d\u0131r. Yaz\u0131l\u0131 s\u0131nav <span style=\"color: #ff0000;\"><strong>29\/12\/2012 Cumartesi<\/strong><\/span> g\u00fcn\u00fc Ankara\u2019da yap\u0131lacakt\u0131r. Giri\u015f s\u0131nav\u0131n\u0131n yaz\u0131l\u0131 b\u00f6l\u00fcm\u00fcne kat\u0131lmaya hak kazanan adaylar ile yaz\u0131l\u0131 s\u0131nav\u0131n yap\u0131laca\u011f\u0131 adres ve s\u0131nav saatleri; \u00d6SYM Ba\u015fkanl\u0131\u011f\u0131n\u0131n (www.osym.gov.tr) internet sayfas\u0131nda yaz\u0131l\u0131 s\u0131navdan en az 10 g\u00fcn \u00f6nce ilan edilecektir. Adaylar i\u00e7in ayr\u0131ca s\u0131nava giri\u015f belgesi d\u00fczenlenmeyecektir.<!--more--><\/p>\n<table style=\"table-layout: fixed; clear: both; font-family: Arial;\" border=\"1\">\n<tbody>\n<tr>\n<td style=\"font-size: x-small; vertical-align: top;\"><strong>Alan\u0131<\/strong><\/td>\n<td style=\"font-size: x-small; vertical-align: top;\"><strong>Kadro Adedi<\/strong><\/td>\n<td style=\"font-size: x-small; vertical-align: top;\"><strong>Mezun Olunan Alan\/B\u00f6l\u00fcm<\/strong><\/td>\n<td style=\"font-size: x-small; vertical-align: top;\"><strong>S\u0131nav T\u00fcr\u00fc ve Puanlar<\/strong><\/td>\n<\/tr>\n<tr>\n<td style=\"font-size: x-small; vertical-align: top; text-align: center;\"><span style=\"color: #000000; font-family: Arial; font-size: x-small; line-height: normal;\">Bilgi ve Belge Y\u00f6netimi<\/span><\/td>\n<td style=\"font-size: x-small; vertical-align: top; text-align: center;\"><span style=\"color: #0000ff;\"><strong>1<\/strong><\/span><\/td>\n<td style=\"font-size: x-small; vertical-align: top;\"><span style=\"color: #000000; font-family: Arial; font-size: x-small; line-height: normal;\">Bilgi ve Belge Y\u00f6netimi<\/span><\/td>\n<td style=\"font-size: x-small; vertical-align: top;\"><span style=\"color: #000000; font-family: Arial; font-size: x-small; line-height: normal;\">KPSSP3<\/span><\/td>\n<\/tr>\n<\/tbody>\n<\/table>\n<p style=\"text-align: justify;\">\u00a0<strong>Ba\u015fvuru \u015eartlar\u0131:<\/strong><\/p>\n<p style=\"text-align: justify;\">1) <strong>2011 veya 2012 y\u0131llar\u0131nda yap\u0131lan KPSS Lisans s\u0131navlar\u0131 sonucunda, tabloda yer alan puan t\u00fcrlerine g\u00f6re en az birinden asgari 75 puana sahip olmak.<\/strong> M\u00fcracaat \u015fartlar\u0131n\u0131 ta\u015f\u0131yan adaylar ba\u015fvuru s\u00fcresi i\u00e7erisinde 2011 veya 2012 y\u0131l\u0131 KPSS Lisans puanlar\u0131 esas al\u0131nmak suretiyle en y\u00fcksek puandan ba\u015flamak \u00fczere s\u0131ralamaya tabi tutulacakt\u0131r. En y\u00fcksek puan alan adaydan ba\u015flanarak ilan edilen kadro say\u0131s\u0131n\u0131n 10 kat\u0131 kadar aday yaz\u0131l\u0131 s\u0131nava davet edilecektir (Sonuncu aday ile ayn\u0131 puana sahip olanlar da giri\u015f s\u0131nav\u0131na al\u0131nacakt\u0131r).<\/p>\n<p>2) Yurti\u00e7inde en az 4 y\u0131ll\u0131k e\u011fitim veren fak\u00fcltelerin yukar\u0131daki tabloda belirtilen b\u00f6l\u00fcmlerinden birini veya bunlara denkli\u011fi yetkili makamlarca kabul edilen yurt d\u0131\u015f\u0131ndaki y\u00fcksek\u00f6\u011fretim kurumlar\u0131ndan birini bitirmi\u015f olmak.<\/p>\n<p>3) 657 say\u0131l\u0131 Devlet Memurlar\u0131 Kanununun 48 inci maddesinde belirtilen genel \u015fartlar\u0131 ta\u015f\u0131mak.<\/p>\n<p>4) Yaz\u0131l\u0131 s\u0131nav\u0131n yap\u0131ld\u0131\u011f\u0131 tarih itibariyle 35 ya\u015f\u0131n\u0131 doldurmam\u0131\u015f olmak.<\/p>\n<p>5) Devaml\u0131 olarak g\u00f6rev yapmas\u0131na engel olabilecek, daimi v\u00fccut ya da ak\u0131l hastal\u0131\u011f\u0131 ile v\u00fccut sakatl\u0131\u011f\u0131 ya da \u00f6zr\u00fc bulunmamak.<\/p>\n<p><a href=\"http:\/\/www.osym.gov.tr\/belge\/1-13834\/osym-uzman-yardimciligi-giris-sinavi-duyurusu-29112012.html\" target=\"_blank\"><strong><span style=\"color: #0000ff;\">Ba\u015fvuru yapmak \/detayl\u0131 bilgi ve belge i\u00e7in t\u0131klay\u0131n\u0131z<\/span><\/strong><\/a><\/p>\n","protected":false},"excerpt":{"rendered":"<p>\u00d6l\u00e7me, Se\u00e7me ve Yerle\u015ftirme Merkezi Ba\u015fkanl\u0131\u011f\u0131nda (\u00d6SYM) \u00e7al\u0131\u015ft\u0131r\u0131lmak \u00fczere toplam 36 (otuzalt\u0131) \u00d6l\u00e7me, Se\u00e7me ve Yerle\u015ftirme Merkezi Uzman Yard\u0131mc\u0131s\u0131 al\u0131nacakt\u0131r. Giri\u015f s\u0131nav\u0131 yaz\u0131l\u0131 ve s\u00f6zl\u00fc olmak \u00fczere iki a\u015famal\u0131d\u0131r. Yaz\u0131l\u0131 s\u0131nav 29\/12\/2012 Cumartesi g\u00fcn\u00fc Ankara\u2019da yap\u0131lacakt\u0131r. Giri\u015f s\u0131nav\u0131n\u0131n yaz\u0131l\u0131 b\u00f6l\u00fcm\u00fcne kat\u0131lmaya hak kazanan adaylar ile yaz\u0131l\u0131 s\u0131nav\u0131n yap\u0131laca\u011f\u0131 adres ve s\u0131nav saatleri; \u00d6SYM Ba\u015fkanl\u0131\u011f\u0131n\u0131n (www.osym.gov.tr) [&hellip;]<\/p>\n","protected":false},"author":1,"featured_media":0,"comment_status":"open","ping_status":"open","sticky":false,"template":"","format":"standard","meta":{"footnotes":""},"categories":[],"tags":[1393,450],"class_list":["post-8035","post","type-post","status-publish","format-standard","hentry","tag-bby-is-ilanlari-arsivi","tag-osym-is-ilani"],"_links":{"self":[{"href":"https:\/\/www.bbyhaber.com\/bby\/wp-json\/wp\/v2\/posts\/8035"}],"collection":[{"href":"https:\/\/www.bbyhaber.com\/bby\/wp-json\/wp\/v2\/posts"}],"about":[{"href":"https:\/\/www.bbyhaber.com\/bby\/wp-json\/wp\/v2\/types\/post"}],"author":[{"embeddable":true,"href":"https:\/\/www.bbyhaber.com\/bby\/wp-json\/wp\/v2\/users\/1"}],"replies":[{"embeddable":true,"href":"https:\/\/www.bbyhaber.com\/bby\/wp-json\/wp\/v2\/comments?post=8035"}],"version-history":[{"count":0,"href":"https:\/\/www.bbyhaber.com\/bby\/wp-json\/wp\/v2\/posts\/8035\/revisions"}],"wp:attachment":[{"href":"https:\/\/www.bbyhaber.com\/bby\/wp-json\/wp\/v2\/media?parent=8035"}],"wp:term":[{"taxonomy":"category","embeddable":true,"href":"https:\/\/www.bbyhaber.com\/bby\/wp-json\/wp\/v2\/categories?post=8035"},{"taxonomy":"post_tag","embeddable":true,"href":"https:\/\/www.bbyhaber.com\/bby\/wp-json\/wp\/v2\/tags?post=8035"}],"curies":[{"name":"wp","href":"https:\/\/api.w.org\/{rel}","templated":true}]}}