{"id":802,"date":"2011-10-31T21:16:39","date_gmt":"2011-10-31T21:16:39","guid":{"rendered":"http:\/\/www.bbyhaber.com\/bby\/?p=802"},"modified":"2013-03-11T09:57:01","modified_gmt":"2013-03-11T07:57:01","slug":"gorme-engelli-kutuphane-yeni-sesler-ariyor","status":"publish","type":"post","link":"https:\/\/www.bbyhaber.com\/bby\/2011\/10\/31\/gorme-engelli-kutuphane-yeni-sesler-ariyor","title":{"rendered":"G\u00f6rme engelli k\u00fct\u00fcphane yeni &#8216;sesler&#8217; ar\u0131yor!"},"content":{"rendered":"<p style=\"text-align: justify;\" align=\"justify\">T\u00fcrkiye&#8217;de 700 bini a\u015fk\u0131n g\u00f6rme engelli ya\u015f\u0131yor. Bu say\u0131ya kar\u015f\u0131n sadece g\u00f6rme engellilere tahsis edilmi\u015f tek k\u00fct\u00fcphane var: Ey\u00fcp G\u00f6rme Engelliler K\u00fct\u00fcphanesi. K\u00fct\u00fcphanenin as\u0131l \u00f6zelli\u011fi g\u00f6n\u00fcll\u00fc okuyuculara sahip olmas\u0131. G\u00f6n\u00fcll\u00fclerin st\u00fcdyolarda seslendirdi\u011fi kitaplar\u0131n CD&#8217;leri, g\u00f6rme engellilerin kap\u0131lar\u0131na kadar ula\u015ft\u0131r\u0131l\u0131yor. Daha da \u00f6nemlisi k\u00fct\u00fcphane \u015fu g\u00fcnlerde kendisi de iyi bir okuyucu olan yeni g\u00f6n\u00fcll\u00fcler ar\u0131yor.<!--more--><\/p>\n<p style=\"text-align: justify;\" align=\"justify\">Her yer karanl\u0131k&#8230; Gece mi g\u00fcnd\u00fcz m\u00fc belli de\u011fil. Kulakl\u0131klar tak\u0131l\u0131yor ve bir tu\u015fla ayd\u0131nlanmaya ba\u015fl\u0131yor d\u00fcnya. Ses y\u00fckseldik\u00e7e yeni kap\u0131lar yeni yollar a\u00e7\u0131l\u0131yor. G\u00f6rme engelliler k\u00fct\u00fcphanesinde haz\u0131rlanan sesli kitap, y\u00fczlerce g\u00f6rme engelliye yol arkada\u015f\u0131 oluyor. Ey\u00fcp G\u00f6rme Engelliler K\u00fct\u00fcphanesi&#8217;nden bahsediyoruz. T\u00fcrkiye&#8217;de g\u00f6rme engellilere tahsis edilmi\u015f tek k\u00fct\u00fcphane. K\u00fct\u00fcphanenin ay\u0131rt edici \u00f6zelli\u011fi, g\u00f6n\u00fcll\u00fc okuyuculara sahip olmas\u0131. Ses yal\u0131t\u0131m sistemine sahip odalarda doldurulan kitaplar, g\u00f6rme engelli \u00fcyelerin kap\u0131lar\u0131na kadar ula\u015ft\u0131r\u0131l\u0131yor. En \u00f6nemlisi de yeni e\u011fitim d\u00f6neminin ba\u015flamas\u0131yla raflarda biriken ders kitaplar\u0131 yeni okuyucular, yeni sesler ar\u0131yor.<\/p>\n<p style=\"text-align: justify;\">K\u00fct\u00fcphane ve M\u00fczeler M\u00fcd\u00fcrl\u00fc\u011f\u00fc&#8217;ne ba\u011fl\u0131 olarak \u00e7al\u0131\u015fan bina, Ey\u00fcp&#8217;\u00fcn g\u00f6be\u011finde, M\u00fczisyenler Kahvesi&#8217;nin hemen yan\u0131nda. \u0130ki katl\u0131 eski bir Osmanl\u0131 k\u00f6\u015fk\u00fc olan bu yap\u0131, 2004 y\u0131l\u0131nda hizmete girmi\u015f. K\u00fct\u00fcphanenin y\u00f6neticisi, kendisi de g\u00f6rme engelli olan \u015eevket K\u00f6seo\u011flu. 7 y\u0131ld\u0131r g\u00f6revde. K\u00f6seo\u011flu&#8217;nun verdi\u011fi bilgiye g\u00f6re k\u00fct\u00fcphanenin \u0130stanbul&#8217;da ya\u015fayan 850&#8217;ye yak\u0131n aktif \u00fcyesi var. 230&#8217;u y\u00fcksekokul, \u00fcniversite mezunu. T\u00fcrkiye genelinde ise say\u0131 6 bini buluyor. Sesli kitaba gelince&#8230; G\u00f6n\u00fcll\u00fc okuyucu olmak isteyen, \u00f6nce form dolduruyor ard\u0131ndan k\u00fct\u00fcphanenin st\u00fcdyosunda denemeye al\u0131n\u0131yor. Aralar\u0131nda tekerlemelerin, Moliere&#8217;den pasajlar\u0131n bulundu\u011fu 10 sayfal\u0131k metin, ba\u015far\u0131yla tamamland\u0131\u011f\u0131nda g\u00f6n\u00fcll\u00fc, okuyucu olmaya hak kazan\u0131yor. Haftada en az iki saat okuma yapmay\u0131 kabul eden g\u00f6n\u00fcll\u00fcye, \u00f6\u011frenimi ve birikimine g\u00f6re eserler veriliyor. Okunan eser, CD&#8217;ye aktar\u0131l\u0131yor. G\u00f6rme engelli, bu eseri isterse k\u00fct\u00fcphaneden alabiliyor isterse de adresine g\u00f6nderiliyor. K\u00fct\u00fcphanenin g\u00f6n\u00fcll\u00fc okuyucu say\u0131s\u0131 \u015fimdilik 40. Bug\u00fcne kadar bin 200 kadar g\u00f6n\u00fcll\u00fc gelip ge\u00e7mi\u015f. Kimi ilk paragrafta kimi de onlarca kitaptan sonra b\u0131rakm\u0131\u015f. K\u00fct\u00fcphane a\u00e7\u0131ld\u0131\u011f\u0131ndan bu yana 2 bin 400 kitap seslendirilmi\u015f. Ar\u015fivde \u015fu anda di\u011fer k\u00fct\u00fcphanelerden temin edilen eserlerle birlikte 3 bin 500&#8217;e yak\u0131n sesli kitap var. \u015eevket K\u00f6seo\u011flu, bu say\u0131n\u0131n okunacaklar listesindeki kitaplar\u0131n neredeyse onda biri oldu\u011funu s\u00f6yl\u00fcyor.<\/p>\n<p style=\"text-align: justify;\" align=\"justify\">G\u00f6n\u00fcll\u00fcde aranan en \u00f6nemli \u015fart, kararl\u0131l\u0131k<\/p>\n<p style=\"text-align: justify;\" align=\"justify\">G\u00f6n\u00fcll\u00fcler taraf\u0131ndan okunacak kitaplar\u0131, \u00f6ncelikle g\u00f6rme engelli \u00fcyelerin talepleri belirliyor. K\u00fct\u00fcphane y\u00f6netimi de ba\u015fta temel eserler olmak \u00fczere klasikler ve ihtiya\u00e7 duyulan ders kitaplar\u0131n\u0131 listeye ekliyor. G\u00fcncel kitaplar ve di\u011fer k\u00fct\u00fcphanelerin seslendirmedi\u011fi eserlerle liste tamamlan\u0131yor. Ancak baz\u0131 d\u00f6nemlerde baz\u0131 kitaplara talep art\u0131yor. Yeni e\u011fitim d\u00f6neminin ba\u015flad\u0131\u011f\u0131 \u015fu haftalarda, a\u00e7\u0131k\u00f6\u011fretim lisesi ve fak\u00fcltesi ders kitaplar\u0131na isteklerinin yo\u011funla\u015fmas\u0131 gibi.K\u00fct\u00fcphane y\u00f6neticisi \u015eevket K\u00f6seo\u011flu, g\u00f6n\u00fcll\u00fcde \u00f6ncelikle diksiyona bakt\u0131klar\u0131n\u0131 s\u00f6yl\u00fcyor. &#8220;Rahats\u0131z edici bir ses tonuna sahip olmamas\u0131 ikinci planda.&#8221; diyor ve ekliyor: &#8220;\u0130stikrarl\u0131 olmas\u0131 ise i\u015fin olmazsa olmaz\u0131.&#8221; K\u00f6seo\u011flu, bu konuda kararl\u0131. &#8220;G\u00f6n\u00fcll\u00fc, bir kitab\u0131 okumaya ya ba\u015flamayacak ya bitirecek.&#8221; diye konu\u015fuyor. G\u00f6n\u00fcll\u00fcn\u00fcn de iyi bir okuyucu olmas\u0131 gerekti\u011fini vurgulayan K\u00f6seo\u011flu, \u00e7o\u011fu projede oldu\u011fu gibi okuyucular aras\u0131nda da kad\u0131nlar\u0131n fazla oldu\u011funu anlat\u0131yor.<strong><\/strong><\/p>\n<p style=\"text-align: justify;\">Kaynak: http:\/\/www.zaman.com.tr\/<\/p>\n","protected":false},"excerpt":{"rendered":"<p>T\u00fcrkiye&#8217;de 700 bini a\u015fk\u0131n g\u00f6rme engelli ya\u015f\u0131yor. Bu say\u0131ya kar\u015f\u0131n sadece g\u00f6rme engellilere tahsis edilmi\u015f tek k\u00fct\u00fcphane var: Ey\u00fcp G\u00f6rme Engelliler K\u00fct\u00fcphanesi. K\u00fct\u00fcphanenin as\u0131l \u00f6zelli\u011fi g\u00f6n\u00fcll\u00fc okuyuculara sahip olmas\u0131. G\u00f6n\u00fcll\u00fclerin st\u00fcdyolarda seslendirdi\u011fi kitaplar\u0131n CD&#8217;leri, g\u00f6rme engellilerin kap\u0131lar\u0131na kadar ula\u015ft\u0131r\u0131l\u0131yor. Daha da \u00f6nemlisi k\u00fct\u00fcphane \u015fu g\u00fcnlerde kendisi de iyi bir okuyucu olan yeni g\u00f6n\u00fcll\u00fcler ar\u0131yor.<\/p>\n","protected":false},"author":1,"featured_media":0,"comment_status":"open","ping_status":"open","sticky":false,"template":"","format":"standard","meta":{"footnotes":""},"categories":[1484,1485,1,1487],"tags":[],"class_list":["post-802","post","type-post","status-publish","format-standard","hentry","category-engelliler-icin-bilgi-merkezleri","category-engelliler-icin-kutuphane","category-genel","category-gorme-engelli-kutuphane"],"_links":{"self":[{"href":"https:\/\/www.bbyhaber.com\/bby\/wp-json\/wp\/v2\/posts\/802"}],"collection":[{"href":"https:\/\/www.bbyhaber.com\/bby\/wp-json\/wp\/v2\/posts"}],"about":[{"href":"https:\/\/www.bbyhaber.com\/bby\/wp-json\/wp\/v2\/types\/post"}],"author":[{"embeddable":true,"href":"https:\/\/www.bbyhaber.com\/bby\/wp-json\/wp\/v2\/users\/1"}],"replies":[{"embeddable":true,"href":"https:\/\/www.bbyhaber.com\/bby\/wp-json\/wp\/v2\/comments?post=802"}],"version-history":[{"count":0,"href":"https:\/\/www.bbyhaber.com\/bby\/wp-json\/wp\/v2\/posts\/802\/revisions"}],"wp:attachment":[{"href":"https:\/\/www.bbyhaber.com\/bby\/wp-json\/wp\/v2\/media?parent=802"}],"wp:term":[{"taxonomy":"category","embeddable":true,"href":"https:\/\/www.bbyhaber.com\/bby\/wp-json\/wp\/v2\/categories?post=802"},{"taxonomy":"post_tag","embeddable":true,"href":"https:\/\/www.bbyhaber.com\/bby\/wp-json\/wp\/v2\/tags?post=802"}],"curies":[{"name":"wp","href":"https:\/\/api.w.org\/{rel}","templated":true}]}}