{"id":8019,"date":"2012-11-28T19:28:50","date_gmt":"2012-11-28T17:28:50","guid":{"rendered":"http:\/\/www.bbyhaber.com\/bby\/?p=8019"},"modified":"2012-11-28T19:28:50","modified_gmt":"2012-11-28T17:28:50","slug":"ogrencilerin-zamani-kutuphanede-geciyor","status":"publish","type":"post","link":"https:\/\/www.bbyhaber.com\/bby\/2012\/11\/28\/ogrencilerin-zamani-kutuphanede-geciyor","title":{"rendered":"\u00d6\u011frencilerin zaman\u0131 k\u00fct\u00fcphanede ge\u00e7iyor"},"content":{"rendered":"<p style=\"text-align: justify;\">Beylikd\u00fcz\u00fc\u2019nde bulunan okullardan k\u00fct\u00fcphaneyi ziyaret eden \u00f6\u011frenciler, okuma saatlerini k\u00fct\u00fcphanede ge\u00e7irirken, \u00f6\u011frencilere \u00e7e\u015fitli etkinlikler de sunuluyor. K\u00fct\u00fcphanenin en son ziyaret\u00e7ileri olan Ko\u00e7 \u0130lk\u00f6\u011fretim Okulu 3B S\u0131n\u0131f\u0131 toplu olarak k\u00fct\u00fcphaneye \u00fcye oldu. Faaliyetin anlaml\u0131 taraf\u0131 ise; \u00f6\u011frenciler, \u00f6d\u00fcn\u00e7 ald\u0131klar\u0131 kitaplar\u0131 her Sal\u0131 g\u00fcn\u00fc okuma saatinde k\u00fct\u00fcphanede anlatacak olmalar\u0131.<!--more--><\/p>\n<p style=\"text-align: justify;\">\u201cDev Bir K\u00fct\u00fcphane Olu\u015fturduk\u201d<\/p>\n<p style=\"text-align: justify;\">\u00d6\u011frencilerle birlikte programa kat\u0131lan Beylikd\u00fcz\u00fc\u00a0Belediye\u00a0Ba\u015fkan Yard\u0131mc\u0131s\u0131 Efrahim Ye\u015fil,\u00a0Belediye Ba\u015fkan\u0131\u00a0Yusuf Uzun\u2019un selam\u0131n\u0131 iletti. Ba\u015fkan Uzun\u2019un e\u011fitime \u00e7ok \u00f6nem verdi\u011fini hat\u0131rlatan Ye\u015fil, bu ama\u00e7la K\u00fclt\u00fcr Merkezi\u2019nde dev bir k\u00fct\u00fcphane olu\u015fturdu\u011funu, bu k\u00fct\u00fcphanede t\u00fcm \u00e7ocuklar\u0131n faydalanmalar\u0131n\u0131 istedi\u011fini dile getirdi. K\u00fct\u00fcphane sorumlusu Nihal \u00c7uhadar da k\u00fct\u00fcphanede \u00e7ocuklara y\u00f6nelik \u00e7e\u015fitli etkinlikler d\u00fczenlediklerini ifade etti. Okuma saatinin yan\u0131 s\u0131ra \u00f6\u011frencilere y\u00f6nelik, ilerleyen haftalarda, \u2018Yarat\u0131c\u0131 Okuma At\u00f6lyesi\u2019 \u00e7al\u0131\u015fmas\u0131n\u0131 ger\u00e7ekle\u015ftireceklerini kaydetti.<\/p>\n<p style=\"text-align: justify;\">Kaynak: yurthaber.mynet.com<\/p>\n","protected":false},"excerpt":{"rendered":"<p>Beylikd\u00fcz\u00fc\u2019nde bulunan okullardan k\u00fct\u00fcphaneyi ziyaret eden \u00f6\u011frenciler, okuma saatlerini k\u00fct\u00fcphanede ge\u00e7irirken, \u00f6\u011frencilere \u00e7e\u015fitli etkinlikler de sunuluyor. K\u00fct\u00fcphanenin en son ziyaret\u00e7ileri olan Ko\u00e7 \u0130lk\u00f6\u011fretim Okulu 3B S\u0131n\u0131f\u0131 toplu olarak k\u00fct\u00fcphaneye \u00fcye oldu. Faaliyetin anlaml\u0131 taraf\u0131 ise; \u00f6\u011frenciler, \u00f6d\u00fcn\u00e7 ald\u0131klar\u0131 kitaplar\u0131 her Sal\u0131 g\u00fcn\u00fc okuma saatinde k\u00fct\u00fcphanede anlatacak olmalar\u0131.<\/p>\n","protected":false},"author":1,"featured_media":0,"comment_status":"open","ping_status":"open","sticky":false,"template":"","format":"standard","meta":{"footnotes":""},"categories":[1,1496,1590],"tags":[],"class_list":["post-8019","post","type-post","status-publish","format-standard","hentry","category-genel","category-kitap-okuma-etkinligi","category-okuma-kulturu"],"_links":{"self":[{"href":"https:\/\/www.bbyhaber.com\/bby\/wp-json\/wp\/v2\/posts\/8019"}],"collection":[{"href":"https:\/\/www.bbyhaber.com\/bby\/wp-json\/wp\/v2\/posts"}],"about":[{"href":"https:\/\/www.bbyhaber.com\/bby\/wp-json\/wp\/v2\/types\/post"}],"author":[{"embeddable":true,"href":"https:\/\/www.bbyhaber.com\/bby\/wp-json\/wp\/v2\/users\/1"}],"replies":[{"embeddable":true,"href":"https:\/\/www.bbyhaber.com\/bby\/wp-json\/wp\/v2\/comments?post=8019"}],"version-history":[{"count":0,"href":"https:\/\/www.bbyhaber.com\/bby\/wp-json\/wp\/v2\/posts\/8019\/revisions"}],"wp:attachment":[{"href":"https:\/\/www.bbyhaber.com\/bby\/wp-json\/wp\/v2\/media?parent=8019"}],"wp:term":[{"taxonomy":"category","embeddable":true,"href":"https:\/\/www.bbyhaber.com\/bby\/wp-json\/wp\/v2\/categories?post=8019"},{"taxonomy":"post_tag","embeddable":true,"href":"https:\/\/www.bbyhaber.com\/bby\/wp-json\/wp\/v2\/tags?post=8019"}],"curies":[{"name":"wp","href":"https:\/\/api.w.org\/{rel}","templated":true}]}}