{"id":7937,"date":"2012-11-27T00:01:08","date_gmt":"2012-11-26T22:01:08","guid":{"rendered":"http:\/\/www.bbyhaber.com\/bby\/?p=7937"},"modified":"2012-11-27T00:05:57","modified_gmt":"2012-11-26T22:05:57","slug":"agrida-sokakta-kitap-okuma-etkinligi","status":"publish","type":"post","link":"https:\/\/www.bbyhaber.com\/bby\/2012\/11\/27\/agrida-sokakta-kitap-okuma-etkinligi","title":{"rendered":"A\u011fr\u0131&#8217;da Sokakta Kitap Okuma Etkinli\u011fi"},"content":{"rendered":"<div style=\"text-align: justify;\">A\u011fr\u0131&#8217;da, Toplum G\u00f6n\u00fcll\u00fcleri Vakf\u0131 ve A\u011fr\u0131 \u0130brahim \u00c7e\u00e7en \u00dcniversitesi Toplum G\u00f6n\u00fcll\u00fcleri Kul\u00fcb\u00fc \u00fcyelerince sokakta kitap okuma etkinli\u011fi ba\u015flat\u0131ld\u0131. A\u011fr\u0131 \u0130brahim \u00c7e\u00e7en \u00dcniversitesi Toplum G\u00f6n\u00fcll\u00fcleri Kul\u00fcb\u00fc Ba\u015fkan\u0131 U\u011fur Orak, Cumhuriyet Caddesi&#8217;nde kitap okuma al\u0131\u015fkanl\u0131\u011f\u0131n\u0131n \u00e7ok d\u00fc\u015f\u00fck oldu\u011fu A\u011fr\u0131&#8217;da insanlara kitap okuman\u0131n \u00f6nemini g\u00f6stermek i\u00e7in b\u00f6yle bir etkinlik ba\u015flatt\u0131klar\u0131n\u0131 s\u00f6yledi.<!--more--><\/div>\n<div style=\"text-align: justify;\">Ama\u00e7lar\u0131n\u0131n insanlara kitap okumay\u0131 sevdirmek oldu\u011funu belirten Orak, kul\u00fcp \u00fcyelerinden olu\u015fan yakla\u015f\u0131k 30 ki\u015fiyle sokakta kitap okuma etkinli\u011fi ba\u015flatt\u0131klar\u0131n\u0131 ifade etti. Orak, bu etkinli\u011fin ilgi g\u00f6rmesi halinde daha geni\u015f kapsaml\u0131 \u00e7al\u0131\u015fmalar yapmay\u0131 hedeflediklerini kaydetti.<\/div>\n<div style=\"text-align: justify;\">Kaynak:http:\/\/www.yeniagri.com<\/div>\n<div style=\"text-align: justify;\"><a href=\"http:\/\/www.yeniagri.com\/files\/uploads\/d9eb23c170.JPG\"><img loading=\"lazy\" decoding=\"async\" class=\"alignnone\" src=\"http:\/\/www.yeniagri.com\/files\/uploads\/d9eb23c170.JPG\" alt=\"\" width=\"150\" height=\"150\" \/><\/a><\/div>\n","protected":false},"excerpt":{"rendered":"<p>A\u011fr\u0131&#8217;da, Toplum G\u00f6n\u00fcll\u00fcleri Vakf\u0131 ve A\u011fr\u0131 \u0130brahim \u00c7e\u00e7en \u00dcniversitesi Toplum G\u00f6n\u00fcll\u00fcleri Kul\u00fcb\u00fc \u00fcyelerince sokakta kitap okuma etkinli\u011fi ba\u015flat\u0131ld\u0131. A\u011fr\u0131 \u0130brahim \u00c7e\u00e7en \u00dcniversitesi Toplum G\u00f6n\u00fcll\u00fcleri Kul\u00fcb\u00fc Ba\u015fkan\u0131 U\u011fur Orak, Cumhuriyet Caddesi&#8217;nde kitap okuma al\u0131\u015fkanl\u0131\u011f\u0131n\u0131n \u00e7ok d\u00fc\u015f\u00fck oldu\u011fu A\u011fr\u0131&#8217;da insanlara kitap okuman\u0131n \u00f6nemini g\u00f6stermek i\u00e7in b\u00f6yle bir etkinlik ba\u015flatt\u0131klar\u0131n\u0131 s\u00f6yledi.<\/p>\n","protected":false},"author":1,"featured_media":0,"comment_status":"open","ping_status":"open","sticky":false,"template":"","format":"standard","meta":{"footnotes":""},"categories":[1,1496],"tags":[],"class_list":["post-7937","post","type-post","status-publish","format-standard","hentry","category-genel","category-kitap-okuma-etkinligi"],"_links":{"self":[{"href":"https:\/\/www.bbyhaber.com\/bby\/wp-json\/wp\/v2\/posts\/7937"}],"collection":[{"href":"https:\/\/www.bbyhaber.com\/bby\/wp-json\/wp\/v2\/posts"}],"about":[{"href":"https:\/\/www.bbyhaber.com\/bby\/wp-json\/wp\/v2\/types\/post"}],"author":[{"embeddable":true,"href":"https:\/\/www.bbyhaber.com\/bby\/wp-json\/wp\/v2\/users\/1"}],"replies":[{"embeddable":true,"href":"https:\/\/www.bbyhaber.com\/bby\/wp-json\/wp\/v2\/comments?post=7937"}],"version-history":[{"count":0,"href":"https:\/\/www.bbyhaber.com\/bby\/wp-json\/wp\/v2\/posts\/7937\/revisions"}],"wp:attachment":[{"href":"https:\/\/www.bbyhaber.com\/bby\/wp-json\/wp\/v2\/media?parent=7937"}],"wp:term":[{"taxonomy":"category","embeddable":true,"href":"https:\/\/www.bbyhaber.com\/bby\/wp-json\/wp\/v2\/categories?post=7937"},{"taxonomy":"post_tag","embeddable":true,"href":"https:\/\/www.bbyhaber.com\/bby\/wp-json\/wp\/v2\/tags?post=7937"}],"curies":[{"name":"wp","href":"https:\/\/api.w.org\/{rel}","templated":true}]}}