{"id":7920,"date":"2012-11-26T21:28:14","date_gmt":"2012-11-26T19:28:14","guid":{"rendered":"http:\/\/www.bbyhaber.com\/bby\/?p=7920"},"modified":"2016-01-27T11:14:14","modified_gmt":"2016-01-27T09:14:14","slug":"bir-gun-bir-cocuk-size-kutuphane-nedir-diye-sorsa","status":"publish","type":"post","link":"https:\/\/www.bbyhaber.com\/bby\/2012\/11\/26\/bir-gun-bir-cocuk-size-kutuphane-nedir-diye-sorsa","title":{"rendered":"Bir g\u00fcn bir \u00e7ocuk size \u201cK\u00fct\u00fcphane nedir\u201d diye sorsa"},"content":{"rendered":"<p style=\"text-align: justify;\"><strong><img loading=\"lazy\" decoding=\"async\" class=\"alignleft\" src=\"http:\/\/www.bbyhaber.com\/bby\/wp-content\/uploads\/bby-forum-logolar\/gencunak.jpg\" alt=\"\" width=\"177\" height=\"97\" \/><a href=\"http:\/\/www.gencunak.org\/duyurular\/item\/40-ocak-2013-bulten-temamiz-cocuk-ve-kutuphane.html\" target=\"_blank\">Ocak B\u00fclteni<\/a>\u2019nin temas\u0131 \u00c7ocuk ve K\u00fct\u00fcphane. B\u00fcltene katk\u0131da bulunmak isteyenler i\u00e7in bir \u00e7a\u011fr\u0131lar\u0131 var:<\/strong><\/p>\n<p style=\"text-align: justify;\">\u201cBir g\u00fcn bir \u00e7ocuk size, \u2018K\u00fct\u00fcphane nedir? B\u00fcy\u00fck bir tepenin ard\u0131ndaki renkli bir d\u00fcnya m\u0131d\u0131r, yoksa hi\u00e7\u00a0g\u00f6rmedi\u011fimiz, gezmedi\u011fimiz bir \u00fclke mi?\u2019 diye sorsa nas\u0131l cevap verirdiniz? Onun i\u00e7in bu kadar \u00f6nemli bir\u00a0kavram\u0131 ona en iyi nas\u0131l anlat\u0131r, bu kavramla nas\u0131l tan\u0131\u015ft\u0131r\u0131rd\u0131n\u0131z?<!--more--><\/p>\n<p style=\"text-align: justify;\">B\u00fcltenimizin ikinci ya\u015f\u0131n\u0131 kutlayaca\u011f\u0131m\u0131z Ocak 2013 say\u0131s\u0131nda, \u2018Bir \u00e7ocu\u011fa k\u00fct\u00fcphaneyi nas\u0131l tan\u0131mlar, ona\u00a0k\u00fct\u00fcphaneyi nas\u0131l anlat\u0131rs\u0131n\u0131z ?\u2019 sorusuna cevap ar\u0131yoruz.\u00a0<a href=\"http:\/\/www.gunisigikitapligi.com\/Scripts\/default.asp\" target=\"_blank\">G\u00fcn\u0131\u015f\u0131\u011f\u0131 Kitapl\u0131\u011f\u0131<\/a>\u00a0 Kurucusu Say\u0131n\u00a0Mine Soysal\u2019\u0131n da konu hakk\u0131nda katk\u0131 sa\u011flayaca\u011f\u0131 Ocak 2013 say\u0131m\u0131zda, sizi d\u00fc\u015f\u00fcncelerinizi payla\u015fmaya davet ediyoruz. Yaz\u0131lar\u0131n\u0131z\u0131 en ge\u00e7\u00a0<strong><span style=\"color: #ff0000;\">20 Aral\u0131k 2012<\/span><\/strong>\u00a0tarihine kadar\u00a0<span style=\"color: #0000ff;\"><strong>bilgi@gencunak.org\u00a0<\/strong><\/span>adresine iletmeniz gerekmektedir&#8221;<\/p>\n","protected":false},"excerpt":{"rendered":"<p>Ocak B\u00fclteni\u2019nin temas\u0131 \u00c7ocuk ve K\u00fct\u00fcphane. B\u00fcltene katk\u0131da bulunmak isteyenler i\u00e7in bir \u00e7a\u011fr\u0131lar\u0131 var: \u201cBir g\u00fcn bir \u00e7ocuk size, \u2018K\u00fct\u00fcphane nedir? B\u00fcy\u00fck bir tepenin ard\u0131ndaki renkli bir d\u00fcnya m\u0131d\u0131r, yoksa hi\u00e7\u00a0g\u00f6rmedi\u011fimiz, gezmedi\u011fimiz bir \u00fclke mi?\u2019 diye sorsa nas\u0131l cevap verirdiniz? Onun i\u00e7in bu kadar \u00f6nemli bir\u00a0kavram\u0131 ona en iyi nas\u0131l anlat\u0131r, bu kavramla nas\u0131l tan\u0131\u015ft\u0131r\u0131rd\u0131n\u0131z?<\/p>\n","protected":false},"author":1,"featured_media":0,"comment_status":"open","ping_status":"open","sticky":false,"template":"","format":"standard","meta":{"footnotes":""},"categories":[1],"tags":[1413,52],"class_list":["post-7920","post","type-post","status-publish","format-standard","hentry","category-genel","tag-bby-bilgi-toplulugu-gruplari","tag-gencunak"],"_links":{"self":[{"href":"https:\/\/www.bbyhaber.com\/bby\/wp-json\/wp\/v2\/posts\/7920"}],"collection":[{"href":"https:\/\/www.bbyhaber.com\/bby\/wp-json\/wp\/v2\/posts"}],"about":[{"href":"https:\/\/www.bbyhaber.com\/bby\/wp-json\/wp\/v2\/types\/post"}],"author":[{"embeddable":true,"href":"https:\/\/www.bbyhaber.com\/bby\/wp-json\/wp\/v2\/users\/1"}],"replies":[{"embeddable":true,"href":"https:\/\/www.bbyhaber.com\/bby\/wp-json\/wp\/v2\/comments?post=7920"}],"version-history":[{"count":0,"href":"https:\/\/www.bbyhaber.com\/bby\/wp-json\/wp\/v2\/posts\/7920\/revisions"}],"wp:attachment":[{"href":"https:\/\/www.bbyhaber.com\/bby\/wp-json\/wp\/v2\/media?parent=7920"}],"wp:term":[{"taxonomy":"category","embeddable":true,"href":"https:\/\/www.bbyhaber.com\/bby\/wp-json\/wp\/v2\/categories?post=7920"},{"taxonomy":"post_tag","embeddable":true,"href":"https:\/\/www.bbyhaber.com\/bby\/wp-json\/wp\/v2\/tags?post=7920"}],"curies":[{"name":"wp","href":"https:\/\/api.w.org\/{rel}","templated":true}]}}