{"id":7913,"date":"2012-11-25T23:20:46","date_gmt":"2012-11-25T21:20:46","guid":{"rendered":"http:\/\/www.bbyhaber.com\/bby\/?p=7913"},"modified":"2012-11-25T23:21:25","modified_gmt":"2012-11-25T21:21:25","slug":"arsivlerdeki-25-milyon-evrak-taranip-dijital-ortama-aktarildi","status":"publish","type":"post","link":"https:\/\/www.bbyhaber.com\/bby\/2012\/11\/25\/arsivlerdeki-25-milyon-evrak-taranip-dijital-ortama-aktarildi","title":{"rendered":"Ar\u015fivlerdeki 25 milyon evrak taran\u0131p dijital ortama aktar\u0131ld\u0131"},"content":{"rendered":"<p style=\"text-align: justify;\">\u0130\u00e7i\u015fleri Bakanl\u0131\u011f\u0131&#8217;n\u0131n yapt\u0131\u011f\u0131 \u00e7al\u0131\u015fmalar sonucu, ar\u015fivlerde yer alan 226 bini a\u015fk\u0131n faal ve gayrifaal dernek dosyas\u0131 i\u00e7erisindeki yakla\u015f\u0131k 25 milyon evrak, taran\u0131p indekslenerek dijital ortama aktar\u0131ld\u0131. Bakanl\u0131k verilerine g\u00f6re, Ekim 2012 tarihi itibariyle T\u00fcrkiye&#8217;de toplam aktif dernek say\u0131s\u0131 92 bin 855. Dernekler Bilgi Sistemi Projesi, Dijital Ar\u015fiv Projesi ve derneklere proje kar\u015f\u0131l\u0131\u011f\u0131 verilen mali destekler, derneklerle ilgili y\u00fcr\u00fct\u00fclen \u00f6nemli \u00e7al\u0131\u015fmalardan.<!--more--><\/p>\n<p style=\"text-align: justify;\">Halen kullan\u0131mda olan &#8216;e-Dernek Kurumsal Yaz\u0131l\u0131m\u0131&#8217;n\u0131 daha i\u015flevsel hale d\u00f6n\u00fc\u015ft\u00fcrmek, hizmet sunumunu basitle\u015ftirmek ve elektronik hizmetlere ge\u00e7i\u015f amac\u0131yla &#8216;Dernekler Bilgi Sistemi Projesi&#8217; haz\u0131rland\u0131. DERB\u0130S olarak adland\u0131r\u0131lan proje; on-line dernek kurulu\u015fu ba\u015fta olmak \u00fczere her t\u00fcrl\u00fc dernek i\u015f ve i\u015flemlerinin elektronik ortamda yap\u0131labilmesine; e-\u0130\u00e7i\u015fleri, MERN\u0130S, UYAP ve benzeri yaz\u0131l\u0131mlarla entegrasyona imk\u00e2n sa\u011flayacak.<\/p>\n<p style=\"text-align: justify;\">Proje yaz\u0131l\u0131m\u0131na 2012 Ocak itibariyle ba\u015fland\u0131, 2013 y\u0131l\u0131nda da devam edilecek. Dijital Ar\u015fiv Projesi ile T\u00fcrkiye&#8217;nin sivil toplum haf\u0131zas\u0131 (dernekler boyutuyla) elektronik ortama aktar\u0131l\u0131yor. Proje ile ar\u015fivlerde yer alan, 226 bini a\u015fk\u0131n faal ve gayrifaal dernek dosyas\u0131 i\u00e7erisindeki yakla\u015f\u0131k 25 milyon evrak taran\u0131p indekslenerek dijital ortama aktar\u0131ld\u0131.<\/p>\n<p style=\"text-align: justify;\">OSMANLI MET\u0130NLER\u0130 DE ELEKTRON\u0130K ORTAMA AKTARILACAK<\/p>\n<p style=\"text-align: justify;\">Devlet Ar\u015fivleri Genel M\u00fcd\u00fcrl\u00fc\u011f\u00fc ar\u015fivlerinde bulunan Osmanl\u0131ca metinlerin de ayn\u0131 y\u00f6ntemle elektronik ortama aktar\u0131lmas\u0131 planlan\u0131yor. B\u00f6ylece, Osmanl\u0131 d\u00f6nemi d\u00e2hil sivil toplum haf\u0131zas\u0131, dernekler ve bu konuda \u00e7al\u0131\u015fma yapmak isteyen ara\u015ft\u0131rmac\u0131lar\u0131n &#8216;bir t\u0131k mesafesinde&#8217; hizmetine sunulacak.<\/p>\n<p style=\"text-align: justify;\">Bunun yan\u0131nda, 30.04.2010 tarihinde y\u00fcr\u00fcrl\u00fc\u011fe konulan &#8216;\u0130\u00e7i\u015fleri Bakanl\u0131\u011f\u0131 B\u00fct\u00e7esinden Derneklere Yard\u0131m Yap\u0131lmas\u0131 Hakk\u0131nda Y\u00f6nerge&#8217; \u00e7er\u00e7evesinde derneklere mali destek sa\u011flan\u0131yor. Y\u00f6nerge ile belirlenen konularda haz\u0131rlanan projeler, valilikler arac\u0131l\u0131\u011f\u0131yla \u0130\u00e7i\u015fleri Bakanl\u0131\u011f\u0131 Dernekler Dairesi Ba\u015fkanl\u0131\u011f\u0131&#8217;na g\u00f6nderiliyor ve uygun g\u00f6r\u00fclen projeler destekleniyor.<\/p>\n<p style=\"text-align: justify;\">Sivil toplum kurulu\u015flar\u0131na verilen \u00f6nemin bir g\u00f6stergesi olarak, \u0130\u00e7i\u015fleri Bakanl\u0131\u011f\u0131 2012 y\u0131l\u0131 b\u00fct\u00e7esine bu ama\u00e7la konulan \u00f6denek miktar\u0131, 2011 y\u0131l\u0131na g\u00f6re 10 kat art\u0131r\u0131ld\u0131. 2013 y\u0131l\u0131nda da STK&#8217;lar ayn\u0131 \u015fekilde desteklenmeye devam edilecek. 2011 y\u0131l\u0131nda 77 dernek proje kar\u015f\u0131l\u0131\u011f\u0131 desteklendi. 2012 ve 2013 y\u0131llar\u0131nda da proje kar\u015f\u0131l\u0131\u011f\u0131 derneklerin desteklenmesine devam edilecek. 2012 y\u0131l\u0131 i\u00e7in 125, 2013 y\u0131l\u0131 i\u00e7in 175 derne\u011fin proje kar\u015f\u0131l\u0131\u011f\u0131 desteklenmesi hedefleniyor.<\/p>\n<p style=\"text-align: justify;\">Kaynak: http:\/\/www.memurlar.net<\/p>\n","protected":false},"excerpt":{"rendered":"<p>\u0130\u00e7i\u015fleri Bakanl\u0131\u011f\u0131&#8217;n\u0131n yapt\u0131\u011f\u0131 \u00e7al\u0131\u015fmalar sonucu, ar\u015fivlerde yer alan 226 bini a\u015fk\u0131n faal ve gayrifaal dernek dosyas\u0131 i\u00e7erisindeki yakla\u015f\u0131k 25 milyon evrak, taran\u0131p indekslenerek dijital ortama aktar\u0131ld\u0131. Bakanl\u0131k verilerine g\u00f6re, Ekim 2012 tarihi itibariyle T\u00fcrkiye&#8217;de toplam aktif dernek say\u0131s\u0131 92 bin 855. Dernekler Bilgi Sistemi Projesi, Dijital Ar\u015fiv Projesi ve derneklere proje kar\u015f\u0131l\u0131\u011f\u0131 verilen mali destekler, [&hellip;]<\/p>\n","protected":false},"author":1,"featured_media":0,"comment_status":"open","ping_status":"open","sticky":false,"template":"","format":"standard","meta":{"footnotes":""},"categories":[1563,1482,1483,1],"tags":[1096,1412],"class_list":["post-7913","post","type-post","status-publish","format-standard","hentry","category-dokuman-yonetim-sistemi","category-ebys","category-elektronik-belge-yonetim-sistemi","category-genel","tag-arsivcilik","tag-belge-yonetimi"],"_links":{"self":[{"href":"https:\/\/www.bbyhaber.com\/bby\/wp-json\/wp\/v2\/posts\/7913"}],"collection":[{"href":"https:\/\/www.bbyhaber.com\/bby\/wp-json\/wp\/v2\/posts"}],"about":[{"href":"https:\/\/www.bbyhaber.com\/bby\/wp-json\/wp\/v2\/types\/post"}],"author":[{"embeddable":true,"href":"https:\/\/www.bbyhaber.com\/bby\/wp-json\/wp\/v2\/users\/1"}],"replies":[{"embeddable":true,"href":"https:\/\/www.bbyhaber.com\/bby\/wp-json\/wp\/v2\/comments?post=7913"}],"version-history":[{"count":0,"href":"https:\/\/www.bbyhaber.com\/bby\/wp-json\/wp\/v2\/posts\/7913\/revisions"}],"wp:attachment":[{"href":"https:\/\/www.bbyhaber.com\/bby\/wp-json\/wp\/v2\/media?parent=7913"}],"wp:term":[{"taxonomy":"category","embeddable":true,"href":"https:\/\/www.bbyhaber.com\/bby\/wp-json\/wp\/v2\/categories?post=7913"},{"taxonomy":"post_tag","embeddable":true,"href":"https:\/\/www.bbyhaber.com\/bby\/wp-json\/wp\/v2\/tags?post=7913"}],"curies":[{"name":"wp","href":"https:\/\/api.w.org\/{rel}","templated":true}]}}