{"id":786,"date":"2011-11-15T14:08:07","date_gmt":"2011-11-15T11:08:07","guid":{"rendered":"http:\/\/www.bbyhaber.com\/bby\/?p=786"},"modified":"2013-02-05T23:34:28","modified_gmt":"2013-02-05T21:34:28","slug":"degisen-dunyada-halk-kutuphaneleri-sempozyumu","status":"publish","type":"post","link":"https:\/\/www.bbyhaber.com\/bby\/2011\/11\/15\/degisen-dunyada-halk-kutuphaneleri-sempozyumu","title":{"rendered":"2.Halk K\u00fct\u00fcphanecili\u011fi Sempozyumu \u201cDe\u011fi\u015fen D\u00fcnyada Halk K\u00fct\u00fcphaneleri\u201d 9-12  May\u0131s 2012"},"content":{"rendered":"<p style=\"text-align: justify;\"><strong>2.Halk K\u00fct\u00fcphanecili\u011fi Sempozyumu \u201cDe\u011fi\u015fen D\u00fcnyada Halk K\u00fct\u00fcphaneleri\u201d 9-12\u00a0 May\u0131s 2012, Bodrum<\/strong><\/p>\n<p style=\"text-align: justify;\">Sempozyumun d\u00fczenleni\u015f amac\u0131, halk k\u00fct\u00fcphanelerinin nitelikli hizmet verebilmeleri i\u00e7in kendilerini \u00e7evreleyen de\u011fi\u015fime uyum sa\u011flama s\u00fcrecinin de\u011ferlendirilmesi ve tart\u0131\u015f\u0131lmas\u0131d\u0131r.<!--more--><\/p>\n<p style=\"text-align: justify;\">\u00a0Bu \u00e7er\u00e7evede;<\/p>\n<ul style=\"text-align: justify;\">\n<li>Halk k\u00fct\u00fcphanesi hizmetleri kapsam\u0131nda d\u00fcnyadaki geli\u015fmeler ve T\u00fcrkiye\u2019deki durumun belirlenmesi,<\/li>\n<li>Halk k\u00fct\u00fcphanecili\u011finde kar\u015f\u0131la\u015f\u0131lan sorunlar ve \u00e7\u00f6z\u00fcmleri i\u00e7in yeni yakla\u015f\u0131mlar\u0131n ortaya konulmas\u0131,<\/li>\n<li>Halk k\u00fct\u00fcphanelerinin halka ula\u015fmas\u0131nda yeni y\u00f6ntemler geli\u015ftirilmesi,<\/li>\n<li>T\u00fcrkiye\u2019deki halk k\u00fct\u00fcphanelerinin \u00f6rg\u00fctlenme sistemi ve mevzuattan kaynaklanan yetersizliklerinin belirlenmesi ile yeni \u00e7\u00f6z\u00fcmler ve model \u00f6nerilerinin geli\u015ftirilmesi hedeflenmektedir.<\/li>\n<\/ul>\n<p style=\"text-align: justify;\">\u00a0Halk k\u00fct\u00fcphanelerinde ve halk k\u00fct\u00fcphanecili\u011fi alan\u0131nda \u00e7al\u0131\u015fan ara\u015ft\u0131rmac\u0131lar ve bilgi profesyonellerine y\u00f6nelik olarak d\u00fczenlenen Sempozyumda, halk k\u00fct\u00fcphanelerini d\u00fcnya ve T\u00fcrkiye \u00f6l\u00e7e\u011finde \u00e7e\u015fitli boyutlar\u0131yla ele alacak \u00e7a\u011fr\u0131l\u0131 konu\u015fma,\u00a0 bildiri, poster ve \u00e7al\u0131\u015ftay gibi etkinlikler ger\u00e7ekle\u015ftirilecektir.<\/p>\n<div><span style=\"color: #ff0000;\"><strong>Sempozyum Program\u0131<\/strong><\/span><\/div>\n<p><span style=\"color: #0000ff;\">\u00a0<strong>\u00c7ar\u015famba, 9 May\u0131s 2012<\/strong><\/span><\/p>\n<table width=\"571\" border=\"1\" cellspacing=\"0\" cellpadding=\"0\">\n<tbody>\n<tr>\n<td valign=\"top\">09.00-09.30<\/td>\n<td valign=\"top\">Kay\u0131t<\/td>\n<\/tr>\n<tr>\n<td valign=\"top\">09.30-10.00<\/td>\n<td valign=\"top\"><strong>A\u00e7\u0131l\u0131\u015f<\/strong>\u00a0 (Salon 1)<\/td>\n<\/tr>\n<tr>\n<td valign=\"top\">10.00-10.45<\/td>\n<td valign=\"top\"><strong>\u00c7a\u011fr\u0131l\u0131 Konu\u015fma 1 &#8211;<\/strong>(Salon 1)<strong>Viviana Qui\u00f1ones<\/strong> (Biblioth\u00e8que Nationale de France &#8211; Chair of IFLA Section Libraries for Children and Young Adults): &#8220;G\u00fcn\u00fcm\u00fczde Gen\u00e7ler ve Halk K\u00fct\u00fcphaneleri&#8221;<\/td>\n<\/tr>\n<tr>\n<td valign=\"top\">10.45-11.00<\/td>\n<td valign=\"top\">\u00c7ay-Kahve Aras\u0131<\/td>\n<\/tr>\n<tr>\n<td valign=\"top\">11.00-12.30<\/td>\n<td valign=\"top\"><strong>\u00a0<\/strong><strong>1. OTURUM (<\/strong>Y\u00f6netici: Prof. Dr. Onur Bilge Kula<em>)\u00a0 <\/em>(Salon 1)<strong>Hasan S. Kesero\u011flu\u00a0 (<em>Kastamonu \u00dcniv.<\/em>): <\/strong>\u201cDe\u011fi\u015fen D\u00fcnyada De\u011fi\u015fmeyen Halk K\u00fct\u00fcphaneleri\u201d<strong>Esin Sultan O\u011fuz (<em>Hacettepe \u00dcniversitesi<\/em>):<\/strong>\u201cK\u00fclt\u00fcrleraras\u0131 \u0130leti\u015fimde Toplumsal B\u00fct\u00fcnle\u015fme Merkezi Olarak Halk K\u00fct\u00fcphaneleri\u201d<strong>Serap Kurbano\u011flu (<em>Hacettepe \u00dcniversitesi<\/em>):<\/strong>\u201cBilgi Okuryazarl\u0131\u011f\u0131 Becerilerinin \u00d6nemi ve Halk K\u00fct\u00fcphanelerinin Bilgi Okuryazarl\u0131\u011f\u0131 Becerilerinin Toplum Bireylerine Kazand\u0131r\u0131lmas\u0131ndaki Rol\u00fc\u201d<\/td>\n<\/tr>\n<tr>\n<td valign=\"top\">12.30-14.00<\/td>\n<td valign=\"top\">\u00d6\u011fle Yeme\u011fi<\/td>\n<\/tr>\n<tr>\n<td valign=\"top\">14.00-15.30<\/td>\n<td valign=\"top\"><strong>\u00a0<\/strong><strong>2. OTURUM (<\/strong>Y\u00f6netici: Prof. Dr. B\u00fclent Y\u0131lmaz<em>)\u00a0 <\/em>(Salon 1)<strong>\u0130nci \u00d6nal (<em>Hacettepe \u00dcniversitesi<\/em>): <\/strong>\u201cHizmet Verme Yar\u0131\u015f\u0131\u201d<strong>Mustafa Bayter (<em>Y. Beyaz\u0131t \u00dcniversitesi<\/em>): <\/strong>\u201cHalk K\u00fct\u00fcphanelerinde Yarat\u0131c\u0131 Bilgi Hizmetleri\u201d<strong>Abdullah Turan (<em>\u0130stanbul<\/em><em>Bilgi \u00dcniversitesi K\u00fct\u00fcphanesi<\/em>):<\/strong>\u201cMetropollerde Halk K\u00fct\u00fcphanesi Uygulamalar\u0131 ve Toplumda Fark\u0131ndal\u0131k Yaratacak Yenilik\u00e7i Fikirler\u201d<strong>\u00a0<\/strong><\/td>\n<\/tr>\n<tr>\n<td valign=\"top\">15.30-15.45<\/td>\n<td valign=\"top\">\u00c7ay Kahve Aras\u0131<\/td>\n<\/tr>\n<tr>\n<td valign=\"top\">15.45-16.45<\/td>\n<td valign=\"top\"><strong>\u00a0<\/strong><strong>POSTER SUNUMLARI <\/strong><strong>Asuman N. G\u00f6k (<em>Bornova \u0130l\u00e7e Halk K\u00fct\u00fcphanesi<\/em>): <\/strong>\u201cD\u00fcnya Kitaplarda Sakl\u0131\u201d<strong>Gizem G\u00fcltekin <em>(Hacettepe \u00dcniversitesi):<\/em><\/strong>\u201cSeattle Halk K\u00fct\u00fcphanesi Stratejik Plan\u0131 Analizi ve T\u00fcrkiye\u2019deki Halk K\u00fct\u00fcphanelerine Uygulanabilirli\u011fi\u201d<strong>A.Altay,\u00a0 ve\u00a0 Seda A. G\u00fcrdal (<em>K\u0131rklareli \u00dcniversitesi<\/em>) <\/strong>\u201c\u0130l\u00e7elerde Bulunan Meslek Y\u00fcksek Okullar\u0131 ve \u0130l\u00e7e Halk K\u00fct\u00fcphaneleri: K\u0131rklareli \u00d6rne\u011finde Bir \u0130\u015fbirli\u011fi \u00d6nerisi\u201d<strong>Faysal\u00a0 \u0130nan (<em>\u0130stanbul Ahmet Hamdi Tanp\u0131nar Edebiyat M\u00fcze K\u00fct\u00fcphanesi<\/em><\/strong><strong>) <\/strong>\u201cEdebiyat M\u00fcze K\u00fct\u00fcphane Kavram\u0131, K\u00fct\u00fcphanecili\u011fimize Katk\u0131s\u0131veAhmet Hamdi Tanp\u0131nar \u00d6rne\u011fi \u201d<strong>T\u00fcrkan Koca (<em>Samsun \u0130l Halk K\u00fct\u00fcphanesi<\/em>):<\/strong>\u201cSamsun Gazi \u0130l Halk K\u00fct\u00fcphanesi Konu\u015fan Kitapl\u0131\u011f\u0131\u201d<strong>\u0130lknur Encan <em>(Hacettepe \u00dcniversitesi):<\/em><\/strong>\u201cT\u00fcrkiye\u2019de Bilim ve Teknoloji Politikalar\u0131nda Halk K\u00fct\u00fcphanesine Yakla\u015f\u0131m\u201d<strong>Mehmet Ali Akkaya (<em>G\u00fcney Deniz Saha Komutanl\u0131\u011f\u0131<\/em>) <\/strong>\u201cHalk K\u00fct\u00fcphanelerinde Halkla \u0130li\u015fkiler ve Narl\u0131dere \u0130l\u00e7e Halk K\u00fct\u00fcphanesi \u00d6rne\u011fi\u201d<strong>\u00d6mer \u00c7etin ve Mahinur Ko\u00e7ak <em>(Hacettepe \u00dcniversitesi):<\/em><\/strong>\u201cT\u00fcrkiye\u2019deki \u0130l Halk K\u00fct\u00fcphanesi Web Sayfalar\u0131n\u0131n Yap\u0131sall\u0131k ve \u0130\u015flevsellik Bak\u0131m\u0131ndan De\u011ferlendirilmesi\u201d<strong>\u00a0<\/strong><\/td>\n<\/tr>\n<tr>\n<td valign=\"top\">19.00<\/td>\n<td valign=\"top\">Gala Yeme\u011fi<\/td>\n<\/tr>\n<\/tbody>\n<\/table>\n<p><span style=\"color: #0000ff;\">\u00a0<strong>Per\u015fembe, 10 May\u0131s 2012<\/strong><\/span><\/p>\n<table width=\"566\" border=\"1\" cellspacing=\"0\" cellpadding=\"0\">\n<tbody>\n<tr>\n<td valign=\"top\">09.00-10.30<\/td>\n<td valign=\"top\"><strong>\u00a0<\/strong><strong>3. OTURUM (<\/strong>Y\u00f6netici: Prof. Dr. Serap Kurbano\u011flu)<em>\u00a0 <\/em>(Salon 1)<strong>\u015eenol Karadeniz (<em>KYGM<\/em>): <\/strong>\u201cT\u00fcrkiye\u2019de Halk K\u00fct\u00fcphanelerine \u0130li\u015fkin Y\u00fcr\u00fcrl\u00fckte Olan Y\u00f6netmelikler ile K\u00fclt\u00fcr ve Turizm Bakanl\u0131\u011f\u0131nca Haz\u0131rlanan Yeni \u201cHalk K\u00fct\u00fcphanesi Y\u00f6netmeli\u011fi Tasla\u011f\u0131\u201dn\u0131n Kar\u015f\u0131la\u015ft\u0131r\u0131lmal\u0131 Analizi\u201d<strong>\u00d6zden D. Faydal\u0131g\u00fcl (<em>A.Menderes \u00dcniv. K\u00fct<\/em>.) B\u00fclent Y\u0131lmaz (<em>Hacettepe \u00dcniv<\/em>.): <\/strong>\u201cT\u00fcrkiye&#8217;de Halk K\u00fct\u00fcphanelerinin Yerel Y\u00f6netimlere Devri: K\u00fct\u00fcphaneciler Ne D\u00fc\u015f\u00fcn\u00fcyor?\u201d<strong>Nazan U\u00e7ak (<em>Hacettepe \u00dcniv.<\/em>)-\u00d6zlem \u015e. Top\u00e7u (<em>Hacettepe \u00dcniv<\/em>.):<\/strong>\u201cG\u00fcnl\u00fck Ya\u015famda Bilgi Gereksinimi ve Halk K\u00fct\u00fcphaneleri\u201d<strong>\u00a0<\/strong><\/td>\n<\/tr>\n<tr>\n<td valign=\"top\">10.30-10.45<\/td>\n<td valign=\"top\">\u00c7ay-Kahve Aras\u0131<\/td>\n<\/tr>\n<tr>\n<td valign=\"top\">10.45-12.15<\/td>\n<td valign=\"top\"><strong>\u00a0<\/strong><strong>4. OTURUM (<\/strong>Y\u00f6netici: Prof. Dr. Sacit Arslantekin)<em>\u00a0 <\/em>(Salon 1)<br \/>\n<strong><\/strong>Yurdag\u00fcl \u00dcnal (<em>Hacettepe \u00dcniversitesi<\/em>)- B\u00fclent Y\u0131lmaz (Hacettepe \u00dcniversitesi): \u201cHalk K\u00fct\u00fcphaneleri ve Europeana (Avrupa Dijital K\u00fct\u00fcphanesi)\u201d<br \/>\n<strong><br \/>\nHakan Koray \u00d6zl\u00fck-Bahad\u0131r Ayd\u0131nonat (<em>KYGM<\/em>):<\/strong>\u201cINDICATE Projesi: K\u00fclt\u00fcrel Miras\u0131n Dijitalle\u015ftirilmesi\u201d<strong>\u0130pek \u015eencan (<em>Hacettepe \u00dcniversitesi<\/em>):<\/strong>\u201c\u0130nternet\u2019in Halk K\u00fct\u00fcphanesi Kullan\u0131m\u0131na Etkisi\u201d<strong>\u00a0<\/strong><\/td>\n<\/tr>\n<tr>\n<td valign=\"top\">12.30-14.00<\/td>\n<td valign=\"top\">\u00d6\u011fle Yeme\u011fi<\/td>\n<\/tr>\n<tr>\n<td valign=\"top\">14.00-15.30<\/td>\n<td valign=\"top\"><strong>\u00a0<\/strong><strong>5. OTURUM <\/strong><strong>(<\/strong>Y\u00f6netici:Prof. Dr. Hasan S. Kesero\u011flu)<em>\u00a0 <\/em>(Salon 1)<strong>G\u00fclb\u00fcn Baydur (<em>Hacettepe \u00dcniversitesi<\/em>):<\/strong>\u201cHalk K\u00fct\u00fcphanesinin Yerel Ar\u015fiv Fonksiyonu\u201c<strong>Ahmet Kaya (<em>Ayd\u0131n \u0130l Halk K\u00fct\u00fcphanesi<\/em>):<\/strong>\u201cYerel Bellek Kurumlar\u0131 Olarak Halk K\u00fct\u00fcphaneleri\u201d<strong>G\u00fcrc\u00fc Gedikaslan (<em>Beyo\u011flu Turabibaba K\u00fct\u00fcphanesi<\/em>):<\/strong>\u201cHalk K\u00fct\u00fcphanesi Hizmetlerinde Yerel Y\u00f6netim K\u00fct\u00fcphaneleri: Beyo\u011flu Turabibaba K\u00fct\u00fcphanesi \u00d6rne\u011fi\u201d<\/td>\n<\/tr>\n<tr>\n<td valign=\"top\">15.30-15.45<\/td>\n<td valign=\"top\">\u00c7ay Kahve Aras\u0131<\/td>\n<\/tr>\n<tr>\n<td valign=\"top\">15.45-17.30<\/td>\n<td valign=\"top\"><strong>\u00a0<\/strong><strong>6. OTURUM <\/strong><strong>(<\/strong>Y\u00f6netici: Prof. Dr. Nazan U\u00e7ak<em>)\u00a0 <\/em>(Salon 1)<strong>Erol Y\u0131lmaz (<em>TBMM <em>Genel Sekreterli\u011fi<\/em><\/em>):<\/strong>\u201cHalk K\u00fct\u00fcphanelerinde Halkla \u0130li\u015fkiler \u00c7al\u0131\u015fmalar\u0131 ve Kullan\u0131lan Ara\u00e7lar\u201d<strong>Ayd\u0131n \u0130leri (<em>TKD Genel Ba\u015fkan Yard\u0131mc\u0131s\u0131<\/em>):<\/strong>\u201cHalk K\u00fct\u00fcphanelerinde G\u00f6n\u00fcll\u00fcl\u00fck ve T\u00fcrkiye\u2019de Deneyimler\u201d<strong>Selda Ekici\u00a0 (<em>ODT\u00dc K\u00fct\u00fcphanesi<\/em>):<\/strong>\u201cAnkara\u2019da Bulunan Halk K\u00fct\u00fcphanesi \u00c7ocuk B\u00f6l\u00fcmlerinin De\u011ferlendirilmesi\u201d<strong>Meri\u00e7 Dirik, Melisa Gelbal, Emine Cengiz, Seher Kopuz (<em>Hacettepe \u00dcniversitesi<\/em>):<\/strong>\u201cHalk K\u00fct\u00fcphanelerinde Mek\u00e2nsal Estetik\u201d<\/td>\n<\/tr>\n<tr>\n<td valign=\"top\">19.00<\/td>\n<td valign=\"top\">2. G\u00fcn Yeme\u011fi<\/td>\n<\/tr>\n<\/tbody>\n<\/table>\n<p><span style=\"color: #0000ff;\">\u00a0<strong>Cuma, 11 May\u0131s 2012<\/strong><\/span><\/p>\n<table width=\"565\" border=\"1\" cellspacing=\"0\" cellpadding=\"0\">\n<tbody>\n<tr>\n<td valign=\"top\">09.00-09.45<\/td>\n<td valign=\"top\"><strong>\u00a0<\/strong><strong>\u00c7a\u011fr\u0131l\u0131 Konu\u015fma 2 &#8211;<\/strong>(Salon 1)<strong>Frank Raumel<\/strong> (<em>Biberach Halk K\u00fct\u00fcphanesi<\/em>): \u201c\u00d6\u011frenme mekan\u0131 olarak k\u00fct\u00fcphane: Biberach \u0130l Halk K\u00fct\u00fcphanesi \u00f6rne\u011finde olanaklar ve perspektifler&#8221;<strong>\u00a0<\/strong><\/td>\n<\/tr>\n<tr>\n<td valign=\"top\">09.45-10.00<\/td>\n<td valign=\"top\">\u00c7ay-Kahve Aras\u0131<\/td>\n<\/tr>\n<tr>\n<td valign=\"top\">10.00-11.30<\/td>\n<td valign=\"top\"><strong>\u00a0<\/strong><strong>7. OTURUM <\/strong><strong>(<\/strong>Y\u00f6netici: Prof. Dr. G\u00fclb\u00fcn Baydur)<em>\u00a0 <\/em>(Salon 1)<strong>Durmu\u015f Sakmak\u00a0(<em>Milli K\u00fct\u00fcphane<\/em>):<\/strong>\u201cEngellilerin G\u00f6z\u00fcnden T\u00fcrkiye\u2019de K\u00fct\u00fcphane Hizmetleri\u201d<strong>Banu Altunay\u00a0 (<em>Gazi \u00dcniversitesi<\/em>): <\/strong>\u201cG\u00f6rme Engelli \u00d6\u011frencilerin K\u00fct\u00fcphane Kullan\u0131m\u0131nda Ya\u015fad\u0131klar\u0131 Temel Sorunlar ve \u00c7\u00f6z\u00fcm \u00d6nerileri\u201d<strong>G\u00fcler Demir (<em>Kastamonu \u00dcniversitesi<\/em>), H\u00fclya D. Kayao\u011flu (\u0130stanbul \u00dcniversitesi):<\/strong>\u201cHalk\u00a0\u00a0 K\u00fct\u00fcphanesi\u00a0Hizmetinin Uzant\u0131s\u0131 Olarak Ceza \u0130nfaz Kurumu K\u00fct\u00fcphanesi ve T\u00fcrkiye \u0130\u00e7in Bir Organizasyonel\u00a0Model \u00d6nerisi\u201d<\/td>\n<\/tr>\n<tr>\n<td valign=\"top\">11.30-11.45<\/td>\n<td valign=\"top\">\u00c7ay-Kahve Aras\u0131<\/td>\n<\/tr>\n<tr>\n<td valign=\"top\">11.45-12.30<\/td>\n<td valign=\"top\"><strong>\u00a0<\/strong><strong>\u00c7ALI\u015eTAYLAR <\/strong>\u00a0(Salon 1, 2, 3)<strong>Semra At\u0131n\u00e7 (<em>KYGM<\/em>): \u201c<\/strong>Halk K\u00fct\u00fcphanesi Yasas\u0131<strong>\u201d <\/strong>(Salon 1)<strong>Sacit Arslantekin (<em>Ankara \u00dcniversitesi):<\/em> \u201c<\/strong>Standartla\u015fma, Standartlar ve Halk K\u00fct\u00fcphaneleri\u201d (Salon 2)<strong>Erol Y\u0131lmaz (<em>TBMM Genel Sekreterli\u011fi<\/em>):<\/strong>\u201cHalk K\u00fct\u00fcphanelerinde Halkla \u0130li\u015fkiler Uygulamalar\u0131\u201d (Salon 3)<\/td>\n<\/tr>\n<tr>\n<td valign=\"top\">12.30-14.00<\/td>\n<td valign=\"top\">\u00d6\u011fle Yeme\u011fi<\/td>\n<\/tr>\n<tr>\n<td valign=\"top\">14.00-15.00<\/td>\n<td valign=\"top\"><strong>\u00a0<\/strong><strong>\u00c7ALI\u015eTAYLAR\u00a0 <\/strong>(Salon 1, 2)<strong>TKD D\u00fc\u015f\u00fcnce \u00d6zg\u00fcrl\u00fc\u011f\u00fc Grubu-D\u00d6G (<em>TKD<\/em>):<\/strong>\u201cD\u00fc\u015f\u00fcnce \u00d6zg\u00fcrl\u00fc\u011f\u00fc ve Halk K\u00fct\u00fcphaneleri\u201d (Salon 1)<strong>Serkan Menemen (<em>Ankara Ali Day\u0131 \u00c7ocuk K\u00fct\u00fcphanesi)<\/em>:<\/strong>\u201c Yarat\u0131c\u0131 Drama Y\u00f6ntemiyle \u00c7ocuklara K\u00fct\u00fcphane Kullanma Bilincinin Kazand\u0131r\u0131lmas\u0131\u201d (Salon 2)<\/td>\n<\/tr>\n<tr>\n<td valign=\"top\">15.00-15.15<\/td>\n<td valign=\"top\">\u00c7ay-Kahve Aras\u0131<\/td>\n<\/tr>\n<tr>\n<td valign=\"top\">15.15-16.15<\/td>\n<td valign=\"top\"><strong>\u00a0<\/strong><strong>DE\u011eERLEND\u0130RME ve KAPANI\u015e OTURUMU<\/strong>(Salon 1)<\/td>\n<\/tr>\n<tr>\n<td valign=\"top\">19.00<\/td>\n<td valign=\"top\">3. G\u00fcn Yeme\u011fi<\/td>\n<\/tr>\n<\/tbody>\n<\/table>\n<p style=\"text-align: justify;\">\u00a0Web site:\u00a0 <a title=\"Halk K\u00fct\u00fcphanecili\u011fi\" href=\"http:\/\/www.halkkutuphaneciligi.gov.tr\" target=\"_blank\">Halk K\u00fct\u00fcphanecili\u011fi<\/a><\/p>\n","protected":false},"excerpt":{"rendered":"<p>2.Halk K\u00fct\u00fcphanecili\u011fi Sempozyumu \u201cDe\u011fi\u015fen D\u00fcnyada Halk K\u00fct\u00fcphaneleri\u201d 9-12\u00a0 May\u0131s 2012, Bodrum Sempozyumun d\u00fczenleni\u015f amac\u0131, halk k\u00fct\u00fcphanelerinin nitelikli hizmet verebilmeleri i\u00e7in kendilerini \u00e7evreleyen de\u011fi\u015fime uyum sa\u011flama s\u00fcrecinin de\u011ferlendirilmesi ve tart\u0131\u015f\u0131lmas\u0131d\u0131r.<\/p>\n","protected":false},"author":1,"featured_media":0,"comment_status":"closed","ping_status":"closed","sticky":false,"template":"","format":"standard","meta":{"footnotes":""},"categories":[],"tags":[1395,293,848],"class_list":["post-786","post","type-post","status-publish","format-standard","hentry","tag-bby-mesleki-etkinlikler-arsivi","tag-halk-kutuphaneciligi-sempozyumu","tag-halk-kutuphaneleri"],"_links":{"self":[{"href":"https:\/\/www.bbyhaber.com\/bby\/wp-json\/wp\/v2\/posts\/786"}],"collection":[{"href":"https:\/\/www.bbyhaber.com\/bby\/wp-json\/wp\/v2\/posts"}],"about":[{"href":"https:\/\/www.bbyhaber.com\/bby\/wp-json\/wp\/v2\/types\/post"}],"author":[{"embeddable":true,"href":"https:\/\/www.bbyhaber.com\/bby\/wp-json\/wp\/v2\/users\/1"}],"replies":[{"embeddable":true,"href":"https:\/\/www.bbyhaber.com\/bby\/wp-json\/wp\/v2\/comments?post=786"}],"version-history":[{"count":0,"href":"https:\/\/www.bbyhaber.com\/bby\/wp-json\/wp\/v2\/posts\/786\/revisions"}],"wp:attachment":[{"href":"https:\/\/www.bbyhaber.com\/bby\/wp-json\/wp\/v2\/media?parent=786"}],"wp:term":[{"taxonomy":"category","embeddable":true,"href":"https:\/\/www.bbyhaber.com\/bby\/wp-json\/wp\/v2\/categories?post=786"},{"taxonomy":"post_tag","embeddable":true,"href":"https:\/\/www.bbyhaber.com\/bby\/wp-json\/wp\/v2\/tags?post=786"}],"curies":[{"name":"wp","href":"https:\/\/api.w.org\/{rel}","templated":true}]}}