{"id":7850,"date":"2012-11-22T09:06:04","date_gmt":"2012-11-22T07:06:04","guid":{"rendered":"http:\/\/www.bbyhaber.com\/bby\/?p=7850"},"modified":"2012-11-22T09:06:36","modified_gmt":"2012-11-22T07:06:36","slug":"ogrencilerden-hapishanelere-kutuphane-projesi","status":"publish","type":"post","link":"https:\/\/www.bbyhaber.com\/bby\/2012\/11\/22\/ogrencilerden-hapishanelere-kutuphane-projesi","title":{"rendered":"\u00d6\u011frencilerden Hapishanelere K\u00fct\u00fcphane Projesi"},"content":{"rendered":"<p style=\"text-align: justify;\"><img loading=\"lazy\" decoding=\"async\" class=\"alignleft\" src=\"http:\/\/www.sivashaber.com.tr\/image.php?image=files\/news\/thumb\/bfc811ee24.jpg&amp;maxim_size=336\" alt=\"\" width=\"194\" height=\"129\" \/>Sivas\u2019ta \u00fcniversite \u00f6\u011frencileri \u00f6rnek proje yaparak hapishanelerde k\u00fct\u00fcphane olu\u015fturmay\u0131 hedefliyor. Cumhuriyet \u00dcniversitesi (C\u00dc) T\u00fcrk\u00e7e \u00d6\u011fretmenli\u011fi 3. s\u0131n\u0131f \u00f6\u011frencileri, derslerini projeye d\u00f6n\u00fc\u015ft\u00fcrerek kent meydan\u0131nda stant a\u00e7t\u0131. \u00d6\u011frenciler, a\u00e7\u0131lan stantlarla mahkumlar\u0131n kitap okumalar\u0131n\u0131 sa\u011flamak i\u00e7in hapishanelere k\u00fct\u00fcphane olu\u015fturmay\u0131 ama\u00e7l\u0131yor.<!--more--><\/p>\n<p style=\"text-align: justify;\">\u2018Mahkum De\u011filsiniz Projesi\u2019 kapsam\u0131nda kent meydan\u0131nda olu\u015fturduklar\u0131 stantta her t\u00fcrl\u00fc kitab\u0131 toplad\u0131klar\u0131n\u0131 belirten C\u00dc T\u00fcrk\u00e7e \u00d6\u011fretmenli\u011fi 3. s\u0131n\u0131f \u00f6\u011frencisi ve Proje Sorumlusu Akg\u00fcn B\u00fclb\u00fcl, 5 g\u00fcn boyunca Sivas halk\u0131ndan kitap beklediklerini, herkesin kampanyaya destek olmas\u0131n\u0131 istedi.<\/p>\n<p style=\"text-align: justify;\">T\u00fcrk\u00e7e \u00d6\u011fretmenli\u011fi B\u00f6l\u00fcm\u00fc\u2019nde \u00f6\u011fretim g\u00f6revlisi olan Yrd. Do\u00e7. Dr. Evren Karata\u015f taraf\u0131ndan projenin ba\u015flat\u0131ld\u0131\u011f\u0131n\u0131 belirten B\u00fclb\u00fcl, kitap stantlar\u0131ndaki fazla kitaplar\u0131 ise, yard\u0131ma muhta\u00e7 k\u00f6y okullar\u0131na da\u011f\u0131tacaklar\u0131n\u0131 s\u00f6zlerine ekledi.<\/p>\n<p>Kaynak: http:\/\/www.sivashaber.com.tr<\/p>\n","protected":false},"excerpt":{"rendered":"<p>Sivas\u2019ta \u00fcniversite \u00f6\u011frencileri \u00f6rnek proje yaparak hapishanelerde k\u00fct\u00fcphane olu\u015fturmay\u0131 hedefliyor. Cumhuriyet \u00dcniversitesi (C\u00dc) T\u00fcrk\u00e7e \u00d6\u011fretmenli\u011fi 3. s\u0131n\u0131f \u00f6\u011frencileri, derslerini projeye d\u00f6n\u00fc\u015ft\u00fcrerek kent meydan\u0131nda stant a\u00e7t\u0131. \u00d6\u011frenciler, a\u00e7\u0131lan stantlarla mahkumlar\u0131n kitap okumalar\u0131n\u0131 sa\u011flamak i\u00e7in hapishanelere k\u00fct\u00fcphane olu\u015fturmay\u0131 ama\u00e7l\u0131yor.<\/p>\n","protected":false},"author":1,"featured_media":0,"comment_status":"open","ping_status":"open","sticky":false,"template":"","format":"standard","meta":{"footnotes":""},"categories":[1],"tags":[114],"class_list":["post-7850","post","type-post","status-publish","format-standard","hentry","category-genel","tag-cezaevi-kutuphane"],"_links":{"self":[{"href":"https:\/\/www.bbyhaber.com\/bby\/wp-json\/wp\/v2\/posts\/7850"}],"collection":[{"href":"https:\/\/www.bbyhaber.com\/bby\/wp-json\/wp\/v2\/posts"}],"about":[{"href":"https:\/\/www.bbyhaber.com\/bby\/wp-json\/wp\/v2\/types\/post"}],"author":[{"embeddable":true,"href":"https:\/\/www.bbyhaber.com\/bby\/wp-json\/wp\/v2\/users\/1"}],"replies":[{"embeddable":true,"href":"https:\/\/www.bbyhaber.com\/bby\/wp-json\/wp\/v2\/comments?post=7850"}],"version-history":[{"count":0,"href":"https:\/\/www.bbyhaber.com\/bby\/wp-json\/wp\/v2\/posts\/7850\/revisions"}],"wp:attachment":[{"href":"https:\/\/www.bbyhaber.com\/bby\/wp-json\/wp\/v2\/media?parent=7850"}],"wp:term":[{"taxonomy":"category","embeddable":true,"href":"https:\/\/www.bbyhaber.com\/bby\/wp-json\/wp\/v2\/categories?post=7850"},{"taxonomy":"post_tag","embeddable":true,"href":"https:\/\/www.bbyhaber.com\/bby\/wp-json\/wp\/v2\/tags?post=7850"}],"curies":[{"name":"wp","href":"https:\/\/api.w.org\/{rel}","templated":true}]}}