{"id":779,"date":"2018-03-11T21:32:11","date_gmt":"2018-03-11T18:32:11","guid":{"rendered":"http:\/\/ihalekutuphane.com\/?p=779"},"modified":"2018-03-11T21:32:11","modified_gmt":"2018-03-11T18:32:11","slug":"milli-kaynaklarimizin-etkili-ve-ekonomik-kullanilmasi-icin-elektronik-kaynaklar-saglama-ofisi-kurulmasinin-zamani-gelmedi-mi","status":"publish","type":"post","link":"https:\/\/www.bbyhaber.com\/bby\/2018\/03\/11\/milli-kaynaklarimizin-etkili-ve-ekonomik-kullanilmasi-icin-elektronik-kaynaklar-saglama-ofisi-kurulmasinin-zamani-gelmedi-mi","title":{"rendered":"Milli Kaynaklar\u0131m\u0131z\u0131n Etkili ve Ekonomik Kullan\u0131lmas\u0131 \u0130\u00e7in &#8220;Elektronik Kaynaklar Sa\u011flama Ofisi&#8221; Kurulmas\u0131n\u0131n Zaman\u0131 Gelmedi Mi?"},"content":{"rendered":"<p>Merhabalar,<\/p>\n<p>Beni en \u00e7ok dertlendiren ve d\u00fc\u015f\u00fcnd\u00fcren konulardan biride\u00a0 milli kaynaklar\u0131m\u0131z\u0131n etkili ve ekonomik kullan\u0131lam\u0131yor olmas\u0131.\u00a0 Elektronik kaynaklar\u0131n pazarl\u0131k s\u00fcre\u00e7leri, kurumlara g\u00f6re de\u011fi\u015fen fiyat politikalar\u0131 ve \u00f6ng\u00f6r\u00fclemeyen riskler.<\/p>\n<p>Daha \u00f6nceki yaz\u0131lar\u0131mda bolca payla\u015fm\u0131\u015ft\u0131m. Elektronik kaynaklar\u0131n sat\u0131n alma\u00a0 ve \u00f6deme s\u00fcre\u00e7lerinde bir y\u0131\u011f\u0131n risk bar\u0131nd\u0131rmakta.<\/p>\n<h1><span style=\"font-size: 20px;\">Elektronik Kaynaklar\u0131n Al\u0131m S\u00fcre\u00e7lerinde Ne T\u00fcr Riskler Var?<\/span><\/h1>\n<ul>\n<li>Konsorsiyum harici al\u0131nan elektronik kaynaklar\u0131n fiyat modelleri s\u0131r gibi saklan\u0131yor. \u00d6rne\u011fin A \u00fcniversitesi 15.000 USD \u00f6derken pazarl\u0131\u011f\u0131 iyi yapan B \u00fcniversitesi 10.000 USD \u00f6deyerek ayn\u0131 veritaban\u0131n\u0131 alabiliyor. Say\u0131\u015ftay diyelim ki bu durumu fark etti. \u0130lk soraca\u011f\u0131 soru neden yeterince fiyat ara\u015ft\u0131rmas\u0131 yapmad\u0131n ya da neden kamu zarar\u0131na neden oldun ?<\/li>\n<li>Veritaban\u0131 fiyatlar\u0131 belirlenirken \u00e7ok fazla fakt\u00f6r var. Kullan\u0131c\u0131 say\u0131s\u0131, kullan\u0131m istatisti\u011fi vb. bizi denetleyenler bu durumu da pek anlam\u0131yorlar. Onlara su\u00e7 bulmamak gerekiyor hala bende baz\u0131 \u015feyleri anlam\u0131yorum. Buradan da \u00f6zellikle i\u00e7 denetimlerde sorgular a\u00e7\u0131labilir.<\/li>\n<li>KDV oranlar\u0131ndaki farkl\u0131 anlamalar, eksik veya fazla KDV \u00f6demek de \u00dcniversite \u00e7al\u0131\u015fanlar\u0131n\u0131 zor duruma d\u00fc\u015f\u00fcrecek konulardan biri.<\/li>\n<li>Standartlara veya \u00fclkemiz mevzuat\u0131na uymayan lisans anla\u015fmalar\u0131 ve dok\u00fcmanlar.<\/li>\n<li>Liste daha uzay\u0131p gidebilir.<\/li>\n<\/ul>\n<h1><span style=\"font-size: 20px;\">\u00d6nerim: &#8220;Elektronik Kaynaklar Sa\u011flama Ofisi&#8221;Kurulmas\u0131\u00a0<\/span><\/h1>\n<ul>\n<li>Devlet sistemimizde \u00f6rnek ofisler var. \u00d6rne\u011fin DMO &#8211; Devlet Malzeme Ofisi<\/li>\n<li>Elektronik Kaynaklar Sa\u011flama Ofisinin kurulmas\u0131 \u00e7o\u011fu yasal sorunu ortadan kald\u0131racak.<\/li>\n<li>\u00dcniversiteler Elektronik kaynaklar\u0131n al\u0131m\u00a0 ve \u00f6deme s\u00fcre\u00e7lerinde daha az emek verecektir.<\/li>\n<li>Pazarl\u0131\u011f\u0131 &#8220;Elektronik Kaynaklar Sa\u011flama Ofisi&#8221; yapacak ve \u00fcniversiteler \u00f6demeyi bu ofise yapacakt\u0131r.<\/li>\n<li>Lisans s\u00f6zle\u015fmeleri tek tarafl\u0131 olmayacak milli menfaatlerde korunacakt\u0131r.<\/li>\n<li>Elektronik Kaynaklar Sa\u011flama Ofisi abone olunan veritabanlar\u0131n\u0131n i\u00e7erik ve kaynaklar\u0131n\u0131n y\u00f6netilmesine dair yaz\u0131l\u0131mlar geli\u015ftirebilir<\/li>\n<li>Veritaban\u0131 firmalar\u0131 iflas etti\u011finde veya herhangi bir ambargo sonras\u0131 ar\u015fiv haklar\u0131m\u0131z ne olacak bunu kimse bilmiyor. En az\u0131ndan\u00a0Elektronik Kaynaklar Sa\u011flama Ofisi bu konularda \u00e7\u00f6z\u00fcm \u00fcretebilir.<\/li>\n<\/ul>\n<p><strong><span style=\"color: #ff0000;\">Listeyi k\u0131sa tuttum bu konuda \u00e7ok \u015fey yaz\u0131labilir. Ulusal ve milli \u00e7\u0131karlar\u0131m\u0131z gere\u011fi b\u00fct\u00e7elerin etkin ve ekonomik kullan\u0131lmas\u0131 i\u00e7in\u00a0Elektronik Kaynaklar Sa\u011flama Ofisine ihtiyac\u0131m\u0131z var. Bu konuda biz k\u00fct\u00fcphanecilere ve meslek \u00f6rg\u00fctlerine \u00e7ok i\u015f d\u00fc\u015fmektedir.<\/span><\/strong><\/p>\n<p><strong><span style=\"color: #ff0000;\">Sayg\u0131lar\u0131mla.<\/span><\/strong><\/p>\n<p><a href=\"http:\/\/ihalekutuphane.com\/2018\/03\/11\/milli-kaynaklarimizin-etkili-ve-ekonomik-kullanilmasi-icin-elektronik-kaynaklar-saglama-ofisi-kurulmasinin-zamani-gelmedi-mi\/\" target=\"_blank\" rel=\"noopener\">Kaynak<\/a><\/p>\n","protected":false},"excerpt":{"rendered":"<p>Merhabalar, Beni en \u00e7ok dertlendiren ve d\u00fc\u015f\u00fcnd\u00fcren konulardan biride\u00a0 milli kaynaklar\u0131m\u0131z\u0131n etkili ve ekonomik kullan\u0131lam\u0131yor olmas\u0131.\u00a0 Elektronik kaynaklar\u0131n pazarl\u0131k s\u00fcre\u00e7leri, kurumlara g\u00f6re de\u011fi\u015fen fiyat politikalar\u0131 ve \u00f6ng\u00f6r\u00fclemeyen riskler. Daha \u00f6nceki yaz\u0131lar\u0131mda bolca payla\u015fm\u0131\u015ft\u0131m. Elektronik kaynaklar\u0131n sat\u0131n alma\u00a0 ve \u00f6deme s\u00fcre\u00e7lerinde bir y\u0131\u011f\u0131n risk bar\u0131nd\u0131rmakta. Elektronik Kaynaklar\u0131n Al\u0131m S\u00fcre\u00e7lerinde Ne T\u00fcr Riskler Var? Konsorsiyum harici al\u0131nan [&hellip;]<\/p>\n","protected":false},"author":154,"featured_media":781,"comment_status":"open","ping_status":"open","sticky":false,"template":"","format":"standard","meta":{"footnotes":""},"categories":[1],"tags":[1157],"class_list":["post-779","post","type-post","status-publish","format-standard","has-post-thumbnail","hentry","category-genel","tag-elektronik-kaynaklar-saglama-ofisi"],"_links":{"self":[{"href":"https:\/\/www.bbyhaber.com\/bby\/wp-json\/wp\/v2\/posts\/779"}],"collection":[{"href":"https:\/\/www.bbyhaber.com\/bby\/wp-json\/wp\/v2\/posts"}],"about":[{"href":"https:\/\/www.bbyhaber.com\/bby\/wp-json\/wp\/v2\/types\/post"}],"author":[{"embeddable":true,"href":"https:\/\/www.bbyhaber.com\/bby\/wp-json\/wp\/v2\/users\/154"}],"replies":[{"embeddable":true,"href":"https:\/\/www.bbyhaber.com\/bby\/wp-json\/wp\/v2\/comments?post=779"}],"version-history":[{"count":0,"href":"https:\/\/www.bbyhaber.com\/bby\/wp-json\/wp\/v2\/posts\/779\/revisions"}],"wp:featuredmedia":[{"embeddable":true,"href":"https:\/\/www.bbyhaber.com\/bby\/wp-json\/"}],"wp:attachment":[{"href":"https:\/\/www.bbyhaber.com\/bby\/wp-json\/wp\/v2\/media?parent=779"}],"wp:term":[{"taxonomy":"category","embeddable":true,"href":"https:\/\/www.bbyhaber.com\/bby\/wp-json\/wp\/v2\/categories?post=779"},{"taxonomy":"post_tag","embeddable":true,"href":"https:\/\/www.bbyhaber.com\/bby\/wp-json\/wp\/v2\/tags?post=779"}],"curies":[{"name":"wp","href":"https:\/\/api.w.org\/{rel}","templated":true}]}}