{"id":7762,"date":"2012-11-20T12:50:20","date_gmt":"2012-11-20T10:50:20","guid":{"rendered":"http:\/\/www.bbyhaber.com\/bby\/?p=7762"},"modified":"2012-11-20T12:51:31","modified_gmt":"2012-11-20T10:51:31","slug":"odemise-bagli-yolustu-koyu-ilkogretim-okuluna-kutuphane-izmir","status":"publish","type":"post","link":"https:\/\/www.bbyhaber.com\/bby\/2012\/11\/20\/odemise-bagli-yolustu-koyu-ilkogretim-okuluna-kutuphane-izmir","title":{"rendered":"\u00d6demi\u015f&#8217;e ba\u011fl\u0131 Yol\u00fcst\u00fc K\u00f6y\u00fc \u0130lk\u00f6\u011fretim Okuluna K\u00fct\u00fcphane-\u0130zmir"},"content":{"rendered":"<p style=\"text-align: justify;\">\u00d6demi\u015f&#8217;e ba\u011fl\u0131 Yol\u00fcst\u00fc K\u00f6y\u00fc \u0130lk\u00f6\u011fretim Okulu bah\u00e7esine devlet vatanda\u015f i\u015fbirli\u011fi ile modern bir k\u00fct\u00fcphane kazand\u0131r\u0131ld\u0131. K\u00fct\u00fcphane a\u00e7\u0131l\u0131\u015f\u0131na Kaymakam Abdullah D\u00f6lek, eski \u00d6demi\u015f Kaymakam\u0131 ve Trabzon Vali Yard\u0131mc\u0131s\u0131 Abdurrahman Ko\u00e7o\u011flu, Belediye Ba\u015fkan\u0131 Bekir Keskin, Kayak\u00f6y Belediye Ba\u015fkan\u0131 Ali Akka\u015fl\u0131, \u0130l\u00e7e Milli E\u011fitim M\u00fcd\u00fcr\u00fc Cevdet \u00dcnl\u00fc, Vergi Dairesi M\u00fcd\u00fcr\u00fc Hamza Cihaner, N\u00fcfus M\u00fcd\u00fcr\u00fc Ali Osman Pala,<!--more--> M\u00fcft\u00fc Mustafa Bilgi\u00e7, ADD \u015eube Ba\u015fkan\u0131 Hikmet G\u00fcri\u015f, \u0130zmir \u0130li Dam\u0131zl\u0131k S\u0131\u011f\u0131r Yeti\u015ftiricileri Birli\u011fi Ba\u015fkan\u0131 Mehmet \u00c7elikkaleli, \u00d6demi\u015f Ziraat Odas\u0131 Ba\u015fkan\u0131 Ahmet Kocaa\u011fa, Yol\u00fcst\u00fc Muhtar\u0131 Kemal Sa\u011flam, muhtarlar, belediye meclis \u00fcyeleri, K\u00f6ylere Hizmet G\u00f6t\u00fcrme Birli\u011fi \u00fcyeleri ve k\u00fct\u00fcphanenin yap\u0131m\u0131na katk\u0131 sa\u011flayan i\u015f adam\u0131 H\u00fcseyin Baysan ad\u0131na \u0130nan \u00d6zsoy, gazeteci Y\u00fcksel Balc\u0131, okul idarecileri, \u00f6\u011fretmenler, \u00f6\u011frenciler ve veliler kat\u0131ld\u0131. K\u00fct\u00fcphanenin a\u00e7\u0131l\u0131\u015f t\u00f6reninde ilk konu\u015fmay\u0131 Okul M\u00fcd\u00fcr\u00fc Kozan yapt\u0131, &#8220;Kitaplar en \u00f6nemli kaynaklard\u0131r.<\/p>\n<p style=\"text-align: justify;\">Bug\u00fcn a\u00e7\u0131l\u0131\u015f\u0131n\u0131 ger\u00e7ekle\u015ftirdi\u011fimiz k\u00fct\u00fcphanenin yap\u0131lmas\u0131nda \u00f6nc\u00fcl\u00fck yapan Say\u0131n Mehmet \u00c7elikkaleli&#8217;ye, Y\u00fcksel Balc\u0131&#8217;ya, Belediye Ba\u015fkan\u0131m\u0131z Bekir Keskin&#8217;e ve hay\u0131rsever i\u015fadam\u0131m\u0131z H\u00fcseyin Baysan&#8217;a te\u015fekk\u00fcr ediyorum&#8221; dedi Ard\u0131ndan \u00d6demi\u015f&#8217;in eski kaymakam\u0131, Trabzon Vali Yard\u0131mc\u0131s\u0131 Abdurrahman Ko\u00e7o\u011flu konu\u015fma yapt\u0131. Ko\u00e7o\u011flu, &#8220;Buradan ayr\u0131lal\u0131 daha 2,5 ay oldu. K\u00fct\u00fcphanemizin a\u00e7\u0131l\u0131\u015f\u0131 nedeniyle bug\u00fcn buraday\u0131m. \u00d6demi\u015f&#8217;te g\u00f6revde iken s\u00fct toplama merkezleri, k\u00f6ylerimizin yollar\u0131, bak\u0131mlar\u0131, k\u00f6y konaklar\u0131, \u00e7evre d\u00fczenlemeleri, su depolar\u0131, ve bir \u00e7ok burada ayr\u0131nt\u0131s\u0131na girmeyece\u011fim yat\u0131r\u0131mlar\u0131 hayata ge\u00e7irdik. K\u00fct\u00fcphanenin yap\u0131lmas\u0131 konusunda destek sa\u011flayan sevgili H\u00fcseyin Baysan&#8217;a te\u015fekk\u00fcr ediyorum. K\u00fct\u00fcphaneler ve kitaplar \u00f6nemli. Bir \u00e7ocu\u011fun b\u00fcy\u00fcmesinde ekmek, su ne kadar \u00f6nemliyse, Onun ruhunun g\u0131das\u0131 da kitaplar ve bilgidir. Ben de okulda iken k\u00fct\u00fcphanemizde ne kadar kitap varsa okumu\u015f idim. Hem ders \u00e7al\u0131\u015ft\u0131\u011f\u0131m, hem de kitap okudu\u011fum k\u00fct\u00fcphaneler benim hayat\u0131mda \u00f6nemli bir yer te\u015fkil etmi\u015ftir. K\u00f6yl\u00fclerimizi de buraya \u00e7ekerek onlar\u0131n da burada kitap okumalar\u0131n\u0131 sa\u011flamak en g\u00fczel hizmet olacakt\u0131r&#8221; diye konu\u015ftu.<\/p>\n<p style=\"text-align: justify;\">\u00d6demi\u015f Kaymakam\u0131 D\u00f6lek de, konu\u015fmas\u0131nda \u015funlar\u0131 s\u00f6yledi: &#8220;Bug\u00fcn okulunuza, k\u00f6y\u00fcn\u00fcze hizmet verecek ve ne\u015fenize ne\u015fe katacak bir yer daha hizmete giriyor. Buradan bug\u00fcn\u00fcn k\u00fc\u00e7\u00fckleri olan \u00e7ocuklar\u0131m\u0131z yar\u0131n savc\u0131, h\u00e2kim, doktor, \u00f6\u011fretmen, kaymakam, bakan ve ba\u015fbakan, hatta cumhurba\u015fkan\u0131 olacakt\u0131r. Say\u0131n valimizin \u00d6demi\u015f&#8217;te dolu dolu 6 y\u0131l g\u00f6rev yapt\u0131\u011f\u0131 il\u00e7eden g\u00fczel eserlerle ayr\u0131l\u0131p arkas\u0131ndan an\u0131lmas\u0131 bizleri de \u00e7ok mutlu etmi\u015ftir. Say\u0131n Valimize \u00e7ok te\u015fekk\u00fcr ediyorum.&#8221; Konu\u015fmalar\u0131n ard\u0131ndan okulun halk oyunlar\u0131 ekibi \u00e7e\u015fitli g\u00f6steriler sundu. Ard\u0131ndan Cengiz Oval\u0131 adl\u0131 \u00f6\u011frenci, g\u00fcn\u00fcn anlam ve \u00f6nemini belirten bir konu\u015fma yapt\u0131. Ahmet Latif K\u0131rl\u0131 ve Rukiye \u0130nci adl\u0131 \u00f6\u011frencilerde de \u015fiirler okudu. Daha sonra i\u015fadam\u0131 H\u00fcseyin Baysan ad\u0131na plaketini \u0130nan \u00d6zsoy ald\u0131. Protokol \u00fcyeleri k\u00fct\u00fcphanenin kurdelesini keserek a\u00e7\u0131l\u0131\u015f\u0131 ger\u00e7ekle\u015ftirdiler. Kitap okuma b\u00f6l\u00fcm\u00fcn\u00fcn yan\u0131 s\u0131ra bilgisayarlar\u0131n da yer ald\u0131\u011f\u0131 k\u00fct\u00fcphanenin a\u00e7\u0131l\u0131\u015f\u0131 sonras\u0131 \u00d6demi\u015f Belediye Ba\u015fkan\u0131 Bekir Keskin de bir adet klima hediye etti\u011fini a\u00e7\u0131klad\u0131. Program ikramlarla sona erdi.<\/p>\n<p style=\"text-align: justify;\">Kaynak:http:\/\/www.gazetea24.com\/<\/p>\n","protected":false},"excerpt":{"rendered":"<p>\u00d6demi\u015f&#8217;e ba\u011fl\u0131 Yol\u00fcst\u00fc K\u00f6y\u00fc \u0130lk\u00f6\u011fretim Okulu bah\u00e7esine devlet vatanda\u015f i\u015fbirli\u011fi ile modern bir k\u00fct\u00fcphane kazand\u0131r\u0131ld\u0131. K\u00fct\u00fcphane a\u00e7\u0131l\u0131\u015f\u0131na Kaymakam Abdullah D\u00f6lek, eski \u00d6demi\u015f Kaymakam\u0131 ve Trabzon Vali Yard\u0131mc\u0131s\u0131 Abdurrahman Ko\u00e7o\u011flu, Belediye Ba\u015fkan\u0131 Bekir Keskin, Kayak\u00f6y Belediye Ba\u015fkan\u0131 Ali Akka\u015fl\u0131, \u0130l\u00e7e Milli E\u011fitim M\u00fcd\u00fcr\u00fc Cevdet \u00dcnl\u00fc, Vergi Dairesi M\u00fcd\u00fcr\u00fc Hamza Cihaner, N\u00fcfus M\u00fcd\u00fcr\u00fc Ali Osman Pala,<\/p>\n","protected":false},"author":1,"featured_media":0,"comment_status":"open","ping_status":"open","sticky":false,"template":"","format":"standard","meta":{"footnotes":""},"categories":[1,1498],"tags":[845],"class_list":["post-7762","post","type-post","status-publish","format-standard","hentry","category-genel","category-koy-kutuphaneleri","tag-okul-kutuphaneleri"],"_links":{"self":[{"href":"https:\/\/www.bbyhaber.com\/bby\/wp-json\/wp\/v2\/posts\/7762"}],"collection":[{"href":"https:\/\/www.bbyhaber.com\/bby\/wp-json\/wp\/v2\/posts"}],"about":[{"href":"https:\/\/www.bbyhaber.com\/bby\/wp-json\/wp\/v2\/types\/post"}],"author":[{"embeddable":true,"href":"https:\/\/www.bbyhaber.com\/bby\/wp-json\/wp\/v2\/users\/1"}],"replies":[{"embeddable":true,"href":"https:\/\/www.bbyhaber.com\/bby\/wp-json\/wp\/v2\/comments?post=7762"}],"version-history":[{"count":0,"href":"https:\/\/www.bbyhaber.com\/bby\/wp-json\/wp\/v2\/posts\/7762\/revisions"}],"wp:attachment":[{"href":"https:\/\/www.bbyhaber.com\/bby\/wp-json\/wp\/v2\/media?parent=7762"}],"wp:term":[{"taxonomy":"category","embeddable":true,"href":"https:\/\/www.bbyhaber.com\/bby\/wp-json\/wp\/v2\/categories?post=7762"},{"taxonomy":"post_tag","embeddable":true,"href":"https:\/\/www.bbyhaber.com\/bby\/wp-json\/wp\/v2\/tags?post=7762"}],"curies":[{"name":"wp","href":"https:\/\/api.w.org\/{rel}","templated":true}]}}