{"id":776,"date":"2018-03-11T20:07:19","date_gmt":"2018-03-11T17:07:19","guid":{"rendered":"http:\/\/ihalekutuphane.com\/?p=776"},"modified":"2018-03-11T20:07:19","modified_gmt":"2018-03-11T17:07:19","slug":"unak-veritabani-secim-kriterleri-ve-satin-alma-surecleri-seminerinden-bana-kalanlar","status":"publish","type":"post","link":"https:\/\/www.bbyhaber.com\/bby\/2018\/03\/11\/unak-veritabani-secim-kriterleri-ve-satin-alma-surecleri-seminerinden-bana-kalanlar","title":{"rendered":"\u00dcNAK (Veritaban\u0131 Se\u00e7im Kriterleri ve Sat\u0131n Alma S\u00fcre\u00e7leri) Seminerinden Bana Kalanlar"},"content":{"rendered":"<p>Merhabalar,<\/p>\n<p><strong>\u00dcniversite ve Ara\u015ft\u0131rma K\u00fct\u00fcphanecileri Derne\u011finin<\/strong> 10 Mart 2018 tarihinde d\u00fczenlemi\u015f oldu\u011fu <strong>&#8220;Veri Taban\u0131 Se\u00e7im Kriterleri ve Sat\u0131n Alma S\u00fcre\u00e7leri&#8221;<\/strong> seminerine kat\u0131ld\u0131m.<\/p>\n<p>Seminerin d\u00fczenlenmesinde emek veren dernek \u00e7al\u0131\u015fanlar\u0131na \u00e7ok te\u015fekk\u00fcr ederim.\u00a0 Mesle\u011fimiz ad\u0131na g\u00fczel \u015feyler yap\u0131yorsunuz eme\u011finize sa\u011fl\u0131k.<\/p>\n<p>Sunumlar\u0131 ile bizlerin ufkunu a\u00e7an meslekta\u015flar\u0131m\u0131z say\u0131n <strong>Nil\u00fcfer Saros,\u00a0H. Murat Y\u00fccel,\u00a0\u00d6mer Orhan<\/strong> ayr\u0131 ayr\u0131 te\u015fekk\u00fcr ederim.<\/p>\n<h1><span style=\"font-size: 20px;\">Seminerin Bana D\u00fc\u015f\u00fcnd\u00fcrd\u00fckleri ve Kazan\u0131mlar\u0131m<\/span><\/h1>\n<ul>\n<li>\u00dcNAK Derne\u011fimizi daha \u00e7ok desteklemeliyiz. \u00dcye olmayan arkada\u015flara duyurulur \ud83d\ude42<\/li>\n<li>Sahada \u00e7al\u0131\u015fan meslekta\u015flar\u0131n dertlerini dinleyen, onlar\u0131n dertleriyle dertlenen meslekta\u015flar\u0131m\u0131z\u0131n olmas\u0131 ve \u00e7\u00f6z\u00fcm \u00fcretmeye \u00e7al\u0131\u015fmas\u0131 beni gelece\u011fe dair umutland\u0131rd\u0131.<\/li>\n<li>\u00c7\u00f6z\u00fcm odakl\u0131 \u00e7al\u0131\u015fmalar\u0131 daha \u00e7ok yapmal\u0131y\u0131z<\/li>\n<li>Daha \u00e7ok konu\u015fmal\u0131y\u0131z, daha \u00e7ok payla\u015fmal\u0131y\u0131z.<\/li>\n<li>Veritaban\u0131 al\u0131m ve \u00f6deme s\u00fcre\u00e7leri Mevzuat a\u00e7\u0131s\u0131ndan a\u015f\u0131r\u0131 riskli STK&#8217;lar arac\u0131l\u0131\u011f\u0131 ile lobi \u00e7al\u0131\u015fmalar\u0131 yap\u0131lmas\u0131 gerekiyor. Burada bizlerin \u00fcst\u00fcne d\u00fc\u015fen \u00e7ok y\u00fck var.<\/li>\n<li>Elektronik kaynaklara uygulanan KDV oranlar\u0131 hakk\u0131nda ki sunumda ise Abonelik dahilindeki t\u00fcm al\u0131mlarda KDV %18 e\u011fer abonelik bitti\u011finde ar\u015fiv kullan\u0131m hakk\u0131m\u0131z var ise kanunun maddesindeki KDV oranlar\u0131n\u0131n uygulanmas\u0131 gerekiyor. (Bu konuyu biraz daha ara\u015ft\u0131raca\u011f\u0131m. E\u011fer do\u011fru ise ge\u00e7en sene herkes yanl\u0131\u015f \u00f6deme yapt\u0131 \ud83d\ude41 )<\/li>\n<li>Devlet memuru veritaban\u0131 \u00f6demesinde KDV oran\u0131n\u0131 yanl\u0131\u015f hesaplar ise mali ve idari sorumlulu\u011fu var. Yani %18 KDV hesaplamak yerine yanl\u0131\u015fl\u0131kla %1 KDV \u00f6demesi yaparsan\u0131z idari ve mali cezas\u0131 varm\u0131\u015f.<\/li>\n<li>Veritaban\u0131 faturalar\u0131n\u0131 fazla dert etmeyin, \u00fclkelere g\u00f6re kurallar de\u011fi\u015fti\u011fi i\u00e7in sorun yokmu\u015f \ud83d\ude42<\/li>\n<li>Tek yetki belgesi ise ara\u015ft\u0131r\u0131lmas\u0131 gereken bir konu. Dok\u00fcman\u0131n apostilli olmas\u0131 firmay\u0131 tek yetkili yapm\u0131yor sadece dok\u00fcman\u0131n onayland\u0131\u011f\u0131 anlam\u0131na geliyor mu\u015f \ud83d\ude42<\/li>\n<\/ul>\n<p>\u00c7ok \u015fey konu\u015ftuk,\u00a0 k\u0131s\u0131tl\u0131 zaman diliminde \u00e7ok \u015fey \u00f6\u011frendik. Eme\u011fi ge\u00e7en b\u00fct\u00fcn \u00dcNAK \u00e7al\u0131\u015fanlar\u0131na te\u015fekk\u00fcr ederim.<\/p>\n<p>&nbsp;<br \/>\n<a href=\"http:\/\/ihalekutuphane.com\/2018\/03\/11\/unak-veritabani-secim-kriterleri-ve-satin-alma-surecleri-seminerinden-bana-kalanlar\/\" target=\"_blank\" rel=\"noopener\">Kaynak<\/a><\/p>\n","protected":false},"excerpt":{"rendered":"<p>Merhabalar, \u00dcniversite ve Ara\u015ft\u0131rma K\u00fct\u00fcphanecileri Derne\u011finin 10 Mart 2018 tarihinde d\u00fczenlemi\u015f oldu\u011fu &#8220;Veri Taban\u0131 Se\u00e7im Kriterleri ve Sat\u0131n Alma S\u00fcre\u00e7leri&#8221; seminerine kat\u0131ld\u0131m. Seminerin d\u00fczenlenmesinde emek veren dernek \u00e7al\u0131\u015fanlar\u0131na \u00e7ok te\u015fekk\u00fcr ederim.\u00a0 Mesle\u011fimiz ad\u0131na g\u00fczel \u015feyler yap\u0131yorsunuz eme\u011finize sa\u011fl\u0131k. Sunumlar\u0131 ile bizlerin ufkunu a\u00e7an meslekta\u015flar\u0131m\u0131z say\u0131n Nil\u00fcfer Saros,\u00a0H. Murat Y\u00fccel,\u00a0\u00d6mer Orhan ayr\u0131 ayr\u0131 te\u015fekk\u00fcr ederim. Seminerin [&hellip;]<\/p>\n","protected":false},"author":154,"featured_media":777,"comment_status":"open","ping_status":"open","sticky":false,"template":"","format":"standard","meta":{"footnotes":""},"categories":[1,1507],"tags":[1154,1155,1156],"class_list":["post-776","post","type-post","status-publish","format-standard","has-post-thumbnail","hentry","category-genel","category-unak","tag-satin-alma","tag-secim","tag-veritabani"],"_links":{"self":[{"href":"https:\/\/www.bbyhaber.com\/bby\/wp-json\/wp\/v2\/posts\/776"}],"collection":[{"href":"https:\/\/www.bbyhaber.com\/bby\/wp-json\/wp\/v2\/posts"}],"about":[{"href":"https:\/\/www.bbyhaber.com\/bby\/wp-json\/wp\/v2\/types\/post"}],"author":[{"embeddable":true,"href":"https:\/\/www.bbyhaber.com\/bby\/wp-json\/wp\/v2\/users\/154"}],"replies":[{"embeddable":true,"href":"https:\/\/www.bbyhaber.com\/bby\/wp-json\/wp\/v2\/comments?post=776"}],"version-history":[{"count":0,"href":"https:\/\/www.bbyhaber.com\/bby\/wp-json\/wp\/v2\/posts\/776\/revisions"}],"wp:featuredmedia":[{"embeddable":true,"href":"https:\/\/www.bbyhaber.com\/bby\/wp-json\/"}],"wp:attachment":[{"href":"https:\/\/www.bbyhaber.com\/bby\/wp-json\/wp\/v2\/media?parent=776"}],"wp:term":[{"taxonomy":"category","embeddable":true,"href":"https:\/\/www.bbyhaber.com\/bby\/wp-json\/wp\/v2\/categories?post=776"},{"taxonomy":"post_tag","embeddable":true,"href":"https:\/\/www.bbyhaber.com\/bby\/wp-json\/wp\/v2\/tags?post=776"}],"curies":[{"name":"wp","href":"https:\/\/api.w.org\/{rel}","templated":true}]}}