{"id":7682,"date":"2012-11-16T15:59:47","date_gmt":"2012-11-16T13:59:47","guid":{"rendered":"http:\/\/www.bbyhaber.com\/bby\/?p=7682"},"modified":"2012-11-16T16:00:48","modified_gmt":"2012-11-16T14:00:48","slug":"turkcellin-mobil-kutuphanesi","status":"publish","type":"post","link":"https:\/\/www.bbyhaber.com\/bby\/2012\/11\/16\/turkcellin-mobil-kutuphanesi","title":{"rendered":"Turkcell&#8217;in mobil k\u00fct\u00fcphanesi"},"content":{"rendered":"<p style=\"text-align: justify;\"><img loading=\"lazy\" decoding=\"async\" class=\"alignleft\" src=\"http:\/\/i.posta.com.tr\/editor\/HD\/15\/11\/2012\/fft2mm1284633.jpg\" alt=\"\" width=\"211\" height=\"103\" \/>Idefix i\u015fbirli\u011fi ile olu\u015fturan Turkcell Kitapl\u0131k kullan\u0131c\u0131lar\u0131na istedikleri kitab\u0131 sevdiklerine hediye etme \u00f6zelli\u011fiyle de T\u00fcrkiye\u2019de bir ilke imza at\u0131yor. Turkcell Kitapl\u0131k\u2019\u0131n ilk hediyesi ise uygulamay\u0131 indiren herkese G\u00fclse Birsel\u2019in Yazl\u0131k adl\u0131 kitab\u0131 T\u00fcrkiye\u2019nin lider ileti\u015fim ve teknoloji platformu Turkcell, yay\u0131nc\u0131l\u0131kta dijital d\u00f6n\u00fc\u015f\u00fcme Turkcell Kitapl\u0131k ile damgas\u0131n\u0131 vuracak. \u0130\u00e7eri\u011fi Idefix i\u015fbirli\u011fi ile olu\u015fturulan Turkcell Kitapl\u0131k\u2019ta \u015fu an yerli ve yabanc\u0131 yazarlar\u0131n 4 bine yak\u0131n kitab\u0131 yer al\u0131yor. Turkcell Kitapl\u0131k\u2019\u0131 indiren herkese ilk 6 ay boyunca G\u00fclse Birsel\u2019in Yazl\u0131k kitab\u0131 da hediye ediliyor.<!--more--><\/p>\n<p style=\"text-align: justify;\">App Store\u2019dan \u00fccretsiz indirilebilen uygulama, www.turkcellkitaplik.com adresinden sat\u0131n al\u0131nan t\u00fcm kitaplar\u0131n iPhone ve iPad cihazlarda zengin bir deneyimle okunabilmesini sa\u011fl\u0131yor. Uygulaman\u0131n Android versiyonu da k\u0131sa s\u00fcre sonra yay\u0131nda olacak.<\/p>\n<p style=\"text-align: justify;\">Art\u0131k okuman\u0131n \u2018yeri\u2019 yok<\/p>\n<p style=\"text-align: justify;\">Kitab\u0131 tablet cihazlara ve ak\u0131ll\u0131 telefonlara ta\u015f\u0131yan Turkcell Kitapl\u0131k, her an her yerde yan\u0131n\u0131zda bulundurabilece\u011finiz bir mobil k\u00fct\u00fcphane. Turkcell Kitapl\u0131k uygulamas\u0131 ile;<\/p>\n<p style=\"text-align: justify;\">&#8211; www.turkcellkitaplik.com adresinden sat\u0131n ald\u0131\u011f\u0131n\u0131z e-kitaplar\u0131 an\u0131nda okumaya ba\u015flayabilir,<\/p>\n<p style=\"text-align: justify;\">&#8211; Okudu\u011funuz e-kitap i\u00e7inde arama yapabilir, notlar alabilir, \u00f6nemli sayfalar\u0131 i\u015faretleyebilir, yaz\u0131 b\u00fcy\u00fckl\u00fc\u011f\u00fcn\u00fc ve fontunu de\u011fi\u015ftirebilir,<\/p>\n<p style=\"text-align: justify;\">&#8211; Cihazlararas\u0131 senkronizasyon \u00f6zelli\u011fi sayesinde iPad\u2019inizde okumaya ba\u015flad\u0131\u011f\u0131n\u0131z bir kitab\u0131\u00a0 iPhone\u2019unuzda kald\u0131\u011f\u0131n\u0131z yerden okumaya devam edebilir, i\u015faretledi\u011finiz \u00f6nemli sayfalara ve notlara ula\u015fabilir,<\/p>\n<p style=\"text-align: justify;\">&#8211; Okudu\u011funuz e-kitab\u0131 sosyal medyada arkada\u015flar\u0131n\u0131zla payla\u015fabilir,<\/p>\n<p style=\"text-align: justify;\">&#8211; Sayfa arka plan rengini ve ekran parlakl\u0131\u011f\u0131n\u0131 de\u011fi\u015ftirerek, her ortamda kitab\u0131n\u0131z\u0131 daha keyifli okuyabilirsiniz.<\/p>\n<p style=\"text-align: justify;\">Cenk Bayrakdar: Hedef 5 y\u0131l i\u00e7erisinde e-kitab\u0131n sekt\u00f6rdeki pay\u0131n\u0131 %10\u2019a \u00e7\u0131karmak. Turkcell Kitapl\u0131k ile T\u00fcrkiye\u2019de elektronik yay\u0131nc\u0131l\u0131\u011f\u0131 yeni\u00a0 bir boyuta ta\u015f\u0131may\u0131 hedeflediklerini vurgulayan Turkcell Genel M\u00fcd\u00fcr Yard\u0131mc\u0131s\u0131 Cenk Bayrakdar; \u201cBug\u00fcn e-kitab\u0131n \u00fclkemizde yay\u0131nc\u0131l\u0131k sekt\u00f6r\u00fc i\u00e7erisindeki pay\u0131 binde 4 civar\u0131nda. Oysa bu oran ABD\u2019de % 13, \u0130ngiltere\u2019de ise % 6. T\u00fcm d\u00fcnyada bu alanda ya\u015fanan dijital d\u00f6n\u00fc\u015f\u00fcm\u00fc T\u00fcrkiye\u2019nin de yakalamas\u0131 gerekti\u011fine inan\u0131yoruz. Hedefimiz, 5 y\u0131l i\u00e7erisinde bu oran\u0131 % 10\u2019lar seviyesine \u00e7\u0131karmak. T\u0131pk\u0131 dijital m\u00fczik alan\u0131nda oldu\u011fu gibi dijital yay\u0131nc\u0131l\u0131kta da Turkcell, korsanla m\u00fccadele i\u00e7in t\u00fcm telif zincirini kapsayan yeni bir i\u015f modelini destekliyor. Art\u0131k operat\u00f6r ayr\u0131m\u0131 olmaks\u0131z\u0131n t\u00fcm Turkcell Kitapl\u0131k kullan\u0131c\u0131lar\u0131 k\u00fct\u00fcphanelerini yanlar\u0131nda ta\u015f\u0131yabilecek. T\u00fcrkiye\u2019de hen\u00fcz ba\u015flang\u0131\u00e7 a\u015famas\u0131nda olan e-kitap k\u00fclt\u00fcr\u00fcn\u00fcn bu uygulama sayesinde k\u0131sa s\u00fcrede yerle\u015fece\u011fini d\u00fc\u015f\u00fcn\u00fcyoruz.\u201d<\/p>\n<p style=\"text-align: justify;\">En g\u00fczel hediye e-kitap<\/p>\n<p style=\"text-align: justify;\">Kullan\u0131c\u0131lara istedikleri ki\u015fiye e-kitap hediye etme olana\u011f\u0131n\u0131 T\u00fcrkiye\u2019de ilk kez Turkcell Kitapl\u0131k sa\u011fl\u0131yor. www.turkcellkitaplik.com adresinden se\u00e7ti\u011finiz kitab\u0131, ki\u015finin e-posta adresini girerek kolayl\u0131kla hediye edebiliyorsunuz. E-kitap hediye edilen ki\u015fi, kendisine ula\u015fan e-postadaki kodu kullanarak hediye kitab\u0131na an\u0131nda ula\u015fabiliyor.<\/p>\n<p style=\"text-align: justify;\">E-kitap sat\u0131n almak i\u00e7in\u2026<\/p>\n<p style=\"text-align: justify;\">Turkcell Kitapl\u0131k\u2019\u0131, Turkcell\u2019li olsun olmas\u0131n, tabletinden ya da ak\u0131ll\u0131 telefonundan e-kitap okuman\u0131n keyfini ya\u015famak isteyen herkes kullanabiliyor. Turkcell Kitapl\u0131k\u2019tan e-kitap sat\u0131n alabilmek i\u00e7in www.turkcellkitaplik.com\u00a0 adresinde Turkcell Kitapl\u0131k\u2019a kolayca \u00fcye olup, istedi\u011finiz kitab\u0131 se\u00e7ebilir ve ard\u0131ndan kredi kart\u0131 bilgilerinizi girerek sat\u0131n alabilirsiniz.<\/p>\n<p>Kaynak: http:\/\/www.posta.com.tr<\/p>\n","protected":false},"excerpt":{"rendered":"<p>Idefix i\u015fbirli\u011fi ile olu\u015fturan Turkcell Kitapl\u0131k kullan\u0131c\u0131lar\u0131na istedikleri kitab\u0131 sevdiklerine hediye etme \u00f6zelli\u011fiyle de T\u00fcrkiye\u2019de bir ilke imza at\u0131yor. Turkcell Kitapl\u0131k\u2019\u0131n ilk hediyesi ise uygulamay\u0131 indiren herkese G\u00fclse Birsel\u2019in Yazl\u0131k adl\u0131 kitab\u0131 T\u00fcrkiye\u2019nin lider ileti\u015fim ve teknoloji platformu Turkcell, yay\u0131nc\u0131l\u0131kta dijital d\u00f6n\u00fc\u015f\u00fcme Turkcell Kitapl\u0131k ile damgas\u0131n\u0131 vuracak. \u0130\u00e7eri\u011fi Idefix i\u015fbirli\u011fi ile olu\u015fturulan Turkcell Kitapl\u0131k\u2019ta \u015fu [&hellip;]<\/p>\n","protected":false},"author":1,"featured_media":0,"comment_status":"open","ping_status":"open","sticky":false,"template":"","format":"standard","meta":{"footnotes":""},"categories":[1560,1481,1],"tags":[412,145,413],"class_list":["post-7682","post","type-post","status-publish","format-standard","hentry","category-dijital-yayincilik","category-e-kitap","category-genel","tag-mobil-kutuphane","tag-mobile-libraries","tag-turkcell-kitaplik"],"_links":{"self":[{"href":"https:\/\/www.bbyhaber.com\/bby\/wp-json\/wp\/v2\/posts\/7682"}],"collection":[{"href":"https:\/\/www.bbyhaber.com\/bby\/wp-json\/wp\/v2\/posts"}],"about":[{"href":"https:\/\/www.bbyhaber.com\/bby\/wp-json\/wp\/v2\/types\/post"}],"author":[{"embeddable":true,"href":"https:\/\/www.bbyhaber.com\/bby\/wp-json\/wp\/v2\/users\/1"}],"replies":[{"embeddable":true,"href":"https:\/\/www.bbyhaber.com\/bby\/wp-json\/wp\/v2\/comments?post=7682"}],"version-history":[{"count":0,"href":"https:\/\/www.bbyhaber.com\/bby\/wp-json\/wp\/v2\/posts\/7682\/revisions"}],"wp:attachment":[{"href":"https:\/\/www.bbyhaber.com\/bby\/wp-json\/wp\/v2\/media?parent=7682"}],"wp:term":[{"taxonomy":"category","embeddable":true,"href":"https:\/\/www.bbyhaber.com\/bby\/wp-json\/wp\/v2\/categories?post=7682"},{"taxonomy":"post_tag","embeddable":true,"href":"https:\/\/www.bbyhaber.com\/bby\/wp-json\/wp\/v2\/tags?post=7682"}],"curies":[{"name":"wp","href":"https:\/\/api.w.org\/{rel}","templated":true}]}}