{"id":7676,"date":"2012-11-16T15:41:05","date_gmt":"2012-11-16T13:41:05","guid":{"rendered":"http:\/\/www.bbyhaber.com\/bby\/?p=7676"},"modified":"2012-11-16T15:42:58","modified_gmt":"2012-11-16T13:42:58","slug":"muslu-ogrenciler-yardimseverlerden-kitap-bekliyor","status":"publish","type":"post","link":"https:\/\/www.bbyhaber.com\/bby\/2012\/11\/16\/muslu-ogrenciler-yardimseverlerden-kitap-bekliyor","title":{"rendered":"Mu\u015flu \u00d6\u011frenciler Yard\u0131mseverlerden Kitap Bekliyor"},"content":{"rendered":"<p style=\"text-align: justify;\"><img loading=\"lazy\" decoding=\"async\" class=\"alignleft\" src=\"http:\/\/img6.mynet.com\/yurthaber2\/2012\/11\/mus\/muslu-ogrenciler-yardimseverlerden-kitap-bekliyor-jb8.jpg\" alt=\"\" width=\"210\" height=\"157\" \/>Mu\u015f merkeze ba\u011fl\u0131 K\u0131z\u0131la\u011fa\u00e7 beldesindeki 18 derslikli K\u0131z\u0131la\u011fa\u00e7 \u0130lk\u00f6\u011fretim Okulu \u00f6\u011frencileri, yetkililerden okullar\u0131na k\u00fct\u00fcphane kurmas\u0131n\u0131 istedi. \u00d6\u011frenciler, b\u00fcy\u00fck \u015fehirlerdeki duyarl\u0131 vatanda\u015flar\u0131n k\u00fct\u00fcphanelerindeki okunmu\u015f kitaplar\u0131 okullar\u0131na g\u00f6ndermelerinin de kendilerini \u00e7ok sevindirece\u011fini belirtti. Okullar\u0131na k\u00fct\u00fcphane yap\u0131lmas\u0131n\u0131 isteyen<!--more--> \u00f6\u011frenciler yetkililere seslerini duyurmaya \u00e7al\u0131\u015ft\u0131. K\u0131z\u0131la\u011fa\u00e7 \u0130lk\u00f6\u011fretim Okulu \u00d6\u011frenci Temsilcisi R\u0131dvan \u00d6zdil, okullar\u0131nda bir k\u00fct\u00fcphane olmad\u0131\u011f\u0131 i\u00e7in sadece \u00f6\u011fretmenlerin getirdi\u011fi hik\u00e2ye ve romanlar\u0131 okuduklar\u0131n\u0131, bunun da \u00f6\u011frencilere yeteri kadar faydas\u0131n\u0131n olmad\u0131\u011f\u0131n\u0131 belirtti.<\/p>\n<p style=\"text-align: justify;\">\u201cK\u00dcT\u00dcPHANEN\u0130N OLMASI BA\u015eARIMIZI ARTTIRIR\u201d<\/p>\n<p style=\"text-align: justify;\">Okullar\u0131nda bir k\u00fct\u00fcphanenin bulunmas\u0131 halinde K\u0131z\u0131la\u011fa\u00e7 ilk\u00f6\u011fretim Okulu \u00f6\u011frencilerin ba\u015far\u0131lar\u0131n\u0131n daha da art\u0131raca\u011f\u0131na inand\u0131\u011f\u0131n\u0131 ifada eden \u00d6zdil, &#8220;Okulumuzda 18 derslik ve 600 \u00f6\u011frenci olmas\u0131na ra\u011fmen, bu \u00f6\u011frencilerin gidebilece\u011fi k\u00fct\u00fcphane yok. Bu b\u00fcy\u00fck bir eksikliktir. Kayseri\u2019den, Ankara\u2019dan ve \u0130stanbul\u2019daki a\u011fabeylerimizden ve ablalar\u0131m\u0131zdan bize kitap g\u00f6ndermelerini istiyoruz. Ayr\u0131ca da yetkililerden de bu konunun \u00e7\u00f6z\u00fclmesi i\u00e7in yard\u0131m bekliyoruz.\u201d diye konu\u015ftu.<\/p>\n<p style=\"text-align: justify;\">Kaynak: http:\/\/yurthaber.mynet.com<\/p>\n","protected":false},"excerpt":{"rendered":"<p>Mu\u015f merkeze ba\u011fl\u0131 K\u0131z\u0131la\u011fa\u00e7 beldesindeki 18 derslikli K\u0131z\u0131la\u011fa\u00e7 \u0130lk\u00f6\u011fretim Okulu \u00f6\u011frencileri, yetkililerden okullar\u0131na k\u00fct\u00fcphane kurmas\u0131n\u0131 istedi. \u00d6\u011frenciler, b\u00fcy\u00fck \u015fehirlerdeki duyarl\u0131 vatanda\u015flar\u0131n k\u00fct\u00fcphanelerindeki okunmu\u015f kitaplar\u0131 okullar\u0131na g\u00f6ndermelerinin de kendilerini \u00e7ok sevindirece\u011fini belirtti. Okullar\u0131na k\u00fct\u00fcphane yap\u0131lmas\u0131n\u0131 isteyen<\/p>\n","protected":false},"author":1,"featured_media":0,"comment_status":"open","ping_status":"open","sticky":false,"template":"","format":"standard","meta":{"footnotes":""},"categories":[1,1492,1494],"tags":[845],"class_list":["post-7676","post","type-post","status-publish","format-standard","hentry","category-genel","category-kitap-destek","category-kitap-kampanyasi","tag-okul-kutuphaneleri"],"_links":{"self":[{"href":"https:\/\/www.bbyhaber.com\/bby\/wp-json\/wp\/v2\/posts\/7676"}],"collection":[{"href":"https:\/\/www.bbyhaber.com\/bby\/wp-json\/wp\/v2\/posts"}],"about":[{"href":"https:\/\/www.bbyhaber.com\/bby\/wp-json\/wp\/v2\/types\/post"}],"author":[{"embeddable":true,"href":"https:\/\/www.bbyhaber.com\/bby\/wp-json\/wp\/v2\/users\/1"}],"replies":[{"embeddable":true,"href":"https:\/\/www.bbyhaber.com\/bby\/wp-json\/wp\/v2\/comments?post=7676"}],"version-history":[{"count":0,"href":"https:\/\/www.bbyhaber.com\/bby\/wp-json\/wp\/v2\/posts\/7676\/revisions"}],"wp:attachment":[{"href":"https:\/\/www.bbyhaber.com\/bby\/wp-json\/wp\/v2\/media?parent=7676"}],"wp:term":[{"taxonomy":"category","embeddable":true,"href":"https:\/\/www.bbyhaber.com\/bby\/wp-json\/wp\/v2\/categories?post=7676"},{"taxonomy":"post_tag","embeddable":true,"href":"https:\/\/www.bbyhaber.com\/bby\/wp-json\/wp\/v2\/tags?post=7676"}],"curies":[{"name":"wp","href":"https:\/\/api.w.org\/{rel}","templated":true}]}}