{"id":7672,"date":"2012-11-15T22:15:03","date_gmt":"2012-11-15T20:15:03","guid":{"rendered":"http:\/\/www.bbyhaber.com\/bby\/?p=7672"},"modified":"2012-11-15T22:15:17","modified_gmt":"2012-11-15T20:15:17","slug":"koy-okulu-kitap-destegi-bekliyor","status":"publish","type":"post","link":"https:\/\/www.bbyhaber.com\/bby\/2012\/11\/15\/koy-okulu-kitap-destegi-bekliyor","title":{"rendered":"K\u00f6y Okulu Kitap Deste\u011fi Bekliyor"},"content":{"rendered":"<p style=\"text-align: justify;\"><img loading=\"lazy\" decoding=\"async\" class=\"alignleft\" src=\"http:\/\/www.haberfx.net\/images\/news\/koy-okulu-kitap-destegi-bekliyor-368815n.jpg\" alt=\"\" width=\"252\" height=\"188\" \/>Sakarya\u2019n\u0131n Hendek il\u00e7esine ba\u011fl\u0131 So\u011fuksu K\u00f6y\u00fcndeki \u0130lkokul ve Ortaokul k\u00fct\u00fcphaneye kavu\u015ftu. Hafta ba\u015f\u0131nda a\u00e7\u0131l\u0131\u015f\u0131 yap\u0131lan k\u00fct\u00fcphane i\u00e7in kitap, dergi ve kitapl\u0131k ba\u011f\u0131\u015flamak isteyen Sakaryal\u0131lara da \u00e7a\u011fr\u0131da bulunuldu. Okulun T\u00fcrk\u00e7e \u00f6\u011fretmeni Sevda Avc\u0131\u2019n\u0131n \u00f6nderli\u011finde \u00f6\u011frencilerin emekleriyle haz\u0131rlanan k\u00fct\u00fcphane i\u00e7in yo\u011fun \u00e7al\u0131\u015fmalar yap\u0131ld\u0131.<!--more--><\/p>\n<p style=\"text-align: justify;\">T\u00fcrk\u00e7e \u00f6\u011fretmeni Sevda Avc\u0131 \u00f6\u011frencilerle beraber k\u00fct\u00fcphane i\u00e7in kitap toplad\u0131, k\u00fct\u00fcphanenin duvarlar\u0131na resimler yapt\u0131. Okul m\u00fcd\u00fcr\u00fc Erkan \u00d6zbek ve m\u00fcd\u00fcr yard\u0131mc\u0131s\u0131 Fatih Ko\u00e7\u2019un da deste\u011fiyle yeni y\u00fcz\u00fcne kavu\u015fan k\u00fct\u00fcphanenin a\u00e7\u0131l\u0131\u015f\u0131na Hendek \u0130l\u00e7e Milli E\u011fitim M\u00fcd\u00fcr\u00fc Sabri Do\u011fan, \u0130l Milli E\u011fitim Denetmenleri ve So\u011fuksu k\u00f6y\u00fc muhtar\u0131 Emin Kula kat\u0131ld\u0131.<\/p>\n<p style=\"text-align: justify;\">\u0130l\u00e7e Milli E\u011fitim M\u00fcd\u00fcr\u00fc Sabri Do\u011fan k\u00fct\u00fcphanede eme\u011fi ge\u00e7en herkese te\u015fekk\u00fcr ederken, okuman\u0131n \u00f6neminden bahseden k\u0131sa bir konu\u015fma yapt\u0131. Yap\u0131lan konu\u015fman\u0131n ard\u0131ndan Do\u011fan ve \u0130l Milli E\u011fitim denetmenleri taraf\u0131ndan okulun k\u00fct\u00fcphanesinin a\u00e7\u0131l\u0131\u015f\u0131 ger\u00e7ekle\u015ftirildi. Okul m\u00fcd\u00fcr\u00fc Erkan \u00d6zbek de okuman\u0131n \u00f6neminden bahsederek \u00f6\u011frencilerin e\u011fitim seviyesinin y\u00fckselmesi i\u00e7in ellerinden geleni yapmaya \u00e7al\u0131\u015ft\u0131klar\u0131n\u0131 s\u00f6yledi.<\/p>\n<p style=\"text-align: justify;\">Okulun T\u00fcrk\u00e7e \u00f6\u011fretmeni Sevda Avc\u0131, \u201cK\u00fct\u00fcphanenin sadece kitap almak i\u00e7in girilen bir yer olmas\u0131n\u0131 istemedik. Ayn\u0131 zamanda \u00f6\u011frencilerin sessiz, huzurlu bir ortamda ara\u015ft\u0131rma yap\u0131p \u00e7al\u0131\u015fmalar\u0131n\u0131 ama\u00e7lad\u0131k. K\u00fct\u00fcphanemize bilgisayar da koyarak internet ortam\u0131 \u00fczerinden de onlar\u0131n ara\u015ft\u0131rma yapmalar\u0131n\u0131 hedefliyoruz. K\u00f6y okulu oldu\u011fumuz i\u00e7in bir\u00e7ok \u00f6\u011frencimiz evde bu imk\u00e2nlardan yararlanam\u0131yor. Okuma ve ara\u015ft\u0131rma k\u00fclt\u00fcr\u00fcn\u00fcn olu\u015fmas\u0131nda \u00f6\u011frencilerin emekleriyle att\u0131\u011f\u0131m\u0131z bu ilk ad\u0131m\u0131n devam\u0131n\u0131n gelebilmesi i\u00e7in de herkesin deste\u011fini bekliyoruz.\u201d dedi.<\/p>\n<p><strong>K\u00fct\u00fcphaneye yard\u0131m etmek isteyenler (0264) 642 62 79 numaral\u0131 telefonu arayabilir.<\/strong><\/p>\n<p>Kaynak: http:\/\/www.haberfx.net<\/p>\n","protected":false},"excerpt":{"rendered":"<p>Sakarya\u2019n\u0131n Hendek il\u00e7esine ba\u011fl\u0131 So\u011fuksu K\u00f6y\u00fcndeki \u0130lkokul ve Ortaokul k\u00fct\u00fcphaneye kavu\u015ftu. Hafta ba\u015f\u0131nda a\u00e7\u0131l\u0131\u015f\u0131 yap\u0131lan k\u00fct\u00fcphane i\u00e7in kitap, dergi ve kitapl\u0131k ba\u011f\u0131\u015flamak isteyen Sakaryal\u0131lara da \u00e7a\u011fr\u0131da bulunuldu. Okulun T\u00fcrk\u00e7e \u00f6\u011fretmeni Sevda Avc\u0131\u2019n\u0131n \u00f6nderli\u011finde \u00f6\u011frencilerin emekleriyle haz\u0131rlanan k\u00fct\u00fcphane i\u00e7in yo\u011fun \u00e7al\u0131\u015fmalar yap\u0131ld\u0131.<\/p>\n","protected":false},"author":1,"featured_media":0,"comment_status":"open","ping_status":"open","sticky":false,"template":"","format":"standard","meta":{"footnotes":""},"categories":[1,1492,1494,1498],"tags":[845],"class_list":["post-7672","post","type-post","status-publish","format-standard","hentry","category-genel","category-kitap-destek","category-kitap-kampanyasi","category-koy-kutuphaneleri","tag-okul-kutuphaneleri"],"_links":{"self":[{"href":"https:\/\/www.bbyhaber.com\/bby\/wp-json\/wp\/v2\/posts\/7672"}],"collection":[{"href":"https:\/\/www.bbyhaber.com\/bby\/wp-json\/wp\/v2\/posts"}],"about":[{"href":"https:\/\/www.bbyhaber.com\/bby\/wp-json\/wp\/v2\/types\/post"}],"author":[{"embeddable":true,"href":"https:\/\/www.bbyhaber.com\/bby\/wp-json\/wp\/v2\/users\/1"}],"replies":[{"embeddable":true,"href":"https:\/\/www.bbyhaber.com\/bby\/wp-json\/wp\/v2\/comments?post=7672"}],"version-history":[{"count":0,"href":"https:\/\/www.bbyhaber.com\/bby\/wp-json\/wp\/v2\/posts\/7672\/revisions"}],"wp:attachment":[{"href":"https:\/\/www.bbyhaber.com\/bby\/wp-json\/wp\/v2\/media?parent=7672"}],"wp:term":[{"taxonomy":"category","embeddable":true,"href":"https:\/\/www.bbyhaber.com\/bby\/wp-json\/wp\/v2\/categories?post=7672"},{"taxonomy":"post_tag","embeddable":true,"href":"https:\/\/www.bbyhaber.com\/bby\/wp-json\/wp\/v2\/tags?post=7672"}],"curies":[{"name":"wp","href":"https:\/\/api.w.org\/{rel}","templated":true}]}}