{"id":767,"date":"2011-11-15T08:37:32","date_gmt":"2011-11-15T08:37:32","guid":{"rendered":"http:\/\/www.bbyhaber.com\/bby\/?p=767"},"modified":"2013-03-11T09:56:59","modified_gmt":"2013-03-11T07:56:59","slug":"ahmet-hamdi-tanpinar-edebiyat-muze-kutuphanesi-acildi","status":"publish","type":"post","link":"https:\/\/www.bbyhaber.com\/bby\/2011\/11\/15\/ahmet-hamdi-tanpinar-edebiyat-muze-kutuphanesi-acildi","title":{"rendered":"Ahmet Hamdi Tanp\u0131nar Edebiyat M\u00fcze K\u00fct\u00fcphanesi a\u00e7\u0131ld\u0131"},"content":{"rendered":"<p style=\"text-align: justify;\">T\u00fcrkiye&#8217;nin d\u00f6rd\u00fcnc\u00fc m\u00fcze k\u00fct\u00fcphanesi, Topkap\u0131 Saray\u0131 surlar\u0131 \u00fczerinde yer alan Alay K\u00f6\u015fk\u00fc&#8217;nde a\u00e7\u0131ld\u0131. Padi\u015fahlar\u0131n resm-i ge\u00e7it alaylar\u0131n\u0131 seyrettikleri k\u00f6\u015fk\u00fc mekan tutan Ahmet Hamdi Tanp\u0131nar Edebiyat M\u00fcze K\u00fct\u00fcphanesi, 7 binden fazla kitaba sahip bir k\u00fct\u00fcphane olmas\u0131n\u0131n yan\u0131 s\u0131ra &#8216;Edebiyat\u00e7\u0131lar Kahvesi&#8217; ile edeb\u00ee sohbetlere de imk\u00e2n tan\u0131yacak. Padi\u015fahlar\u0131n, ge\u00e7it yapan alaylar\u0131, mesleklerini sergileyerek ge\u00e7en esnaf\u0131, silaha, z\u0131rha gark olmu\u015f b\u00f6l\u00fck b\u00f6l\u00fck askerleri seyrettikleri mek\u00e2n Alay K\u00f6\u015fk\u00fc. G\u00fclhane&#8217;de Topkap\u0131 Saray\u0131&#8217;n\u0131n d\u0131\u015f suru \u00fczerinden yuvarlak zarif b\u00fcnyesiyle caddeye uzan\u0131yor. Ge\u00e7mi\u015fte saray\u0131n \u015fehre a\u00e7\u0131lan bir nevi g\u00f6z\u00fc makam\u0131ndaki k\u00f6\u015fk, art\u0131k edebiyata hizmet edecek. Alay K\u00f6\u015fk\u00fc, \u00f6nceki g\u00fcn d\u00fczenlenen bir t\u00f6renle Ahmet Hamdi Tanp\u0131nar Edebiyat M\u00fczesi olarak hizmete a\u00e7\u0131ld\u0131.<!--more--><\/p>\n<p style=\"text-align: justify;\">Ahmet Hamdi Tanp\u0131nar M\u00fcze K\u00fct\u00fcphanesi, Ankara&#8217;daki Mehmet Akif Ersoy, Diyarbak\u0131r&#8217;daki Ahmet Arif ve Adana&#8217;daki Karacao\u011flan M\u00fcze k\u00fct\u00fcphanelerinden sonra a\u00e7\u0131lan 4. m\u00fcze k\u00fct\u00fcphane. K\u00fct\u00fcphanede, edebiyat\u0131n \u00e7e\u015fitli alanlar\u0131na ili\u015fkin T\u00fcrkiye&#8217;de yay\u0131mlanan belli ba\u015fl\u0131 eserlerin t\u00fcm\u00fc bir arada yer al\u0131yor. 7 binden fazla kitap, 100&#8217;den fazla s\u00fcreli edebiyat ve estetik konulu derginin yer ald\u0131\u011f\u0131 m\u00fcze k\u00fct\u00fcphanede, Ahmet Hamdi Tanp\u0131nar, Yahya Kemal, Necip Faz\u0131l K\u0131sak\u00fcrek, Nedim, Orhan Pamuk ve Naz\u0131m Hikmet&#8217;in b\u00fcstleri ile \u00f6zge\u00e7mi\u015flerini anlatan k\u00f6\u015feler bulunuyor.<\/p>\n<p style=\"text-align: justify;\">Ahmet Hamdi Tanp\u0131nar Edebiyat M\u00fcze K\u00fct\u00fcphanesi, i\u015fleyi\u015f ve \u00e7al\u0131\u015fma a\u00e7\u0131s\u0131ndan bir uzmanl\u0131k k\u00fct\u00fcphanesi olarak il halk k\u00fct\u00fcphanesine ba\u011fl\u0131 \u00e7al\u0131\u015facak. K\u00fct\u00fcphane, yazar, yay\u0131nevi, \u00e7evirmen, yay\u0131nc\u0131, telif ajans\u0131 gibi akla gelebilecek edebiyatla ilgili b\u00fct\u00fcn kurum ve kurulu\u015flar\u0131n her t\u00fcrl\u00fc etkinli\u011fine a\u00e7\u0131k olacak. \u0130ki katl\u0131 binan\u0131n \u00fcst kat\u0131 k\u00fct\u00fcphane ve m\u00fcze olarak hizmet verirken, giri\u015f kat\u0131 &#8220;Edebiyat\u00e7\u0131lar kahvesi&#8221; olarak kullan\u0131lacak. M\u00fczede Tanp\u0131nar ailesi taraf\u0131ndan getirilen baz\u0131 objelerin yan\u0131 s\u0131ra Atill\u00e2 \u0130lhan&#8217;dan Ay\u015fe Kulin&#8217;e kadar bir\u00e7ok yazar\u0131n kalemlerinden olu\u015fan koleksiyonlar sergileniyor.<\/p>\n<p style=\"text-align: justify;\">M\u00fcze k\u00fct\u00fcphanenin a\u00e7\u0131l\u0131\u015f\u0131n\u0131 K\u00fclt\u00fcr ve Turizm Bakan\u0131 Ertu\u011frul G\u00fcnay yapt\u0131. K\u00fct\u00fcphanenin ayn\u0131 anda bir k\u0131raathane oldu\u011funu anlatan G\u00fcnay, &#8220;Buras\u0131 hem bulu\u015fma hem de \u00e7al\u0131\u015fma noktas\u0131 olacak. \u00c7\u00fcnk\u00fc buras\u0131 oturup insanlar\u0131n kitap okuyaca\u011f\u0131 \u015fekilde dizayn edildi.&#8221; dedi ve ekledi: &#8220;\u0130stanbul&#8217;da bir edebiyat m\u00fcze k\u00fct\u00fcphanesinin okuryazar \u00e7evresine, yay\u0131n d\u00fcnyas\u0131na yak\u0131n bir alanda ve tarihi doku i\u00e7inde olmas\u0131n\u0131 arzu etmi\u015ftik. Bu m\u00fczeyi hayata ge\u00e7irdik. \u0130stiyoruz ki bu m\u00fcze k\u00fct\u00fcphanede, bir ara\u015ft\u0131rmac\u0131 \u0130stanbul ile ilgili \u00e7e\u015fitli dillerden ne ararsa bulabilsin. Belki m\u00fcze k\u00fct\u00fcphanesi s\u00f6z\u00fcn\u00fcn alt\u0131na, bir de &#8216;k\u0131raathanesi&#8217; dememiz gerekiyor. \u00c7\u00fcnk\u00fc \u0130stanbul&#8217;daki okur yazarlar\u0131m\u0131z, \u015fairlerimiz, edebiyat\u00e7\u0131lar\u0131m\u0131z i\u00e7in \u00e7al\u0131\u015fma, bulu\u015fma mek\u00e2n\u0131 olsun istiyoruz. Buna d\u00f6n\u00fck de baz\u0131 d\u00fczenlemelerimiz var.&#8221;<\/p>\n<p style=\"text-align: justify;\">\u00c7elik G\u00fclersoy Kitapl\u0131\u011f\u0131&#8217;n\u0131 da buraya ta\u015f\u0131ma d\u00fc\u015f\u00fcncesinde olduklar\u0131n\u0131 ifade eden G\u00fcnay, &#8220;\u0130stiyorum ki bu m\u00fcze, \u0130stanbul ile ilgili edebiyat ara\u015ft\u0131rmalar\u0131n\u0131n merkezi haline gelsin. G\u00fclhane Park\u0131, insanlar\u0131n seyir i\u00e7in dola\u015ft\u0131\u011f\u0131 bir mek\u00e2n de\u011fil, ayn\u0131 zamanda \u015fairini, yazar\u0131n\u0131 rahatl\u0131kla bulabildi\u011fi ger\u00e7ek bir mek\u00e2n olabilsin.&#8221; dedi. Ahmet Hamdi Tanp\u0131nar M\u00fcze K\u00fct\u00fcphanesi&#8217;nden sonra bakanl\u0131\u011f\u0131n g\u00fcndeminde Erzurum&#8217;da a\u00e7\u0131lacak m\u00fcze k\u00fct\u00fcphane var.<\/p>\n<p style=\"text-align: justify;\">Kaynak: http:\/\/www.zaman.com.tr\/<\/p>\n","protected":false},"excerpt":{"rendered":"<p>T\u00fcrkiye&#8217;nin d\u00f6rd\u00fcnc\u00fc m\u00fcze k\u00fct\u00fcphanesi, Topkap\u0131 Saray\u0131 surlar\u0131 \u00fczerinde yer alan Alay K\u00f6\u015fk\u00fc&#8217;nde a\u00e7\u0131ld\u0131. Padi\u015fahlar\u0131n resm-i ge\u00e7it alaylar\u0131n\u0131 seyrettikleri k\u00f6\u015fk\u00fc mekan tutan Ahmet Hamdi Tanp\u0131nar Edebiyat M\u00fcze K\u00fct\u00fcphanesi, 7 binden fazla kitaba sahip bir k\u00fct\u00fcphane olmas\u0131n\u0131n yan\u0131 s\u0131ra &#8216;Edebiyat\u00e7\u0131lar Kahvesi&#8217; ile edeb\u00ee sohbetlere de imk\u00e2n tan\u0131yacak. Padi\u015fahlar\u0131n, ge\u00e7it yapan alaylar\u0131, mesleklerini sergileyerek ge\u00e7en esnaf\u0131, silaha, z\u0131rha [&hellip;]<\/p>\n","protected":false},"author":1,"featured_media":0,"comment_status":"open","ping_status":"open","sticky":false,"template":"","format":"standard","meta":{"footnotes":""},"categories":[71,1572],"tags":[],"class_list":["post-767","post","type-post","status-publish","format-standard","hentry","category-muze-kutuphaneleri-2","category-edebiyat-ve-muze-kutuphaneleri"],"_links":{"self":[{"href":"https:\/\/www.bbyhaber.com\/bby\/wp-json\/wp\/v2\/posts\/767"}],"collection":[{"href":"https:\/\/www.bbyhaber.com\/bby\/wp-json\/wp\/v2\/posts"}],"about":[{"href":"https:\/\/www.bbyhaber.com\/bby\/wp-json\/wp\/v2\/types\/post"}],"author":[{"embeddable":true,"href":"https:\/\/www.bbyhaber.com\/bby\/wp-json\/wp\/v2\/users\/1"}],"replies":[{"embeddable":true,"href":"https:\/\/www.bbyhaber.com\/bby\/wp-json\/wp\/v2\/comments?post=767"}],"version-history":[{"count":0,"href":"https:\/\/www.bbyhaber.com\/bby\/wp-json\/wp\/v2\/posts\/767\/revisions"}],"wp:attachment":[{"href":"https:\/\/www.bbyhaber.com\/bby\/wp-json\/wp\/v2\/media?parent=767"}],"wp:term":[{"taxonomy":"category","embeddable":true,"href":"https:\/\/www.bbyhaber.com\/bby\/wp-json\/wp\/v2\/categories?post=767"},{"taxonomy":"post_tag","embeddable":true,"href":"https:\/\/www.bbyhaber.com\/bby\/wp-json\/wp\/v2\/tags?post=767"}],"curies":[{"name":"wp","href":"https:\/\/api.w.org\/{rel}","templated":true}]}}