{"id":7644,"date":"2012-11-13T17:33:01","date_gmt":"2012-11-13T15:33:01","guid":{"rendered":"http:\/\/www.bbyhaber.com\/bby\/?p=7644"},"modified":"2014-06-24T16:12:29","modified_gmt":"2014-06-24T13:12:29","slug":"20-ataturk-cocuklari-kutuphanesi-acildi","status":"publish","type":"post","link":"https:\/\/www.bbyhaber.com\/bby\/2012\/11\/13\/20-ataturk-cocuklari-kutuphanesi-acildi","title":{"rendered":"20. Atat\u00fcrk \u00c7ocuklar\u0131 K\u00fct\u00fcphanesi A\u00e7\u0131ld\u0131"},"content":{"rendered":"<p style=\"text-align: justify;\"><a href=\"http:\/\/www.bbyhaber.com\/bby\/wp-content\/uploads\/2011\/11\/61.jpg\"><img loading=\"lazy\" decoding=\"async\" class=\"alignleft\" src=\"http:\/\/www.bbyhaber.com\/bby\/wp-content\/uploads\/2011\/11\/61.jpg\" alt=\"\" width=\"179\" height=\"70\" \/><\/a>T\u00fcrkiye\u2019de, k\u00fct\u00fcphane olmayan k\u00f6ylere <a href=\"http:\/\/www.ataturkcocuklarikutuphanesi.org\/\" target=\"_blank\"><strong>Atat\u00fcrk \u00c7ocuklar\u0131 K\u00fct\u00fcphanesi<\/strong><\/a> ad\u0131 alt\u0131nda <strong>K\u00f6y K\u00fct\u00fcphaneleri <\/strong>a\u00e7mak amac\u0131yla kurulan &#8220;<a href=\"http:\/\/www.facebook.com\/groups\/313558925324599\/\" target=\"_blank\"><strong>K\u00f6y \u00c7ocuklar\u0131 K\u00fct\u00fcphaneleri Olu\u015fturma, K\u00fclt\u00fcr- Sanat ve Dayan\u0131\u015fma Derne\u011fi<\/strong><\/a>&#8220;; 20. K\u00fct\u00fcphanesi \u0130zmir\/Menemen-S\u00fcleymanl\u0131 K\u00f6y\u00fc&#8217;ne kuruldu. 10 Kas\u0131m 2012 g\u00fcn\u00fc a\u00e7\u0131lan k\u00fct\u00fcphane, \u0130zmir, K\u0131z\u0131l\u00e7ullu K\u00f6y Enstit\u00fcs\u00fc&#8217;nden mezun olup ge\u00e7ti\u011fimiz y\u0131l aram\u0131zdan ayr\u0131lan \u00f6\u011fretmen Melek Kuyucakl\u0131 an\u0131s\u0131na a\u00e7\u0131ld\u0131.<!--more--> 2.100&#8217;\u00fc \u00e7ocuk kitab\u0131 olmak \u00fczere her ya\u015fta herkese hitap eden k\u00fct\u00fcphanede 5.000 kitap bulunuyor. S\u00fcleymanl\u0131 K\u00f6y\u00fc Atat\u00fcrk \u00c7ocuklar\u0131 K\u00fct\u00fcphanesi, \u00e7evresindeki k\u00f6ylerle birlikte yakla\u015f\u0131k 6.000 ki\u015fiye hizmet edecek.<\/p>\n<p style=\"text-align: justify;\">\u0130zmir&#8217;den gelen \u015fair, yazarlar ve kitapseverlerin de kat\u0131ld\u0131\u011f\u0131 a\u00e7\u0131l\u0131\u015f k\u00f6y muhtar\u0131 Murat Bayar&#8217;\u0131n ho\u015fgeldiniz konu\u015fmas\u0131yla ba\u015flad\u0131. \u0130zmirli \u015fairlerden H\u00fcseyin Peker, Emine Cin, Ay\u015fe Y\u0131lmaz, M\u00fcjgan \u00d6zl\u00fco\u011flu \u015fiirlerini okudular. Salihli&#8217;den gelen \u00c7ifteler K\u00f6y Enstit\u00fcs\u00fc mezunu Huriye Sara\u00e7 k\u00f6y enstit\u00fcleri ve kitap sevgisini anlatt\u0131. \u00c7i\u011fli Cemevi Ba\u015fkan\u0131 \u0130smail Horoz da kitab\u0131n ve e\u011fitimin \u00f6nemine de\u011findi. Melek Kuyucakl\u0131&#8217;n\u0131n k\u0131zlar\u0131 Aysun ve Ayhan Kuyucakl\u0131&#8217;n\u0131n da kat\u0131ld\u0131\u011f\u0131 a\u00e7\u0131l\u0131\u015fta Ayhan Kuyucakl\u0131 duygusal bir konu\u015fma yapt\u0131.<\/p>\n<p style=\"text-align: justify;\">K\u00fct\u00fcphane a\u00e7\u0131l\u0131\u015f\u0131na b\u00fcy\u00fck destek veren Menemen Belediye Ba\u015fkan\u0131 Tahir \u015eahin &#8220;Ge\u00e7ti\u011fimiz aylarda Alani\u00e7i K\u00f6y\u00fc&#8217;ne de bir k\u00fct\u00fcphane kazand\u0131ran derne\u011fimize, dernek ba\u015fkan\u0131 Mesut Tim nezninde te\u015fekk\u00fcr ederim. Bu k\u00fct\u00fcphaneden faydalanacak \u00e7ocuklar\u0131m\u0131z yar\u0131n birer e\u011fitim neferi, doktor, avukat ve topluma faydal\u0131 bireyler olacaklar&#8221; dedi. A\u00e7\u0131l\u0131\u015f kurdelas\u0131n\u0131n kesiminden sonra dernek ba\u015fkan\u0131 Mesut Tim, a\u00e7\u0131l\u0131\u015fa gelen b\u00fct\u00fcn \u00e7ocuklara imza kar\u015f\u0131l\u0131\u011f\u0131 ilk kitaplar\u0131n\u0131 verdi.<\/p>\n<p style=\"text-align: justify;\">Kaynak: http:\/\/www.haberhurriyeti.com<\/p>\n<p><strong>\u0130leti\u015fim:<\/strong><\/p>\n<p><strong>Adres: 11\/2 Sokak No: 18\/A \u00dc\u00e7kuyular \u2013 \u0130ZM\u0130R<\/strong><\/p>\n<p><strong>Tel<\/strong> <strong>: <\/strong>0232 246 82 46<br \/>\n<strong>GSM : <\/strong>0533 030 91 00<br \/>\n<strong>Web<\/strong> <strong>:<\/strong> <a href=\"http:\/\/www.ataturkcocuklarikutuphanesi.org\/\" target=\"_blank\">www.ataturkcocuklarikutuphanesi.org<\/a><\/p>\n<table width=\"455\" border=\"1\">\n<tbody>\n<tr>\n<td colspan=\"3\">\n<div align=\"center\"><span style=\"color: #000080;\"><strong><span class=\"stil8\">K\u00f6y \u00c7ocuklar\u0131 K\u00fct\u00fcphaneleri Olu\u015fturma<br \/>\nK\u00fclt\u00fcr-Sanat ve Dayan\u0131\u015fma Derne\u011finin<br \/>\nA\u00e7t\u0131\u011f\u0131 K\u00fct\u00fcphaneler<\/span><\/strong><\/span><\/div>\n<\/td>\n<\/tr>\n<tr>\n<td width=\"44\">\n<div align=\"center\"><span style=\"color: #ff0000;\"><strong><span class=\"stil4\">No<\/span><\/strong><\/span><\/div>\n<\/td>\n<td width=\"123\">\n<div class=\"stil4\" align=\"center\">\n<div align=\"center\"><span style=\"color: #ff0000;\"><strong>A\u00e7\u0131ld\u0131\u011f\u0131 Tarih<\/strong><\/span><\/div>\n<\/div>\n<\/td>\n<td width=\"266\">\n<div class=\"stil4\" align=\"center\">\n<div align=\"center\"><span style=\"color: #ff0000;\"><strong>Yer<\/strong><\/span><\/div>\n<\/div>\n<\/td>\n<\/tr>\n<tr>\n<td>\n<div class=\"stil11\" align=\"center\">1<\/div>\n<\/td>\n<td>\n<div align=\"center\"><strong>11 Ekim 2006<\/strong><\/div>\n<\/td>\n<td>\n<div class=\"stil15\" align=\"center\">\n<div align=\"center\">\u0130zmir\/Urla-Uzunkuyu K\u00f6y\u00fc<\/div>\n<\/div>\n<\/td>\n<\/tr>\n<tr>\n<td>\n<div class=\"stil11\" align=\"center\">2<\/div>\n<\/td>\n<td>\n<div align=\"center\"><strong>25 Mart 2007<\/strong><\/div>\n<\/td>\n<td>\n<div class=\"stil15\" align=\"center\">\n<div align=\"center\">\u0130zmir\/Bay\u0131nd\u0131r-Sar\u0131yurt K\u00f6y\u00fc<\/div>\n<\/div>\n<\/td>\n<\/tr>\n<tr>\n<td>\n<div class=\"stil11\" align=\"center\">3<\/div>\n<\/td>\n<td>\n<div align=\"center\"><strong>08 Ekim 2007<\/strong><\/div>\n<\/td>\n<td>\n<div class=\"stil15\" align=\"center\">\n<div align=\"center\">Rize\/F\u0131nd\u0131kl\u0131-\u00c7a\u011flayan K\u00f6y\u00fc<\/div>\n<\/div>\n<\/td>\n<\/tr>\n<tr>\n<td>\n<div class=\"stil11\" align=\"center\">4<\/div>\n<\/td>\n<td>\n<div align=\"center\"><strong>10 Haziran 2008<\/strong><\/div>\n<\/td>\n<td>\n<div class=\"stil15\" align=\"center\">\n<div align=\"center\">\u0130zmir\/Kiraz-Suludere K\u00f6y\u00fc<\/div>\n<\/div>\n<\/td>\n<\/tr>\n<tr>\n<td>\n<div class=\"stil11\" align=\"center\">5<\/div>\n<\/td>\n<td>\n<div align=\"center\"><strong>28 \u015eubat 2009<\/strong><\/div>\n<\/td>\n<td>\n<div class=\"stil15\" align=\"center\">\n<div align=\"center\">\u0130zmir\/Karaba\u011flar-Kavac\u0131k K\u00f6y\u00fc<\/div>\n<\/div>\n<\/td>\n<\/tr>\n<tr>\n<td>\n<div class=\"stil11\" align=\"center\">6<\/div>\n<\/td>\n<td>\n<div align=\"center\"><strong>04 Nisan 2009<\/strong><\/div>\n<\/td>\n<td>\n<div class=\"stil15\" align=\"center\">\n<div align=\"center\">\u0130zmir\/\u00d6demi\u015f-Hamam K\u00f6y\u00fc<\/div>\n<\/div>\n<\/td>\n<\/tr>\n<tr>\n<td>\n<div class=\"stil11\" align=\"center\">7<\/div>\n<\/td>\n<td>\n<div align=\"center\"><strong>20 Temmuz 2009<\/strong><\/div>\n<\/td>\n<td>\n<div class=\"stil15\" align=\"center\">\n<div align=\"center\">Afyon\/Emirda\u011f-Ekizce K\u00f6y\u00fc<\/div>\n<\/div>\n<\/td>\n<\/tr>\n<tr>\n<td>\n<div class=\"stil11\" align=\"center\">8<\/div>\n<\/td>\n<td>\n<div align=\"center\"><strong>23 Ekim 2009<\/strong><\/div>\n<\/td>\n<td>\n<div class=\"stil15\" align=\"center\">\n<div align=\"center\">\u0130zmir\/\u00c7i\u011fli-Kakl\u0131\u00e7 K\u00f6y\u00fc<\/div>\n<\/div>\n<\/td>\n<\/tr>\n<tr>\n<td>\n<div class=\"stil11\" align=\"center\">9<\/div>\n<\/td>\n<td>\n<div align=\"center\"><strong>26 Aral\u0131k 2009<\/strong><\/div>\n<\/td>\n<td>\n<div class=\"stil15\" align=\"center\">\n<div align=\"center\">\u0130zmir\/Bay\u0131nd\u0131r-\u00c7\u0131rp\u0131 K\u00f6y\u00fc<\/div>\n<\/div>\n<\/td>\n<\/tr>\n<tr>\n<td>\n<div class=\"stil11\" align=\"center\">10<\/div>\n<\/td>\n<td>\n<div align=\"center\"><strong>03 Nisan 2010<\/strong><\/div>\n<\/td>\n<td>\n<div class=\"stil15\" align=\"center\">\n<div align=\"center\">\u0130zmir\/Seferihisar-Orhanl\u0131 K\u00f6y\u00fc<\/div>\n<\/div>\n<\/td>\n<\/tr>\n<tr>\n<td>\n<div class=\"stil11\" align=\"center\">11<\/div>\n<\/td>\n<td>\n<div align=\"center\"><strong>16 Haziran 2010<\/strong><\/div>\n<\/td>\n<td>\n<div class=\"stil15\" align=\"center\">\n<div align=\"center\">\u0130zmir\/Torbal\u0131- Korucuk K\u00f6y\u00fc<\/div>\n<\/div>\n<\/td>\n<\/tr>\n<tr>\n<td>\n<div class=\"stil11\" align=\"center\">\n<div align=\"center\">12<\/div>\n<\/div>\n<\/td>\n<td>\n<div align=\"center\"><strong>9 Ekim 2010<\/strong><\/div>\n<\/td>\n<td>\n<div class=\"stil15\" align=\"center\">\n<div align=\"center\">\u0130zmir\/Seferihisar \u0130l\u00e7esi<\/div>\n<\/div>\n<\/td>\n<\/tr>\n<tr>\n<td>\n<div class=\"stil11\" align=\"center\">\n<div align=\"center\">13<\/div>\n<\/div>\n<\/td>\n<td>\n<div align=\"center\"><strong>25 Aral\u0131k 2010<\/strong><\/div>\n<\/td>\n<td>\n<div class=\"stil15\" align=\"center\">\n<div align=\"center\">Manisa\/Salihli-G\u00f6key\u00fcp Beldesi<\/div>\n<\/div>\n<\/td>\n<\/tr>\n<tr>\n<td>\n<div class=\"stil11\" align=\"center\">14<\/div>\n<\/td>\n<td>\n<div align=\"center\">\u200e<strong>14 Nisan 2011<\/strong><\/div>\n<\/td>\n<td>\n<div class=\"stil16\" align=\"center\">\n<div align=\"center\">\u0130zmir\/Seferihisar-G\u00f6dence K\u00f6y\u00fc<\/div>\n<\/div>\n<\/td>\n<\/tr>\n<tr>\n<td>\n<div class=\"stil11\" align=\"center\">15<\/div>\n<\/td>\n<td>\n<div align=\"center\">\u200e<strong><span class=\"stil18\">29 May\u0131s 2011<\/span><\/strong><\/div>\n<\/td>\n<td>\n<div class=\"stil16\" align=\"center\">\n<div class=\"stil15\" align=\"center\">\u0130zmir\/Tire-K\u0131rtepe K\u00f6y\u00fc<\/div>\n<\/div>\n<\/td>\n<\/tr>\n<tr>\n<td>\n<div class=\"stil19\" align=\"center\">\n<div class=\"stil11\" align=\"center\">16<\/div>\n<\/div>\n<\/td>\n<td>\n<div class=\"stil19\" align=\"center\">\n<div align=\"center\">\u200e<strong><span class=\"stil18\">25 Eyl\u00fcl 2011<\/span><\/strong><\/div>\n<\/div>\n<\/td>\n<td>\n<div class=\"stil19\" align=\"center\">\n<div align=\"center\">\n<div class=\"stil16\" align=\"center\">\u0130zmir\/\u00d6demi\u015f-B\u0131\u00e7ak\u00e7\u0131 K\u00f6y\u00fc<\/div>\n<\/div>\n<\/div>\n<\/td>\n<\/tr>\n<tr>\n<td>\n<div class=\"stil19\" align=\"center\">\n<div class=\"stil11\" align=\"center\">17<\/div>\n<\/div>\n<\/td>\n<td>\n<div align=\"center\">\n<div align=\"center\">\u200e<strong>29 Ekim 2011<\/strong><\/div>\n<\/div>\n<\/td>\n<td>\n<div align=\"center\">\n<div align=\"center\">\n<div class=\"stil16\" align=\"center\">\u0130zmir\/Bay\u0131nd\u0131r-Zeytinova Beldesi<\/div>\n<\/div>\n<\/div>\n<\/td>\n<\/tr>\n<tr>\n<td>\n<div class=\"stil19\" align=\"center\">\n<div class=\"stil11\" align=\"center\">18<\/div>\n<\/div>\n<\/td>\n<td>\n<div align=\"center\">\n<div align=\"center\">\u200e<strong>10 Mart 2012<\/strong><\/div>\n<\/div>\n<\/td>\n<td>\n<div align=\"center\">\n<div align=\"center\">\n<div class=\"stil16\" align=\"center\">\u0130zmir\/Emiralem-Alani\u00e7i K\u00f6y\u00fc<\/div>\n<\/div>\n<\/div>\n<\/td>\n<\/tr>\n<tr>\n<td>\n<div class=\"stil19\" align=\"center\">\n<div class=\"stil11\" align=\"center\"><span style=\"color: #000000;\">19<\/span><\/div>\n<\/div>\n<\/td>\n<td>\n<div align=\"center\">\n<div align=\"center\">\u200e<strong><span style=\"color: #000000;\">29 May\u0131s 2012<\/span><\/strong><\/div>\n<\/div>\n<\/td>\n<td>\n<div align=\"center\">\n<div align=\"center\">\n<div class=\"stil16\" align=\"center\"><span style=\"color: #000000;\">\u0130zmir\/\u00d6demi\u015f-Mescitli K\u00f6y\u00fc<\/span><\/div>\n<\/div>\n<\/div>\n<\/td>\n<\/tr>\n<tr>\n<td>\n<div class=\"stil19\" align=\"center\">\n<div class=\"stil11\" align=\"center\"><span style=\"color: #000000;\">20<\/span><\/div>\n<\/div>\n<\/td>\n<td>\n<div align=\"center\">\n<div align=\"center\">\u200e<span style=\"color: #000000;\"><strong>10 Kas\u0131m 2012<\/strong><\/span><\/div>\n<\/div>\n<\/td>\n<td>\n<div align=\"center\">\n<div align=\"center\">\n<div class=\"stil16\" align=\"center\"><span style=\"color: #000000;\">\u0130zmir\/Menemen-S\u00fcleymanl\u0131 K\u00f6y\u00fc<\/span><\/div>\n<\/div>\n<\/div>\n<\/td>\n<\/tr>\n<\/tbody>\n<\/table>\n","protected":false},"excerpt":{"rendered":"<p>T\u00fcrkiye\u2019de, k\u00fct\u00fcphane olmayan k\u00f6ylere Atat\u00fcrk \u00c7ocuklar\u0131 K\u00fct\u00fcphanesi ad\u0131 alt\u0131nda K\u00f6y K\u00fct\u00fcphaneleri a\u00e7mak amac\u0131yla kurulan &#8220;K\u00f6y \u00c7ocuklar\u0131 K\u00fct\u00fcphaneleri Olu\u015fturma, K\u00fclt\u00fcr- Sanat ve Dayan\u0131\u015fma Derne\u011fi&#8220;; 20. K\u00fct\u00fcphanesi \u0130zmir\/Menemen-S\u00fcleymanl\u0131 K\u00f6y\u00fc&#8217;ne kuruldu. 10 Kas\u0131m 2012 g\u00fcn\u00fc a\u00e7\u0131lan k\u00fct\u00fcphane, \u0130zmir, K\u0131z\u0131l\u00e7ullu K\u00f6y Enstit\u00fcs\u00fc&#8217;nden mezun olup ge\u00e7ti\u011fimiz y\u0131l aram\u0131zdan ayr\u0131lan \u00f6\u011fretmen Melek Kuyucakl\u0131 an\u0131s\u0131na a\u00e7\u0131ld\u0131.<\/p>\n","protected":false},"author":1,"featured_media":0,"comment_status":"open","ping_status":"open","sticky":false,"template":"","format":"standard","meta":{"footnotes":""},"categories":[1539,1],"tags":[],"class_list":["post-7644","post","type-post","status-publish","format-standard","hentry","category-ataturk-cocuklari-kutuphanesi","category-genel"],"_links":{"self":[{"href":"https:\/\/www.bbyhaber.com\/bby\/wp-json\/wp\/v2\/posts\/7644"}],"collection":[{"href":"https:\/\/www.bbyhaber.com\/bby\/wp-json\/wp\/v2\/posts"}],"about":[{"href":"https:\/\/www.bbyhaber.com\/bby\/wp-json\/wp\/v2\/types\/post"}],"author":[{"embeddable":true,"href":"https:\/\/www.bbyhaber.com\/bby\/wp-json\/wp\/v2\/users\/1"}],"replies":[{"embeddable":true,"href":"https:\/\/www.bbyhaber.com\/bby\/wp-json\/wp\/v2\/comments?post=7644"}],"version-history":[{"count":0,"href":"https:\/\/www.bbyhaber.com\/bby\/wp-json\/wp\/v2\/posts\/7644\/revisions"}],"wp:attachment":[{"href":"https:\/\/www.bbyhaber.com\/bby\/wp-json\/wp\/v2\/media?parent=7644"}],"wp:term":[{"taxonomy":"category","embeddable":true,"href":"https:\/\/www.bbyhaber.com\/bby\/wp-json\/wp\/v2\/categories?post=7644"},{"taxonomy":"post_tag","embeddable":true,"href":"https:\/\/www.bbyhaber.com\/bby\/wp-json\/wp\/v2\/tags?post=7644"}],"curies":[{"name":"wp","href":"https:\/\/api.w.org\/{rel}","templated":true}]}}