{"id":764,"date":"2011-11-15T08:12:03","date_gmt":"2011-11-15T06:12:03","guid":{"rendered":"http:\/\/www.bbyhaber.com\/bby\/?p=764"},"modified":"2013-02-28T12:52:18","modified_gmt":"2013-02-28T10:52:18","slug":"izmire-milli-kutuphane-mujdesi","status":"publish","type":"post","link":"https:\/\/www.bbyhaber.com\/bby\/2011\/11\/15\/izmire-milli-kutuphane-mujdesi","title":{"rendered":"\u0130zmir&#8217;e Milli K\u00fct\u00fcphane m\u00fcjdesi"},"content":{"rendered":"<p style=\"text-align: justify;\">\u0130zmir Milli K\u00fct\u00fcphanesi&#8217;nin, \u00f6n\u00fcm\u00fczdeki y\u0131l 100. ya\u015f\u0131n\u0131 kutlayaca\u011f\u0131n\u0131, 2 Kas\u0131m tarihinde yazm\u0131\u015ft\u0131k. \u0130zmir&#8217;in kocaman bir k\u00fclt\u00fcr de\u011feri olan, kentin tarih kulvar\u0131nda haf\u0131za rol\u00fc oynayan Milli K\u00fct\u00fcphane&#8217;nin \u00f6nemli \u00f6zelliklerinden biri &#8216;Derleme Kanunu&#8217; kapsam\u0131nda yer almas\u0131. K\u00fct\u00fcphane, 21 Haziran 1934 tarihinde \u00e7\u0131kan bir kanunla, T\u00fcrkiye&#8217;de bas\u0131lan her t\u00fcrl\u00fc eserin birer n\u00fcshalar\u0131n\u0131n topland\u0131\u011f\u0131 6 k\u00fct\u00fcphane aras\u0131nda yer alm\u0131\u015f.<!--more--><\/p>\n<p style=\"text-align: justify;\">\u00a0Bunlar s\u0131ras\u0131yla; Beyaz\u0131t Devlet K\u00fct\u00fcphanesi, \u0130stanbul \u00dcniversitesi K\u00fct\u00fcphanesi, Ankara Adnan \u00d6t\u00fcken Halk K\u00fct\u00fcphanesi, Milli K\u00fct\u00fcphane ve T\u00fcrkiye B\u00fcy\u00fck Millet Meclisi K\u00fct\u00fcphaneleri.Yeni haz\u0131rlanmakta olan, ama uzun s\u00fcredir uygulamaya ge\u00e7mek \u00fczere, s\u0131ras\u0131n\u0131n gelmesini bekleyen bir yasa tasar\u0131s\u0131nda, \u0130zmir Milli K\u00fct\u00fcphanesi&#8217;nin, bir iki k\u00fct\u00fcphane ile birlikte &#8216;Derleme Kanunu&#8217; kapsam\u0131ndan \u00e7\u0131kar\u0131lmas\u0131 g\u00fcndemdeydi. Ankara&#8217;dan gelen bilgiler, yeni tasar\u0131 ile temel amac\u0131n, tasarruf oldu\u011funu yans\u0131t\u0131yordu.<\/p>\n<p style=\"text-align: justify;\">Haberin devam\u0131 i\u00e7in <a href=\"http:\/\/www.sabah.com.tr\/Yazarlar\/ersozlu\/2011\/11\/13\/izmire-milli-kutuphane-mujdesi\" target=\"_blank\">t\u0131klay\u0131n\u0131z<\/a>.<\/p>\n<p style=\"text-align: justify;\">Kaynak: http:\/\/www.sabah.com.tr<\/p>\n","protected":false},"excerpt":{"rendered":"<p>\u0130zmir Milli K\u00fct\u00fcphanesi&#8217;nin, \u00f6n\u00fcm\u00fczdeki y\u0131l 100. ya\u015f\u0131n\u0131 kutlayaca\u011f\u0131n\u0131, 2 Kas\u0131m tarihinde yazm\u0131\u015ft\u0131k. \u0130zmir&#8217;in kocaman bir k\u00fclt\u00fcr de\u011feri olan, kentin tarih kulvar\u0131nda haf\u0131za rol\u00fc oynayan Milli K\u00fct\u00fcphane&#8217;nin \u00f6nemli \u00f6zelliklerinden biri &#8216;Derleme Kanunu&#8217; kapsam\u0131nda yer almas\u0131. K\u00fct\u00fcphane, 21 Haziran 1934 tarihinde \u00e7\u0131kan bir kanunla, T\u00fcrkiye&#8217;de bas\u0131lan her t\u00fcrl\u00fc eserin birer n\u00fcshalar\u0131n\u0131n topland\u0131\u011f\u0131 6 k\u00fct\u00fcphane aras\u0131nda yer alm\u0131\u015f.<\/p>\n","protected":false},"author":1,"featured_media":0,"comment_status":"open","ping_status":"open","sticky":false,"template":"","format":"standard","meta":{"footnotes":""},"categories":[1,1581],"tags":[],"class_list":["post-764","post","type-post","status-publish","format-standard","hentry","category-genel","category-izmir-milli-kutuphane"],"_links":{"self":[{"href":"https:\/\/www.bbyhaber.com\/bby\/wp-json\/wp\/v2\/posts\/764"}],"collection":[{"href":"https:\/\/www.bbyhaber.com\/bby\/wp-json\/wp\/v2\/posts"}],"about":[{"href":"https:\/\/www.bbyhaber.com\/bby\/wp-json\/wp\/v2\/types\/post"}],"author":[{"embeddable":true,"href":"https:\/\/www.bbyhaber.com\/bby\/wp-json\/wp\/v2\/users\/1"}],"replies":[{"embeddable":true,"href":"https:\/\/www.bbyhaber.com\/bby\/wp-json\/wp\/v2\/comments?post=764"}],"version-history":[{"count":0,"href":"https:\/\/www.bbyhaber.com\/bby\/wp-json\/wp\/v2\/posts\/764\/revisions"}],"wp:attachment":[{"href":"https:\/\/www.bbyhaber.com\/bby\/wp-json\/wp\/v2\/media?parent=764"}],"wp:term":[{"taxonomy":"category","embeddable":true,"href":"https:\/\/www.bbyhaber.com\/bby\/wp-json\/wp\/v2\/categories?post=764"},{"taxonomy":"post_tag","embeddable":true,"href":"https:\/\/www.bbyhaber.com\/bby\/wp-json\/wp\/v2\/tags?post=764"}],"curies":[{"name":"wp","href":"https:\/\/api.w.org\/{rel}","templated":true}]}}