{"id":7633,"date":"2012-11-13T11:25:06","date_gmt":"2012-11-13T09:25:06","guid":{"rendered":"http:\/\/www.bbyhaber.com\/bby\/?p=7633"},"modified":"2012-11-13T11:26:28","modified_gmt":"2012-11-13T09:26:28","slug":"fuara-daha-cok-cocuk-daha-cok-genc-gelsin-gunisigi-kitapligi31-uluslararasi-istanbul-kitap-fuari","status":"publish","type":"post","link":"https:\/\/www.bbyhaber.com\/bby\/2012\/11\/13\/fuara-daha-cok-cocuk-daha-cok-genc-gelsin-gunisigi-kitapligi31-uluslararasi-istanbul-kitap-fuari","title":{"rendered":"Fuara daha \u00e7ok \u00e7ocuk, daha \u00e7ok gen\u00e7 gelsin-G\u00fcn\u0131\u015f\u0131\u011f\u0131 Kitapl\u0131\u011f\u0131\/31. Uluslararas\u0131 \u0130stanbul Kitap Fuar\u0131"},"content":{"rendered":"<p style=\"text-align: justify;\"><img loading=\"lazy\" decoding=\"async\" class=\"alignleft\" src=\"http:\/\/www.gunisigikitapligi.com\/Scripts\/logo.jpg\" alt=\"\" width=\"100\" height=\"76\" \/>31. Uluslararas\u0131 \u0130stanbul Kitap Fuar\u0131\u2019n\u0131n bu y\u0131lki temas\u0131n\u0131n \u201c\u00e7ocuk ve gen\u00e7lik edebiyat\u0131\u201d olmas\u0131n\u0131 co\u015fkuyla kar\u015f\u0131lad\u0131klar\u0131n\u0131 belirten G\u00fcn\u0131\u015f\u0131\u011f\u0131 Kitapl\u0131\u011f\u0131 Genel Yay\u0131n Y\u00f6netmeni Mine Soysal, kuruldu\u011fu 1996\u2019dan beri \u00e7a\u011fda\u015f T\u00fcrk ve d\u00fcnya edebiyat\u0131ndan, 250\u2019den fazla edebiyat eseri yay\u0131mlayarak bu alanda uzmanla\u015fmay\u0131 se\u00e7mi\u015f bir yay\u0131nevi olduklar\u0131n\u0131 vurguluyor. \u201c\u00c7ocuk ve gen\u00e7lik kitaplar\u0131ndaki geli\u015fmeler, yay\u0131nc\u0131l\u0131\u011f\u0131n bu \u00f6nemli alan\u0131n\u0131n son y\u0131llarda sekt\u00f6r\u00fcm\u00fcz\u00fcn g\u00fclen y\u00fcz\u00fc olarak tan\u0131mlanmas\u0131n\u0131 sa\u011flad\u0131.<!--more--><\/p>\n<p><strong><span style=\"color: #0000ff;\">17-25 Kas\u0131m 2012<\/span><\/strong><\/p>\n<p><strong>Beylikd\u00fcz\u00fc T\u00dcYAP Fuar ve Kongre Merkezi<\/strong><\/p>\n<p>E5 Karayolu G\u00fcrp\u0131nar Kav\u015fa\u011f\u0131<\/p>\n<p>Beylikd\u00fcz\u00fc 34522 \u0130stanbul<\/p>\n<p>Tel: (0212) 886 68 43<\/p>\n<p>Ziyaret saatleri<\/p>\n<p>Hafta i\u00e7i:\u00a0\u00a0\u00a0\u00a0 10:00-19:00<\/p>\n<p>Hafta Sonu: 11:00-20:00<\/p>\n<p style=\"text-align: justify;\">\u00d6\u011fretmenlere ve \u00f6\u011frencilere giri\u015f \u00fccretsizdir<\/p>\n<p style=\"text-align: justify;\">Bu y\u0131l fuar temas\u0131n\u0131n \u00e7ocuk ve gen\u00e7lik edebiyat\u0131 olmas\u0131, dikkati \u00e7ocuk ve gen\u00e7lik kitaplar\u0131na daha \u00e7ok \u00e7ekecek. Dileriz, bu y\u0131l fuara daha \u00e7ok \u00e7ocuk, daha \u00e7ok gen\u00e7 gelebilsin; kitaplar\u0131 \u00f6zg\u00fcrce kar\u0131\u015ft\u0131rs\u0131nlar, kendi se\u00e7imlerini yaps\u0131nlar ve ho\u015flanarak okuyabilecekleri nitelikli kitaplar bulabilsinler. Hem bug\u00fcn tan\u0131kl\u0131\u011fa zorland\u0131klar\u0131 ac\u0131lar\u0131 gidermede, hem de gelecekteki okurluk ser\u00fcvenleri ad\u0131na bu fuar onlar i\u00e7in unutulmaz olsun; bulu\u015facaklar\u0131 yazarlar, kitaplar ya\u015famlar\u0131n\u0131 etkilesin. Dileriz, yeti\u015fkinler onlara engel olmas\u0131n, neyi okuyup neyi okumayacaklar\u0131na karar vermeye \u00e7al\u0131\u015fmas\u0131nlar. B\u0131rakal\u0131m, \u00e7ocuklar ve gen\u00e7ler su olup aks\u0131nlar, edebiyata kar\u0131\u015fs\u0131nlar. \u00c7\u00fcnk\u00fc, kitap fuarlar\u0131n\u0131 yar\u0131nlara ta\u015f\u0131yacak olanlar da onlar.\u201d<\/p>\n<p style=\"text-align: justify;\">G\u00fcn\u0131\u015f\u0131\u011f\u0131 Kitapl\u0131\u011f\u0131, 17-25 Kas\u0131m\u2019da d\u00fczenlenen Beylikd\u00fcz\u00fc T\u00dcYAP Fuar ve Kongre Merkezi\u2019nde yap\u0131lacak fuarda, yine <strong>Salon 2<\/strong>, <strong>202<\/strong> no.lu stand\u0131nda olacak. Yay\u0131nevinin fuarda okurla bulu\u015facak yeni kitaplar\u0131ndan baz\u0131lar\u0131; <strong>Behi\u00e7 Ak<\/strong>\u2019\u0131n onuncu \u201cG\u00fcl\u00fcmseten \u00d6yk\u00fc\u201ds\u00fc <em>Ge\u00e7mi\u015fe T\u0131rmanan Merdiven<\/em>, milyonlar\u0131n sevgilisi \u00c7\u0131t\u0131r \u00c7\u0131t\u0131r Felsefe dizisinin 22. kitab\u0131 <em>\u015eiddet ve \u015eiddetsizlik<\/em>, b\u00fcy\u00fck usta <strong>Christine N\u00f6stlinger<\/strong>\u2019den <em>Sakl\u0131 Miras<\/em>, \u00f6d\u00fcll\u00fc yazar <strong>Fadime Uslu<\/strong>\u2019dan <em>\u00c7at Kap\u0131 Day\u0131m<\/em>, polisiyenin sevilen ismi <strong>Ye\u015fim Sayg\u0131n Armutak<\/strong>\u2019tan <em>Bayku\u015f Yemini<\/em>, \u00e7ocuklara \u015fiiri sevdiren <strong>Necdet Neydim<\/strong>\u2019den <em>\u0130ki G\u00f6z\u00fcm \u00dcz\u00fcm\u00fcm<\/em> ve <strong>Suzan Gerid\u00f6nmez<\/strong>\u2019den <em>Hi\u00e7 Adil De\u011fil!<\/em><\/p>\n<p style=\"text-align: justify;\">Fuar s\u00fcresince M\u00fcge \u0130plik\u00e7i, Behi\u00e7 Ak, Karin Karaka\u015fl\u0131, Tolga G\u00fcm\u00fc\u015fay, Suzan Gerid\u00f6nmez, Fadime Uslu, Hacer K\u0131lc\u0131o\u011flu, Necdet Neydim, \u0130shak Reyna, Ye\u015fim Sayg\u0131n Armutak ve Leyla Ruhan Okyay okuma-s\u00f6yle\u015fi programlar\u0131yla okurlar\u0131yla bulu\u015facak ve kitaplar\u0131n\u0131 imzalayacaklar. Okurlar yay\u0131nevinin stand\u0131ndaki imza g\u00fcnlerinde ayr\u0131ca Osman \u015eahin, Necati Tosuner, \u0130rem U\u015far, M\u00fcslim \u00c7elik, Beh\u00e7et \u00c7elik, Turgay Fi\u015fek\u00e7i, Necati G\u00fcng\u00f6r, Kadri \u00d6ztop\u00e7u, Sevgi Sayg\u0131, Mine Soysal, \u0130smet Bertan, Asl\u0131 Der, Bet\u00fcl Say\u0131n, Pakize \u00d6zcan, G\u00fclsevin K\u0131ral, Adil \u0130zci ve Niran El\u00e7i ile bir araya gelebilecekler.<\/p>\n<p><span style=\"color: #ff0000;\"><strong><span style=\"text-decoration: underline;\"> <strong>G\u00dcNI\u015eI\u011eI K\u0130TAPLI\u011eI ETK\u0130NL\u0130KLER\u0130 <\/strong><\/span><\/strong><\/span><\/p>\n<p><strong><span style=\"text-decoration: underline;\"><strong><\/strong> 17 KASIM 2012, Cumartesi<\/span><\/strong><\/p>\n<p><strong>BEH\u0130\u00c7 AK<\/strong> S\u00f6yle\u015fi:<strong> Karikat\u00fcrde 30. Y\u0131l: <em>Karikat\u00fcr Kitab\u0131<\/em><\/strong><\/p>\n<p>Saat: 14:00-15:00 InterExpo Salonu<\/p>\n<p>\u0130MZA SAATLER\u0130<strong> <\/strong>\u2013 G\u00fcn\u0131\u015f\u0131\u011f\u0131 Kitapl\u0131\u011f\u0131 stand\u0131nda <strong>Salon 2 \/ 202<\/strong><\/p>\n<p>11:00-13:30 <strong>Behi\u00e7 Ak, Mine Soysal<\/strong><\/p>\n<p>13:00-15:00 <strong>Osman \u015eahin, Niran El\u00e7i<\/strong><\/p>\n<p><strong>\u00a0<span style=\"text-decoration: underline;\">18 KASIM 2012, Pazar<\/span><\/strong><\/p>\n<p><strong>KAR\u0130N KARAKA\u015eLI <\/strong>S\u00f6yle\u015fi: <strong>Yeti\u015fkinler Neden \u00c7ocuklarla Birlikte Edebiyat Okumal\u0131?<\/strong><\/p>\n<p>Saat: 13:15-14:15 Karadeniz Salonu<\/p>\n<p>\u0130MZA SAATLER\u0130<strong> <\/strong>\u2013 G\u00fcn\u0131\u015f\u0131\u011f\u0131 Kitapl\u0131\u011f\u0131 stand\u0131nda <strong>Salon 2 \/ 202<\/strong><\/p>\n<p>12:00-15:00<strong> Karin Karaka\u015fl\u0131, Necati Tosuner, Bet\u00fcl Say\u0131n<\/strong><\/p>\n<p><strong>\u00a0<span style=\"text-decoration: underline;\">19 KASIM 2012, Pazartesi<\/span><\/strong><\/p>\n<p><strong>NECDET NEYD\u0130M<\/strong> Okuma-S\u00f6yle\u015fi: <strong>\u00c7ocuklar ve \u015eiirler<\/strong>: <strong><em>\u0130ki G\u00f6z\u00fcm \u00dcz\u00fcm\u00fcm<\/em><\/strong><br \/>\nSaat<em>: <\/em>11:00 <em>&#8211;<\/em>11:45<em>\u00a0 <\/em>Karadeniz Salonu<em><\/em><\/p>\n<p>\u0130MZA SAATLER\u0130<strong> <\/strong>\u2013 G\u00fcn\u0131\u015f\u0131\u011f\u0131 Kitapl\u0131\u011f\u0131 stand\u0131nda <strong>Salon 2 \/ 202<\/strong><\/p>\n<p>10:00-13:00 <strong>Pakize \u00d6zcan, Adil \u0130zci<\/strong><\/p>\n<p>12:00-15:00 <strong>Necdet Neydim<\/strong><\/p>\n<p><strong><span style=\"text-decoration: underline;\">20 KASIM 2012, Sal\u0131<\/span><\/strong><strong><em>\u00a0\u00a0\u00a0\u00a0\u00a0\u00a0\u00a0\u00a0\u00a0\u00a0 <\/em><\/strong><strong><\/strong><\/p>\n<p><strong>SUZAN GER\u0130D\u00d6NMEZ<\/strong> Okuma-S\u00f6yle\u015fi: <strong>Gen\u00e7lik Roman\u0131: <em>Hi\u00e7 Adil De\u011fil!<\/em><\/strong><strong><br \/>\n<\/strong>Saat: 11:00-11:45 Marmara Salonu<\/p>\n<p><strong>\u0130SHAK REYNA<\/strong> Okuma-S\u00f6yle\u015fi: <strong>Denemeler ve<\/strong> <strong><em>Yeti\u015fkinler Ejderhalardan Neden Korkar?<\/em><\/strong><\/p>\n<p>Saat:13:00-13:45 Karadeniz Salonu<\/p>\n<p>\u0130MZA SAATLER\u0130<strong> <\/strong>\u2013 G\u00fcn\u0131\u015f\u0131\u011f\u0131 Kitapl\u0131\u011f\u0131 stand\u0131nda <strong>Salon 2 \/ 202<\/strong><\/p>\n<p>10:00-13:00 <strong>\u0130rem U\u015far, \u0130shak Reyna<\/strong><\/p>\n<p>12:00-15:00 <strong>Suzan Gerid\u00f6nmez, M\u00fcslim \u00c7elik<\/strong><\/p>\n<p><strong><span style=\"text-decoration: underline;\">21 KASIM 2012, \u00c7ar\u015famba<\/span><\/strong><strong><em><\/em><\/strong><\/p>\n<p><strong>YE\u015e\u0130M SAYGIN ARMUTAK<\/strong> Okuma-S\u00f6yle\u015fi: <strong>Gizemli Bir Macera Roman\u0131: <em>Bayku\u015f Yemini<\/em><\/strong><\/p>\n<p>Saat: 10:15-11:00 Karadeniz Salonu<\/p>\n<p><strong>LEYLA RUHAN OKYAY<\/strong> Okuma-S\u00f6yle\u015fi: \u201c<strong>K\u00f6pr\u00fc Kitaplar\u201d\u0131n Yeni Halkas\u0131: <em>Leylek Havada<\/em><\/strong><br \/>\nSaat:13:30-14:30 Karadeniz Salonu<\/p>\n<p>\u0130MZA SAATLER\u0130<strong> <\/strong>\u2013 G\u00fcn\u0131\u015f\u0131\u011f\u0131 Kitapl\u0131\u011f\u0131 stand\u0131nda <strong>Salon 2 \/ 202<\/strong><\/p>\n<p>10:00-13:00 <strong>Leyla Ruhan Okyay, Turgay Fi\u015fek\u00e7i<\/strong><\/p>\n<p>11:00-14:00 <strong>Ye\u015fim Sayg\u0131n Armutak<\/strong><\/p>\n<p>12:00-15:00 <strong>Necati G\u00fcng\u00f6r<\/strong><\/p>\n<p><strong><span style=\"text-decoration: underline;\">22 KASIM 2012, Per\u015fembe<\/span><\/strong><strong><em><\/em><\/strong><\/p>\n<p><strong>FAD\u0130ME USLU<\/strong> Okuma-S\u00f6yle\u015fi: <strong>S\u00fcrprizleri ve \u00d6yk\u00fcleriyle <em>\u00c7at Kap\u0131 Day\u0131m<\/em><\/strong><\/p>\n<p>Saat: 11:00-11:45 Karadeniz Salonu<\/p>\n<p><strong>HACER KILCIO\u011eLU<\/strong> Okuma-S\u00f6yle\u015fi: <strong>\u00dclkelerden Aydedeli \u00d6yk\u00fcler: <em>Aydede Her Yerde<\/em><\/strong><\/p>\n<p>Saat: 13:15-14:15 Karadeniz Salonu<\/p>\n<p>\u0130MZA SAATLER\u0130<strong> <\/strong>\u2013 G\u00fcn\u0131\u015f\u0131\u011f\u0131 Kitapl\u0131\u011f\u0131 stand\u0131nda <strong>Salon 2 \/ 202<\/strong><\/p>\n<p>10:00-13:00 <strong>G\u00fclsevin K\u0131ral, Hacer K\u0131lc\u0131o\u011flu<\/strong><\/p>\n<p>12:00-15:00 <strong>Sevgi Sayg\u0131, Fadime Uslu<\/strong><\/p>\n<p><em>\u00a0<\/em><strong><span style=\"text-decoration: underline;\">23 KASIM 2012, Cuma<\/span><\/strong><\/p>\n<p><strong>BEH\u0130\u00c7 AK<\/strong> Okuma-S\u00f6yle\u015fi: <strong>G\u00fcl\u00fcmseten \u00d6yk\u00fcler 10:<\/strong> <strong><em>Ge\u00e7mi\u015fe T\u0131rmanan Merdiven<\/em><\/strong><\/p>\n<p>Saat: 11:00-11:45 Karadeniz Salonu<\/p>\n<p><strong>M\u00dcGE \u0130PL\u0130K\u00c7\u0130<\/strong> Okuma-S\u00f6yle\u015fi: <strong>\u015eehla Gemi Kibele ve <em>Acayip Bir Deniz Yolculu\u011fu<\/em><\/strong><\/p>\n<p>Saat: 13:15-14:15 Karadeniz Salonu<\/p>\n<p>\u0130MZA SAATLER\u0130<strong> <\/strong>\u2013 G\u00fcn\u0131\u015f\u0131\u011f\u0131 Kitapl\u0131\u011f\u0131 stand\u0131nda <strong>Salon 2 \/ 202<\/strong><\/p>\n<p>10:00-13:00 <strong>M\u00fcge \u0130plik\u00e7i, \u0130smet Bertan<\/strong><\/p>\n<p>12:00-15:00 <strong>Behi\u00e7 Ak, Asl\u0131 Der<\/strong><\/p>\n<p><strong><span style=\"text-decoration: underline;\">24 KASIM 2012, Cumartesi<\/span><\/strong><\/p>\n<p>\u0130MZA SAATLER\u0130<strong> <\/strong>\u2013 G\u00fcn\u0131\u015f\u0131\u011f\u0131 Kitapl\u0131\u011f\u0131 stand\u0131nda <strong>Salon 2 \/ 202<\/strong><\/p>\n<p>11:00-13:00 <strong>Beh\u00e7et \u00c7elik, \u0130smet Bertan, Mine Soysal<\/strong><\/p>\n<p>14:00-16:00 <strong>Kadri \u00d6ztop\u00e7u, Hacer K\u0131lc\u0131o\u011flu<\/strong><\/p>\n<p><strong><span style=\"text-decoration: underline;\">25 KASIM 2012, Pazar<\/span><\/strong><\/p>\n<p><strong>TOLGA G\u00dcM\u00dc\u015eAY <\/strong>S\u00f6yle\u015fi: <strong>Gen\u00e7 Romanlar ve Gen\u00e7 \u00d6yk\u00fcler \u00dczerine\u2026<\/strong><\/p>\n<p>Saat: 13:15-14:15 Karadeniz Salonu<\/p>\n<p>\u0130MZA SAATLER\u0130<strong> <\/strong>\u2013 G\u00fcn\u0131\u015f\u0131\u011f\u0131 Kitapl\u0131\u011f\u0131 stand\u0131nda <strong>Salon 2 \/ 202<\/strong><\/p>\n<p>11:00-13:00 <strong>Tolga G\u00fcm\u00fc\u015fay<\/strong><\/p>\n","protected":false},"excerpt":{"rendered":"<p>31. Uluslararas\u0131 \u0130stanbul Kitap Fuar\u0131\u2019n\u0131n bu y\u0131lki temas\u0131n\u0131n \u201c\u00e7ocuk ve gen\u00e7lik edebiyat\u0131\u201d olmas\u0131n\u0131 co\u015fkuyla kar\u015f\u0131lad\u0131klar\u0131n\u0131 belirten G\u00fcn\u0131\u015f\u0131\u011f\u0131 Kitapl\u0131\u011f\u0131 Genel Yay\u0131n Y\u00f6netmeni Mine Soysal, kuruldu\u011fu 1996\u2019dan beri \u00e7a\u011fda\u015f T\u00fcrk ve d\u00fcnya edebiyat\u0131ndan, 250\u2019den fazla edebiyat eseri yay\u0131mlayarak bu alanda uzmanla\u015fmay\u0131 se\u00e7mi\u015f bir yay\u0131nevi olduklar\u0131n\u0131 vurguluyor. \u201c\u00c7ocuk ve gen\u00e7lik kitaplar\u0131ndaki geli\u015fmeler, yay\u0131nc\u0131l\u0131\u011f\u0131n bu \u00f6nemli alan\u0131n\u0131n son y\u0131llarda [&hellip;]<\/p>\n","protected":false},"author":1,"featured_media":0,"comment_status":"open","ping_status":"open","sticky":false,"template":"","format":"standard","meta":{"footnotes":""},"categories":[1,1493],"tags":[],"class_list":["post-7633","post","type-post","status-publish","format-standard","hentry","category-genel","category-kitap-fuarlari-2"],"_links":{"self":[{"href":"https:\/\/www.bbyhaber.com\/bby\/wp-json\/wp\/v2\/posts\/7633"}],"collection":[{"href":"https:\/\/www.bbyhaber.com\/bby\/wp-json\/wp\/v2\/posts"}],"about":[{"href":"https:\/\/www.bbyhaber.com\/bby\/wp-json\/wp\/v2\/types\/post"}],"author":[{"embeddable":true,"href":"https:\/\/www.bbyhaber.com\/bby\/wp-json\/wp\/v2\/users\/1"}],"replies":[{"embeddable":true,"href":"https:\/\/www.bbyhaber.com\/bby\/wp-json\/wp\/v2\/comments?post=7633"}],"version-history":[{"count":0,"href":"https:\/\/www.bbyhaber.com\/bby\/wp-json\/wp\/v2\/posts\/7633\/revisions"}],"wp:attachment":[{"href":"https:\/\/www.bbyhaber.com\/bby\/wp-json\/wp\/v2\/media?parent=7633"}],"wp:term":[{"taxonomy":"category","embeddable":true,"href":"https:\/\/www.bbyhaber.com\/bby\/wp-json\/wp\/v2\/categories?post=7633"},{"taxonomy":"post_tag","embeddable":true,"href":"https:\/\/www.bbyhaber.com\/bby\/wp-json\/wp\/v2\/tags?post=7633"}],"curies":[{"name":"wp","href":"https:\/\/api.w.org\/{rel}","templated":true}]}}