{"id":7616,"date":"2012-11-12T21:44:25","date_gmt":"2012-11-12T19:44:25","guid":{"rendered":"http:\/\/www.bbyhaber.com\/bby\/?p=7616"},"modified":"2012-11-12T21:44:25","modified_gmt":"2012-11-12T19:44:25","slug":"kultur-ve-turizm-bakanligi-teftis-kurulu-izmirde","status":"publish","type":"post","link":"https:\/\/www.bbyhaber.com\/bby\/2012\/11\/12\/kultur-ve-turizm-bakanligi-teftis-kurulu-izmirde","title":{"rendered":"K\u00fclt\u00fcr ve Turizm Bakanl\u0131\u011f\u0131 Tefti\u015f Kurulu \u0130zmir&#8217;de"},"content":{"rendered":"<p style=\"text-align: justify;\">K\u00fclt\u00fcr ve Turizm Bakanl\u0131\u011f\u0131 Tefti\u015f Kurulu Ba\u015fkanl\u0131\u011f\u0131, &#8216;Mesleki \u0130nceleme ve Ara\u015ft\u0131rma&#8217; konulu toplant\u0131 i\u00e7in \u0130zmir&#8217;de bulu\u015ftu. \u0130zmir \u0130l K\u00fclt\u00fcr ve Turizm M\u00fcd\u00fcrl\u00fc\u011f\u00fc de Tefti\u015f Kurulu Ba\u015fkanl\u0131\u011f\u0131na bir sunum ger\u00e7ekle\u015ftirdi. 55 ki\u015fiden olu\u015fan tefti\u015f kuruluna \u0130zmir&#8217;in k\u00fclt\u00fcr ve turizm ile ilgili projeleri, sorunlar\u0131, m\u00fczeler, kaz\u0131lar ve k\u00fct\u00fcphaneleri hakk\u0131nda bilgiler verildi.<!--more--><\/p>\n<p style=\"text-align: justify;\">Kaya \u0130zmir Termal Otel&#8217;de d\u00fczenlenen 12-15 Kas\u0131m tarihlerinde devam edecek toplant\u0131n\u0131n ilk g\u00fcn\u00fcndeki sunuma ba\u015fta \u0130zmir Valisi Cahit K\u0131ra\u00e7 olmak \u00fczere K\u00fclt\u00fcr ve Turizm Bakanl\u0131\u011f\u0131 Tefti\u015f Kurulu Ba\u015fkan\u0131 \u0130rfan \u00d6nal, \u0130zmir \u0130l K\u00fclt\u00fcr ve Turizm M\u00fcd\u00fcr\u00fc Abd\u00fclaziz Ediz ve \u00e7ok say\u0131da kurul \u00fcyesi kat\u0131ld\u0131.<\/p>\n<p style=\"text-align: justify;\">\u0130zmir&#8217;de ilk kez d\u00fczenlenen ve d\u00f6rt g\u00fcn s\u00fcrecek olan K\u00fclt\u00fcr ve Turizm Bakanl\u0131\u011f\u0131 Tefti\u015f Kurulu&#8217;nun Mesleki \u0130nceleme ve Ara\u015ft\u0131rma konulu toplant\u0131s\u0131 sunumlarla ba\u015flad\u0131. T\u00fcrkiye&#8217;de k\u00fclt\u00fcr ve turizmin daha ileriye ta\u015f\u0131nmas\u0131 i\u00e7in ger\u00e7ekle\u015fen etkinlikte Bakanl\u0131k Tefti\u015f Kurulu Ba\u015fkan\u0131 \u0130rfan \u00d6nal, &#8220;Gerek il te\u015fkilat\u0131 gerekse sekt\u00f6r temsilcileriyle bir araya gelerek bakanl\u0131\u011f\u0131m\u0131z\u0131n hizmet ve politikalar\u0131n\u0131 daha ileriye ta\u015f\u0131mak i\u00e7in gelecek i\u00e7in tespitler yapmay\u0131 hedefledik. \u00dclkemiz ekonomisi h\u0131zla geli\u015fmekte. Toplumumuzun ihtiya\u00e7lar\u0131 de\u011fi\u015fim g\u00f6stermektedir. K\u00fclt\u00fcrel hizmetleri artmakta. Bizlere d\u00fc\u015fen g\u00f6revde k\u00fclt\u00fcr ve turizmi insan\u0131m\u0131z ve ekonomimiz i\u00e7in \u00f6nemli bir hizmet ve end\u00fcstri haline getirecek tedbirleri almak zorunday\u0131z. \u0130zmir&#8217;in EXPO projesi ile birlikte \u00fclkemizin ve b\u00f6lgenin itici g\u00fcc\u00fc olaca\u011f\u0131n\u0131 d\u00fc\u015f\u00fcn\u00fcyoruz. Son otuz y\u0131lda turizm end\u00fcstrisini yoktan var ederek d\u00fcnyada alt\u0131nc\u0131 s\u0131raya ta\u015f\u0131d\u0131. Ayr\u0131ca \u0130zmir&#8217;in sosyok\u00fclt\u00fcrel ve e\u011fitim durumu da k\u00fclt\u00fcr end\u00fcstrisine uygun. Bunu da iyi kullanmam\u0131z laz\u0131m&#8221; dedi. \u0130zmir Valisi Cahit K\u0131ra\u00e7, &#8220;Bu seneki tefti\u015f kurulunun ola\u011fan toplant\u0131s\u0131 \u0130zmir&#8217;de yap\u0131ld\u0131\u011f\u0131 i\u00e7in te\u015fekk\u00fcr ederiz. \u0130zmir, turizm potansiyeli y\u00fcksek bir \u015fehirdir. \u00d6zellikle T\u00fcrkiye&#8217;nin gelece\u011fe d\u00f6n\u00fck vizyonlar\u0131 ele al\u0131nd\u0131\u011f\u0131nda T\u00fcrkiye bir turizm \u00fclkesi. Bakanl\u0131\u011f\u0131m\u0131z son on y\u0131lda b\u00fcy\u00fck ba\u015far\u0131lar elde etti. Do\u011fuda bat\u0131da d\u00fcnyan\u0131n her y\u00f6n\u00fcne gitti\u011fimizde k\u00fclt\u00fcr alan\u0131nda yap\u0131lanlarla b\u00fcy\u00fck ilgi g\u00f6r\u00fcyoruz&#8221; dedi.<\/p>\n<p style=\"text-align: justify;\">&#8220;\u0130ZM\u0130R 36 UYGARLI\u011eA EV SAH\u0130PL\u0130\u011e\u0130 YAPMI\u015e B\u0130R \u015eEH\u0130R&#8221;<\/p>\n<p style=\"text-align: justify;\">\u0130zmir&#8217;in ge\u00e7mi\u015fine bak\u0131ld\u0131\u011f\u0131nda 36 uygarl\u0131\u011fa ev sahipli\u011fi yapt\u0131\u011f\u0131n\u0131 ve \u0130zmir&#8217;in \u00f6neminin b\u00fcy\u00fck oldu\u011funu belirten K\u0131ra\u00e7, &#8220;Tarihi \u015fahsiyetlere bakt\u0131\u011f\u0131m\u0131zda \u0130zmir hep k\u00fclt\u00fcr y\u00f6n\u00fc a\u00e7\u0131k olarak tan\u0131mlanm\u0131\u015f. \u015eu anda 21&#8217;e yak\u0131n kaz\u0131 \u00e7al\u0131\u015fmas\u0131 devam ediyor. Bunlar\u0131n biran \u00f6nce bitmesi gerekiyor. Bunlar\u0131 h\u0131zland\u0131rmak ad\u0131na fikir geli\u015ftirilebilir. \u0130zmir do\u011fal g\u00fczellikleri zengin k\u00fclt\u00fcrel miras\u0131, uygun iklim ko\u015fullar\u0131, turizm imkanlar\u0131, fuar ve kongreleri ile \u00fclkemizin \u00f6nde gelen merkezlerinden biridir. \u0130zmir&#8217;in ekonomisi, tar\u0131m, sanayi, ticaret ve turizme dayal\u0131d\u0131r. \u00dclkemizin ve \u0130zmir&#8217;in b\u00fcy\u00fcyen turizm potansiyelinden yeteri kadar pay almas\u0131 i\u00e7in gayret i\u00e7indeyiz. \u015eimdiye kadar 215 proje tamamlad\u0131k 96 \u00e7al\u0131\u015fma ise devam ediyor. Bu alanda yap\u0131lm\u0131\u015f en b\u00fcy\u00fck \u00e7al\u0131\u015fma \u0130zmir&#8217;de y\u00fcr\u00fct\u00fcl\u00fcyor. \u00c7al\u0131\u015fmalarla tam 136 Milyon TL k\u00fclt\u00fcr varl\u0131klar\u0131n\u0131n yeniden ayaklanmas\u0131na harcad\u0131k. EXPO 2020 adayl\u0131\u011f\u0131m\u0131z \u00e7ok \u00f6nemlidir. EXPO, ticari fuar de\u011fil. Fikirlerin, projelerin ve insanlar\u0131n bulu\u015ftu\u011fu aland\u0131r. T\u00fcrkiye ad\u0131na biz aday g\u00f6sterildik. EXPO altyap\u0131, konaklama, \u00e7evre, sa\u011fl\u0131k ve her konuda yeni yat\u0131r\u0131m demektir. 2013 Kas\u0131m&#8217;da e\u011fer EXPO&#8217;nun karar\u0131 \u0130zmir olursa, b\u00fct\u00fcn yat\u0131r\u0131mlar\u0131m\u0131z\u0131 2020&#8217;ye kadar bitirece\u011fimize inan\u0131yoruz. \u0130\u015fte o zaman 20 milyon yabanc\u0131, 20 milyon yerli olmak \u00fczere 40 milyon turisti a\u011f\u0131rlayaca\u011f\u0131z&#8221; dedi. K\u00fclt\u00fcr ve Turizm Bakanl\u0131\u011f\u0131 Tefti\u015f Kurulu Ba\u015fkan\u0131 \u0130rfan \u00d6nal, \u0130zmir Valisi Cahit K\u0131ra\u00e7&#8217;a \u00e7ini kase hediye etti. Konu\u015fmalar sonras\u0131 program\u0131n ilk g\u00fcn\u00fcnde K\u00fclt\u00fcr ve Turizm m\u00fcd\u00fcrl\u00fc\u011f\u00fc, kaz\u0131lar ve m\u00fczeler ile k\u00fct\u00fcphaneler hakk\u0131nda bir sunumlar ger\u00e7ekle\u015fti.<\/p>\n<p style=\"text-align: justify;\">Sunum sonras\u0131 eksik olan y\u00f6nler masaya yat\u0131r\u0131l\u0131p \u00e7\u00f6z\u00fcm yollar\u0131 arand\u0131. A\u00e7\u0131l\u0131\u015fta konu\u015fun \u0130l K\u00fclt\u00fcr ve Turizm M\u00fcd\u00fcr\u00fc Abd\u00fclaziz Ediz de yapt\u0131\u011f\u0131 konu\u015fmada ildeki geli\u015fmeleri, yap\u0131lan \u00e7al\u0131\u015fmalar\u0131 aktard\u0131.<\/p>\n<p style=\"text-align: justify;\"><strong>&#8220;VARSIN \u00c7ALSINLAR&#8221;<\/strong><\/p>\n<p style=\"text-align: justify;\"><strong>\u0130zmir Atat\u00fcrk \u0130l Halk K\u00fct\u00fcphanesi hakk\u0131nda bilgilendirme konu\u015fmas\u0131 yapan M\u00fcd\u00fcr Talat Aydilek, \u015fikayetlerini de belirtti. K\u00fct\u00fcphaneden kitaplar\u0131n \u00e7al\u0131nmas\u0131 nedeniyle zorluk ya\u015fad\u0131klar\u0131n\u0131 belirten \u0130l Halk K\u00fct\u00fcphanesi M\u00fcd\u00fcr\u00fc Aydilek, &#8220;Bu tarz olaylar\u0131 s\u0131k s\u0131k ya\u015f\u0131yoruz. Ama demirba\u015ftan d\u00fc\u015f\u00fcrmekte zorlan\u0131yoruz&#8221; demesi \u00fczerine Tefti\u015f Kurulu \u00fcyelerinden As\u0131m Keser, &#8220;Vars\u0131n \u00e7als\u0131nlar. Bizim i\u00e7in bu kadar dert de\u011fil. Yeter ki okumak i\u00e7in \u00e7als\u0131nlar. Yeter ki okusunlar&#8221; dedi.<\/strong><\/p>\n<p style=\"text-align: justify;\">Daha sonra K\u00fclt\u00fcr ve Turizm Bakanl\u0131\u011f\u0131 Tefti\u015f Kurulu \u00fcyelerine verilen yeme\u011fin ard\u0131ndan \u0130zmir&#8217;deki Kadifekale, Agora, Smryna gibi tarihi \u00f6ren yerlerine inceleme ve ara\u015ft\u0131rma gezisi de d\u00fczelendi.<\/p>\n<p style=\"text-align: justify;\">Kaynak: http:\/\/www.haberler.com<\/p>\n","protected":false},"excerpt":{"rendered":"<p>K\u00fclt\u00fcr ve Turizm Bakanl\u0131\u011f\u0131 Tefti\u015f Kurulu Ba\u015fkanl\u0131\u011f\u0131, &#8216;Mesleki \u0130nceleme ve Ara\u015ft\u0131rma&#8217; konulu toplant\u0131 i\u00e7in \u0130zmir&#8217;de bulu\u015ftu. \u0130zmir \u0130l K\u00fclt\u00fcr ve Turizm M\u00fcd\u00fcrl\u00fc\u011f\u00fc de Tefti\u015f Kurulu Ba\u015fkanl\u0131\u011f\u0131na bir sunum ger\u00e7ekle\u015ftirdi. 55 ki\u015fiden olu\u015fan tefti\u015f kuruluna \u0130zmir&#8217;in k\u00fclt\u00fcr ve turizm ile ilgili projeleri, sorunlar\u0131, m\u00fczeler, kaz\u0131lar ve k\u00fct\u00fcphaneleri hakk\u0131nda bilgiler verildi.<\/p>\n","protected":false},"author":1,"featured_media":0,"comment_status":"open","ping_status":"open","sticky":false,"template":"","format":"standard","meta":{"footnotes":""},"categories":[1],"tags":[],"class_list":["post-7616","post","type-post","status-publish","format-standard","hentry","category-genel"],"_links":{"self":[{"href":"https:\/\/www.bbyhaber.com\/bby\/wp-json\/wp\/v2\/posts\/7616"}],"collection":[{"href":"https:\/\/www.bbyhaber.com\/bby\/wp-json\/wp\/v2\/posts"}],"about":[{"href":"https:\/\/www.bbyhaber.com\/bby\/wp-json\/wp\/v2\/types\/post"}],"author":[{"embeddable":true,"href":"https:\/\/www.bbyhaber.com\/bby\/wp-json\/wp\/v2\/users\/1"}],"replies":[{"embeddable":true,"href":"https:\/\/www.bbyhaber.com\/bby\/wp-json\/wp\/v2\/comments?post=7616"}],"version-history":[{"count":0,"href":"https:\/\/www.bbyhaber.com\/bby\/wp-json\/wp\/v2\/posts\/7616\/revisions"}],"wp:attachment":[{"href":"https:\/\/www.bbyhaber.com\/bby\/wp-json\/wp\/v2\/media?parent=7616"}],"wp:term":[{"taxonomy":"category","embeddable":true,"href":"https:\/\/www.bbyhaber.com\/bby\/wp-json\/wp\/v2\/categories?post=7616"},{"taxonomy":"post_tag","embeddable":true,"href":"https:\/\/www.bbyhaber.com\/bby\/wp-json\/wp\/v2\/tags?post=7616"}],"curies":[{"name":"wp","href":"https:\/\/api.w.org\/{rel}","templated":true}]}}