{"id":7608,"date":"2012-10-10T19:27:42","date_gmt":"2012-10-10T17:27:42","guid":{"rendered":"http:\/\/www.bbyhaber.com\/bby\/?p=7608"},"modified":"2012-11-12T19:35:16","modified_gmt":"2012-11-12T17:35:16","slug":"tkd-baskanindan-arsiv-memurlarinin-teknik-hizmetler-sorununa-dair-aciklama","status":"publish","type":"post","link":"https:\/\/www.bbyhaber.com\/bby\/2012\/10\/10\/tkd-baskanindan-arsiv-memurlarinin-teknik-hizmetler-sorununa-dair-aciklama","title":{"rendered":"TKD Ba\u015fkan\u0131&#8217;ndan Ar\u015fiv Memurlar\u0131n\u0131n Teknik Hizmetler Sorununa Dair A\u00e7\u0131klama"},"content":{"rendered":"<p style=\"text-align: justify;\">Tapu\u00a0ve\u00a0Kadastro Genel M\u00fcd\u00fcrl\u00fc\u011f\u00fc\u2019nde \u201cAr\u015fiv Memuru\u201d kadrosunda \u00e7al\u0131\u015fan Bilgi ve Belge Y\u00f6netimi B\u00f6l\u00fcm\u00fc mezunu arkada\u015flar\u0131m\u0131z\u0131n teknik hizmetler s\u0131n\u0131f\u0131nda\u00a0<strong>Ar\u015fivci\u00a0<\/strong>kadrosuna ge\u00e7ebilmeleri i\u00e7in kadro \u0130ptal \u2013 \u0130hdaslar\u0131n\u0131n yap\u0131lmas\u0131 gerekiyordu maalesef b\u00fct\u00fcn u\u011fra\u015flar\u0131m\u0131za ra\u011fmen temmuz ay\u0131nda olmam\u0131\u015ft\u0131.TKD olarak s\u00fcreci takip ediyoruz. <!--more-->Bug\u00fcn Devlet Personel Ba\u015fkanl\u0131\u011f\u0131 ve Tapu\u00a0ve\u00a0Kadastro Genel M\u00fcd\u00fcrl\u00fc\u011f\u00fc \u0130nsan Kaynaklar\u0131 Ba\u015fkan\u0131 Ali Adak ile tekrar g\u00f6r\u00fc\u015ft\u00fcm. Ekim yada Kas\u0131m ay\u0131nda yap\u0131lacak olan \u0130ptal \u2013 \u0130hdaslarda bir aksilik olmazsa s\u00fcre\u00e7 tamamlanacak.<\/p>\n<p style=\"text-align: justify;\">Arkada\u015flar bunun yan\u0131 s\u0131ra Ali beyin s\u00f6yledi\u011fine g\u00f6re Genel M\u00fcd\u00fcrl\u00fck g\u00f6revde y\u00fckselme s\u0131nav\u0131 yapacak, \u015fimdiden s\u0131nava haz\u0131rlanman\u0131zda fayda var.<\/p>\n<p style=\"text-align: justify;\">Daha \u00f6nceki bilgilendirme mesajlar\u0131:\u00a0<strong>\u00a0<a href=\"http:\/\/www.bbyhaber.com\/bby\/2012\/06\/07\/tkd-baskanindan-arsivciler-icin-iptal-ihdaslar-hakkindaki-aciklama\/\">7 Haziran<\/a>\u00a0<\/strong>ve<strong>\u00a0<a href=\"http:\/\/www.bbyhaber.com\/bby\/2012\/05\/17\/tapu-ve-kadastro-genel-mudurlugunde-calisan-bby-mezunu-arkadaslara-dair-bilgi-notu\/\">17 May\u0131s<\/a><\/strong><\/p>\n","protected":false},"excerpt":{"rendered":"<p>Tapu\u00a0ve\u00a0Kadastro Genel M\u00fcd\u00fcrl\u00fc\u011f\u00fc\u2019nde \u201cAr\u015fiv Memuru\u201d kadrosunda \u00e7al\u0131\u015fan Bilgi ve Belge Y\u00f6netimi B\u00f6l\u00fcm\u00fc mezunu arkada\u015flar\u0131m\u0131z\u0131n teknik hizmetler s\u0131n\u0131f\u0131nda\u00a0Ar\u015fivci\u00a0kadrosuna ge\u00e7ebilmeleri i\u00e7in kadro \u0130ptal \u2013 \u0130hdaslar\u0131n\u0131n yap\u0131lmas\u0131 gerekiyordu maalesef b\u00fct\u00fcn u\u011fra\u015flar\u0131m\u0131za ra\u011fmen temmuz ay\u0131nda olmam\u0131\u015ft\u0131.TKD olarak s\u00fcreci takip ediyoruz.<\/p>\n","protected":false},"author":1,"featured_media":0,"comment_status":"open","ping_status":"open","sticky":false,"template":"","format":"standard","meta":{"footnotes":""},"categories":[1474,1505,1605],"tags":[1096,1398],"class_list":["post-7608","post","type-post","status-publish","format-standard","hentry","category-ali-fuat-kartal","category-teknik-kadro","category-teknik-kadro-arsivciler","tag-arsivcilik","tag-bby-ozluk-haklari"],"_links":{"self":[{"href":"https:\/\/www.bbyhaber.com\/bby\/wp-json\/wp\/v2\/posts\/7608"}],"collection":[{"href":"https:\/\/www.bbyhaber.com\/bby\/wp-json\/wp\/v2\/posts"}],"about":[{"href":"https:\/\/www.bbyhaber.com\/bby\/wp-json\/wp\/v2\/types\/post"}],"author":[{"embeddable":true,"href":"https:\/\/www.bbyhaber.com\/bby\/wp-json\/wp\/v2\/users\/1"}],"replies":[{"embeddable":true,"href":"https:\/\/www.bbyhaber.com\/bby\/wp-json\/wp\/v2\/comments?post=7608"}],"version-history":[{"count":0,"href":"https:\/\/www.bbyhaber.com\/bby\/wp-json\/wp\/v2\/posts\/7608\/revisions"}],"wp:attachment":[{"href":"https:\/\/www.bbyhaber.com\/bby\/wp-json\/wp\/v2\/media?parent=7608"}],"wp:term":[{"taxonomy":"category","embeddable":true,"href":"https:\/\/www.bbyhaber.com\/bby\/wp-json\/wp\/v2\/categories?post=7608"},{"taxonomy":"post_tag","embeddable":true,"href":"https:\/\/www.bbyhaber.com\/bby\/wp-json\/wp\/v2\/tags?post=7608"}],"curies":[{"name":"wp","href":"https:\/\/api.w.org\/{rel}","templated":true}]}}