{"id":7566,"date":"2012-11-10T02:22:23","date_gmt":"2012-11-10T00:22:23","guid":{"rendered":"http:\/\/www.bbyhaber.com\/bby\/?p=7566"},"modified":"2012-11-27T23:33:29","modified_gmt":"2012-11-27T21:33:29","slug":"emniyet-genel-mudurlugu-kutuphaneci-alim-ilani","status":"publish","type":"post","link":"https:\/\/www.bbyhaber.com\/bby\/2012\/11\/10\/emniyet-genel-mudurlugu-kutuphaneci-alim-ilani","title":{"rendered":"Emniyet Genel M\u00fcd\u00fcrl\u00fc\u011f\u00fc K\u00fct\u00fcphaneci Al\u0131m \u0130lan\u0131"},"content":{"rendered":"<p style=\"text-align: justify;\"><a href=\"http:\/\/www.bbyhaber.com\/bby\/category\/bby-is-ilanlari\/\"><img loading=\"lazy\" decoding=\"async\" class=\"alignleft\" src=\"http:\/\/www.bbyhaber.com\/bby\/wp-content\/uploads\/is-ilanlari-arsivi.jpg\" alt=\"\" width=\"250\" height=\"150\" \/><\/a>Emniyet Genel M\u00fcd\u00fcrl\u00fc\u011f\u00fc Emniyet Hizmetleri S\u0131n\u0131f\u0131 D\u0131\u015f\u0131nda G\u00f6revli Kadrolu ve S\u00f6zle\u015fmeli Personel Y\u00f6netmeli\u011fi \u00e7er\u00e7evesinde, 657 say\u0131l\u0131 Devlet Memurlar\u0131 Kanunu kapsam\u0131nda merkez ve ta\u015fra te\u015fkilat\u0131na personel al\u0131m\u0131 yap\u0131lacakt\u0131r. <!--more--><\/p>\n<p style=\"text-align: justify;\"><strong>Ba\u015fvuru \u015fekli, tarihi\u00a0ve yeri;<\/strong><\/p>\n<p style=\"text-align: justify;\">Adaylar, tercih yapmak istedikleri kadro ve pozisyonlar\u0131 belirledikten sonra, yap\u0131lacak olan s\u00f6zl\u00fc ve\/veya uygulamal\u0131 s\u0131nava kat\u0131lmak amac\u0131yla;<\/p>\n<p style=\"text-align: justify;\">a) Kimlik belgesi,<\/p>\n<p style=\"text-align: justify;\">b) Son alt\u0131 ay i\u00e7erisinde \u00e7ekilmi\u015f 2 adet vesikal\u0131k foto\u011fraf,<\/p>\n<p style=\"text-align: justify;\">c)\u0130stenilen e\u011fitim durumuna ait diploma\/mezuniyet belgesinin asl\u0131 ve fotokopisi (fotokopisi onayland\u0131ktan sonra asl\u0131 iade edilecektir.)<\/p>\n<p style=\"text-align: justify;\">\u00e7)KPSS Sonu\u00e7 belgesinin asl\u0131 ya da internet \u00e7\u0131kt\u0131s\u0131n\u0131n \u00f6rne\u011fiile birlikte bulunduklar\u0131 illerin \u0130l Emniyet M\u00fcd\u00fcrl\u00fc\u011f\u00fc Personel \u015eube M\u00fcd\u00fcrl\u00fc\u011f\u00fcne bizzat ba\u015fvuracaklard\u0131r.<\/p>\n<p style=\"text-align: justify;\"><span style=\"color: #ff0000;\"><strong>Ba\u015fvurular 20 \u2013 26 Kas\u0131m 2012 tarihleri aras\u0131nda yap\u0131lacakt\u0131r<\/strong>.<\/span><\/p>\n<p style=\"text-align: justify;\">Adaylar birden fazla unvana m\u00fcracaat edemeyeceklerdir. Bu nedenle; birden fazla il s\u0131nav merkezine ba\u015fvurulmas\u0131 durumunda ba\u015fvurular ge\u00e7ersiz say\u0131lacak, bu \u015fekilde s\u0131nava girenler kazanm\u0131\u015f olsalar dahi atamalar\u0131 yap\u0131lmayacakt\u0131r.<\/p>\n<p style=\"text-align: justify;\"><span style=\"color: #0000ff;\"><strong>BBY B\u00f6l\u00fcm\u00fcne ayr\u0131lan\u00a0kadro\u00a0bilgisi a\u015fa\u011f\u0131da verilmi\u015ftir:<\/strong><\/span><\/p>\n<table width=\"418\" border=\"1\">\n<tbody>\n<tr>\n<th scope=\"row\" width=\"76\">\n<div align=\"center\">\n<p><strong>Unvan\u0131\/<\/strong><\/p>\n<p>S\u0131n\u0131f\u0131<\/p>\n<\/div>\n<\/th>\n<td width=\"74\">\n<div align=\"center\"><strong>Al\u0131nacak \u0130l (Say\u0131)<\/strong><\/div>\n<\/td>\n<td width=\"130\">\n<div align=\"center\">\n<p><strong>KPSS Puan T\u00fcr\u00fc,<\/strong><\/p>\n<p><strong>Y\u0131l\u0131 ve Taban<\/strong><\/p>\n<p><strong>Puan\u0131<\/strong><\/p>\n<\/div>\n<\/td>\n<td width=\"120\">\n<div align=\"center\"><strong>\u00d6\u011frenim Durumu<\/strong><\/div>\n<\/td>\n<\/tr>\n<tr>\n<th scope=\"row\">\n<div align=\"center\">\n<p>K\u00fct\u00fcphaneci<\/p>\n<p>TH<br \/>\n(Teknik Hizmetler)<\/p>\n<\/div>\n<\/th>\n<td>\n<div align=\"center\">ANKARA<br \/>\n(1)<\/div>\n<\/td>\n<td>\n<div align=\"center\">\n<p>KPSS-2012<\/p>\n<p>P3-65<\/p>\n<\/div>\n<\/td>\n<td>\n<div align=\"center\">\n<p>Bilgi ve Belge Y\u00f6netimi,<\/p>\n<p>Dok\u00fcmantasyon ve Enformasyon,<\/p>\n<p>K\u00fct\u00fcphanecilik,<\/p>\n<p>K\u00fct\u00fcphanecilik ve Bilgi \u00c7al\u0131\u015fmalar\u0131<\/p>\n<p>Lisans programlar\u0131n\u0131n birinden mezun olmak<\/p>\n<\/div>\n<\/td>\n<\/tr>\n<\/tbody>\n<\/table>\n<p><span style=\"color: #0000ff;\"><strong><a href=\"http:\/\/www.memurlar.net\/haber\/304589\/\" target=\"_blank\"><span style=\"color: #0000ff;\">Kaynak ve daha detayl\u0131 bilgi-belge i\u00e7in t\u0131klay\u0131n\u0131z<\/span><\/a><\/strong><\/span><\/p>\n","protected":false},"excerpt":{"rendered":"<p>Emniyet Genel M\u00fcd\u00fcrl\u00fc\u011f\u00fc Emniyet Hizmetleri S\u0131n\u0131f\u0131 D\u0131\u015f\u0131nda G\u00f6revli Kadrolu ve S\u00f6zle\u015fmeli Personel Y\u00f6netmeli\u011fi \u00e7er\u00e7evesinde, 657 say\u0131l\u0131 Devlet Memurlar\u0131 Kanunu kapsam\u0131nda merkez ve ta\u015fra te\u015fkilat\u0131na personel al\u0131m\u0131 yap\u0131lacakt\u0131r.<\/p>\n","protected":false},"author":1,"featured_media":0,"comment_status":"open","ping_status":"open","sticky":false,"template":"","format":"standard","meta":{"footnotes":""},"categories":[],"tags":[1393],"class_list":["post-7566","post","type-post","status-publish","format-standard","hentry","tag-bby-is-ilanlari-arsivi"],"_links":{"self":[{"href":"https:\/\/www.bbyhaber.com\/bby\/wp-json\/wp\/v2\/posts\/7566"}],"collection":[{"href":"https:\/\/www.bbyhaber.com\/bby\/wp-json\/wp\/v2\/posts"}],"about":[{"href":"https:\/\/www.bbyhaber.com\/bby\/wp-json\/wp\/v2\/types\/post"}],"author":[{"embeddable":true,"href":"https:\/\/www.bbyhaber.com\/bby\/wp-json\/wp\/v2\/users\/1"}],"replies":[{"embeddable":true,"href":"https:\/\/www.bbyhaber.com\/bby\/wp-json\/wp\/v2\/comments?post=7566"}],"version-history":[{"count":0,"href":"https:\/\/www.bbyhaber.com\/bby\/wp-json\/wp\/v2\/posts\/7566\/revisions"}],"wp:attachment":[{"href":"https:\/\/www.bbyhaber.com\/bby\/wp-json\/wp\/v2\/media?parent=7566"}],"wp:term":[{"taxonomy":"category","embeddable":true,"href":"https:\/\/www.bbyhaber.com\/bby\/wp-json\/wp\/v2\/categories?post=7566"},{"taxonomy":"post_tag","embeddable":true,"href":"https:\/\/www.bbyhaber.com\/bby\/wp-json\/wp\/v2\/tags?post=7566"}],"curies":[{"name":"wp","href":"https:\/\/api.w.org\/{rel}","templated":true}]}}