{"id":7528,"date":"2012-11-09T11:41:55","date_gmt":"2012-11-09T09:41:55","guid":{"rendered":"http:\/\/www.bbyhaber.com\/bby\/?p=7528"},"modified":"2017-11-16T08:29:21","modified_gmt":"2017-11-16T05:29:21","slug":"cocuklarin-kutuphane-hakki-icin-bir-adim-atmaya-var-misiniz","status":"publish","type":"post","link":"https:\/\/www.bbyhaber.com\/bby\/2012\/11\/09\/cocuklarin-kutuphane-hakki-icin-bir-adim-atmaya-var-misiniz","title":{"rendered":"\u00c7ocuklar\u0131n k\u00fct\u00fcphane hakk\u0131 i\u00e7in bir ad\u0131m atmaya var m\u0131s\u0131n\u0131z?"},"content":{"rendered":"<p>Birle\u015fmi\u015f Milletler \u00c7ocuk Haklar\u0131 S\u00f6zle\u015fmesi; Ya\u015f, \u0131rk, cinsiyet, din, ulusal ve k\u00fclt\u00fcrel ge\u00e7mi\u015f, dil, toplumsal durum ya da, ki\u015fisel beceri ve yeteneklere bak\u0131lmaks\u0131z\u0131n, \u00e7ocuklar\u0131n b\u00fct\u00fcn gizil g\u00fc\u00e7lerinin (potansiyellerinin) geli\u015fimi i\u00e7in bilgi, materyal ve programlara e\u015fit ko\u015fullar alt\u0131nda, \u00fccretsiz ve a\u00e7\u0131k eri\u015fim hakk\u0131 oldu\u011funu vurgular.<!--more--><\/p>\n<p>\u00c7ocuk Haklar\u0131 S\u00f6zle\u015fmesi Madde 31-<\/p>\n<p>1. Taraf Devletler, \u00e7ocu\u011fun dinlenme, bo\u015f zaman de\u011ferlendirme, oynama ve ya\u015f\u0131na uygun e\u011flence (etkinliklerinde) bulunma ve k\u00fclt\u00fcrel ve sanatsal ya\u015fama serbest\u00e7e kat\u0131lma hakk\u0131n\u0131 tan\u0131rlar.<\/p>\n<p>2. Taraf Devletler, \u00e7ocu\u011fun k\u00fclt\u00fcrel ve sanatsal ya\u015fama tam olarak kat\u0131lma hakk\u0131na sayg\u0131 duyarak tan\u0131rlar ve \u00f6zendirirler ve \u00e7ocuklar i\u00e7in, bo\u015f zaman\u0131 de\u011ferlendirmeye, dinlenmeye, sanata ve k\u00fclt\u00fcre\u00a0ili\u015fkin (etkinlikler) konusunda uygun ve e\u015fit f\u0131rsatlar\u0131n sa\u011flanmas\u0131n\u0131 te\u015fvik ederler.<\/p>\n<p><strong>Yukar\u0131daki s\u00f6zle\u015fmeler ve ilgili maddeleri gere\u011fi T\u00fcrkiye&#8217;de \u00e7ocuklar\u00a0<\/strong><strong>okulunda, mahallesinde, \u00a0il\u00e7esinde, ilinde \u00e7ocuk k\u00fct\u00fcphanesi hakk\u0131ndan\u00a0<\/strong><strong>yeterince yararlanam\u0131yor. \u00c7ocuklar\u0131n bu \u00f6nemli hakk\u0131n\u0131 savunmak,\u00a0<\/strong><strong>ilgililere sesimizi duyurmak t\u00fcm toplumun g\u00f6revi.\u00a0<\/strong><strong>\u00c7ocuklar\u0131n k\u00fct\u00fcphane kullan\u0131m\u0131, bilgi kaynaklar\u0131na e\u015fit ko\u015fullar\u00a0<\/strong><strong>alt\u0131nda, \u00fccretsiz ve a\u00e7\u0131k eri\u015fim hakk\u0131 i\u00e7in bir ad\u0131m atmaya ne\u00a0<\/strong><strong>dersiniz<\/strong>?<\/p>\n<p>34. Avrasya Maratonu&#8217;nun &#8220;Halk Y\u00fcr\u00fcy\u00fc\u015f\u00fc&#8221; aya\u011f\u0131nda 97660 g\u00f6\u011f\u00fcs numaras\u0131yla elimde &#8220;\u00c7OCUKLAR \u0130\u00c7\u0130N K\u00dcT\u00dcPHANE&#8221; yaz\u0131s\u0131yla y\u00fcr\u00fcyece\u011fim. \u00c7OCUKLARIN &#8220;K\u00dcT\u00dcPHANE HAKKI&#8221; i\u00e7in y\u00fcr\u00fcmek isteyen t\u00fcm dostlar\u0131 saat 09.30&#8217;da \u00dcsk\u00fcdar-Altunizade K\u00f6pr\u00fcs\u00fc alt\u0131nda birlikte y\u00fcr\u00fcmeye bekliyorum. Halk Y\u00fcr\u00fcy\u00fc\u015f\u00fc Anadolu Yakas\u0131&#8217;nda, Altunizade K\u00f6pr\u00fcs\u00fc alt\u0131nda 11 Kas\u0131m<br \/>\n2012 Pazar g\u00fcn\u00fc saat 09:30&#8217;da ba\u015flayacak. Bo\u011fazi\u00e7i K\u00f6pr\u00fcs\u00fc&#8217;n\u00fc ge\u00e7tikten sonra Be\u015fikta\u015f sapa\u011f\u0131ndan ayr\u0131larak, Barbaros Bulvar\u0131&#8217;ndan Be\u015fikta\u015f&#8217;a inip ve sahil yolunu izleyip \u0130n\u00f6n\u00fc Stadyumu \u00f6n\u00fcnde son bulacak.<\/p>\n<p><strong>\u00c7ocuklar\u0131n k\u00fct\u00fcphane hakk\u0131 i\u00e7in bir ad\u0131m atmaya var m\u0131s\u0131n\u0131z?\u00a0<\/strong><strong>Halk Y\u00fcr\u00fcy\u00fc\u015f\u00fc i\u00e7in kay\u0131tlar Cumartesi g\u00fcn\u00fc devam etmektedir.\u00a0<\/strong><strong>Ayr\u0131nt\u0131l\u0131 bilgiye a\u015fa\u011f\u0131daki linkten eri\u015febilirsiniz.<\/strong><\/p>\n<p>Halk Y\u00fcr\u00fcy\u00fc\u015f\u00fc; 11 Kas\u0131m 2012 Pazar g\u00fcn\u00fc saat 09:30&#8217;da ba\u015flayacakt\u0131r.<\/p>\n<p><a href=\"http:\/\/www.istanbulmarathon.org\/kosumaraton-bilgileri\/halk-yuruyusu.aspx\" target=\"_blank\" rel=\"noopener\">http:\/\/www.istanbulmarathon.<wbr \/>org\/kosumaraton-bilgileri\/<wbr \/>halk-yuruyusu.aspx<\/a><\/p>\n<p>Kaynak:Ayd\u0131n \u0130leri<br \/>\nK\u00fct\u00fcphaneci &#8211; \u00c7ocuklar\u0131n K\u00fct\u00fcphane Hakk\u0131 Savunucusu<\/p>\n","protected":false},"excerpt":{"rendered":"<p>Birle\u015fmi\u015f Milletler \u00c7ocuk Haklar\u0131 S\u00f6zle\u015fmesi; Ya\u015f, \u0131rk, cinsiyet, din, ulusal ve k\u00fclt\u00fcrel ge\u00e7mi\u015f, dil, toplumsal durum ya da, ki\u015fisel beceri ve yeteneklere bak\u0131lmaks\u0131z\u0131n, \u00e7ocuklar\u0131n b\u00fct\u00fcn gizil g\u00fc\u00e7lerinin (potansiyellerinin) geli\u015fimi i\u00e7in bilgi, materyal ve programlara e\u015fit ko\u015fullar alt\u0131nda, \u00fccretsiz ve a\u00e7\u0131k eri\u015fim hakk\u0131 oldu\u011funu vurgular.<\/p>\n","protected":false},"author":1,"featured_media":0,"comment_status":"open","ping_status":"open","sticky":false,"template":"","format":"standard","meta":{"footnotes":""},"categories":[1476],"tags":[1439],"class_list":["post-7528","post","type-post","status-publish","format-standard","hentry","category-aydin-ileri","tag-cocuk-kutuphaneleri"],"_links":{"self":[{"href":"https:\/\/www.bbyhaber.com\/bby\/wp-json\/wp\/v2\/posts\/7528"}],"collection":[{"href":"https:\/\/www.bbyhaber.com\/bby\/wp-json\/wp\/v2\/posts"}],"about":[{"href":"https:\/\/www.bbyhaber.com\/bby\/wp-json\/wp\/v2\/types\/post"}],"author":[{"embeddable":true,"href":"https:\/\/www.bbyhaber.com\/bby\/wp-json\/wp\/v2\/users\/1"}],"replies":[{"embeddable":true,"href":"https:\/\/www.bbyhaber.com\/bby\/wp-json\/wp\/v2\/comments?post=7528"}],"version-history":[{"count":2,"href":"https:\/\/www.bbyhaber.com\/bby\/wp-json\/wp\/v2\/posts\/7528\/revisions"}],"predecessor-version":[{"id":22984,"href":"https:\/\/www.bbyhaber.com\/bby\/wp-json\/wp\/v2\/posts\/7528\/revisions\/22984"}],"wp:attachment":[{"href":"https:\/\/www.bbyhaber.com\/bby\/wp-json\/wp\/v2\/media?parent=7528"}],"wp:term":[{"taxonomy":"category","embeddable":true,"href":"https:\/\/www.bbyhaber.com\/bby\/wp-json\/wp\/v2\/categories?post=7528"},{"taxonomy":"post_tag","embeddable":true,"href":"https:\/\/www.bbyhaber.com\/bby\/wp-json\/wp\/v2\/tags?post=7528"}],"curies":[{"name":"wp","href":"https:\/\/api.w.org\/{rel}","templated":true}]}}