{"id":7497,"date":"2012-11-08T18:58:59","date_gmt":"2012-11-08T16:58:59","guid":{"rendered":"http:\/\/www.bbyhaber.com\/bby\/?p=7497"},"modified":"2012-11-08T18:59:22","modified_gmt":"2012-11-08T16:59:22","slug":"kirikkale-il-halk-kutuphanesi-tarafindan-bilgi-okuryazarligi-konferansi-ve-il-halk-kutuphanesi-tanitimi","status":"publish","type":"post","link":"https:\/\/www.bbyhaber.com\/bby\/2012\/11\/08\/kirikkale-il-halk-kutuphanesi-tarafindan-bilgi-okuryazarligi-konferansi-ve-il-halk-kutuphanesi-tanitimi","title":{"rendered":"K\u0131r\u0131kkale \u0130l Halk K\u00fct\u00fcphanesi taraf\u0131ndan &#8220;Bilgi Okuryazarl\u0131\u011f\u0131 Konferans\u0131&#8221; ve &#8220;\u0130l Halk K\u00fct\u00fcphanesi&#8221; Tan\u0131t\u0131m\u0131"},"content":{"rendered":"<p style=\"text-align: justify;\"><a href=\"http:\/\/www.bbyhaber.com\/bby\/wp-content\/uploads\/2012\/11\/kirikkale-ilhalk-bilgi-okuryazarligi.jpg\"><img loading=\"lazy\" decoding=\"async\" class=\"alignleft\" src=\"http:\/\/www.bbyhaber.com\/bby\/wp-content\/uploads\/2012\/11\/kirikkale-ilhalk-bilgi-okuryazarligi.jpg\" alt=\"\" width=\"122\" height=\"92\" \/><\/a>K\u0131r\u0131kkale \u0130l Halk K\u00fct\u00fcphanesi taraf\u0131ndan &#8220;Bilgi Okuryazarl\u0131\u011f\u0131 Konferans\u0131&#8221; ve &#8220;\u0130l Halk K\u00fct\u00fcphanesi&#8221; tan\u0131t\u0131m etkinlikleri 08 Kas\u0131m 2012 tarihinde Ahmet S\u00fcmer \u0130lkokul\/Ortaokul&#8217;unda ba\u015flam\u0131\u015ft\u0131r. 2012 y\u0131l\u0131nda K\u0131r\u0131kkale&#8217;deki 15 okulda e\u011fitim, \u00f6\u011fretim g\u00f6ren \u00f6\u011frecilere &#8220;Bilgi Okuryazarl\u0131\u011f\u0131 Konferans\u0131&#8221; ve &#8221; K\u00fct\u00fcphanemizin Tan\u0131t\u0131m\u0131 &#8221; ad\u0131yla toplant\u0131lar d\u00fczenlenecektir.<!--more--><\/p>\n<p style=\"text-align: justify;\"><a href=\"http:\/\/www.kirikkalekutup.gov.tr\/\" target=\"_blank\">K\u0131r\u0131kkale \u0130l Halk K\u00fct\u00fcphanesi web sayfas\u0131 i\u00e7in t\u0131klay\u0131n\u0131z<\/a><\/p>\n<p style=\"text-align: justify;\"><a href=\"http:\/\/www.facebook.com\/kirikkaleilhalkk\" target=\"_blank\">K\u0131r\u0131kkale \u0130l Halk K\u00fct\u00fcphanesi Facebook sayfas\u0131 i\u00e7in t\u0131klay\u0131n\u0131z<\/a><\/p>\n<p style=\"text-align: justify;\">\n","protected":false},"excerpt":{"rendered":"<p>K\u0131r\u0131kkale \u0130l Halk K\u00fct\u00fcphanesi taraf\u0131ndan &#8220;Bilgi Okuryazarl\u0131\u011f\u0131 Konferans\u0131&#8221; ve &#8220;\u0130l Halk K\u00fct\u00fcphanesi&#8221; tan\u0131t\u0131m etkinlikleri 08 Kas\u0131m 2012 tarihinde Ahmet S\u00fcmer \u0130lkokul\/Ortaokul&#8217;unda ba\u015flam\u0131\u015ft\u0131r. 2012 y\u0131l\u0131nda K\u0131r\u0131kkale&#8217;deki 15 okulda e\u011fitim, \u00f6\u011fretim g\u00f6ren \u00f6\u011frecilere &#8220;Bilgi Okuryazarl\u0131\u011f\u0131 Konferans\u0131&#8221; ve &#8221; K\u00fct\u00fcphanemizin Tan\u0131t\u0131m\u0131 &#8221; ad\u0131yla toplant\u0131lar d\u00fczenlenecektir.<\/p>\n","protected":false},"author":1,"featured_media":0,"comment_status":"open","ping_status":"open","sticky":false,"template":"","format":"standard","meta":{"footnotes":""},"categories":[1],"tags":[848],"class_list":["post-7497","post","type-post","status-publish","format-standard","hentry","category-genel","tag-halk-kutuphaneleri"],"_links":{"self":[{"href":"https:\/\/www.bbyhaber.com\/bby\/wp-json\/wp\/v2\/posts\/7497"}],"collection":[{"href":"https:\/\/www.bbyhaber.com\/bby\/wp-json\/wp\/v2\/posts"}],"about":[{"href":"https:\/\/www.bbyhaber.com\/bby\/wp-json\/wp\/v2\/types\/post"}],"author":[{"embeddable":true,"href":"https:\/\/www.bbyhaber.com\/bby\/wp-json\/wp\/v2\/users\/1"}],"replies":[{"embeddable":true,"href":"https:\/\/www.bbyhaber.com\/bby\/wp-json\/wp\/v2\/comments?post=7497"}],"version-history":[{"count":0,"href":"https:\/\/www.bbyhaber.com\/bby\/wp-json\/wp\/v2\/posts\/7497\/revisions"}],"wp:attachment":[{"href":"https:\/\/www.bbyhaber.com\/bby\/wp-json\/wp\/v2\/media?parent=7497"}],"wp:term":[{"taxonomy":"category","embeddable":true,"href":"https:\/\/www.bbyhaber.com\/bby\/wp-json\/wp\/v2\/categories?post=7497"},{"taxonomy":"post_tag","embeddable":true,"href":"https:\/\/www.bbyhaber.com\/bby\/wp-json\/wp\/v2\/tags?post=7497"}],"curies":[{"name":"wp","href":"https:\/\/api.w.org\/{rel}","templated":true}]}}