{"id":7489,"date":"2012-11-08T15:52:37","date_gmt":"2012-11-08T13:52:37","guid":{"rendered":"http:\/\/www.bbyhaber.com\/bby\/?p=7489"},"modified":"2012-11-23T19:30:50","modified_gmt":"2012-11-23T17:30:50","slug":"dunya-cocuk-kitaplari-haftasi-12-18-kasim-2012","status":"publish","type":"post","link":"https:\/\/www.bbyhaber.com\/bby\/2012\/11\/08\/dunya-cocuk-kitaplari-haftasi-12-18-kasim-2012","title":{"rendered":"D\u00fcnya \u00c7ocuk Kitaplar\u0131 Haftas\u0131-12-18 Kas\u0131m 2012"},"content":{"rendered":"<p style=\"text-align: justify;\"><a href=\"http:\/\/www.istanbulkutuphaneci.org\/\" target=\"_blank\">T<strong><\/strong>KD \u0130stanbul \u015eubesi<\/a> her y\u0131l Kas\u0131m ay\u0131n\u0131n ikinci haftas\u0131 kutlanan\u00a0<strong>D\u00fcnya \u00c7ocuk Kitaplar\u0131 Haftas\u0131<\/strong>&#8216;n\u0131, <strong>12-18 Kas\u0131m 2012<\/strong>\u00a0tarihleri aras\u0131nda \u0130stanbul&#8217;daki Halk ve \u00c7ocuk k\u00fct\u00fcphaneleri&#8217;nin ev sahipli\u011finde\u00a0ger\u00e7ekle\u015ftirecektir. <strong>\u201cHer \u00c7ocuk Okumaya Haz\u0131r\u201d<\/strong>\u00a0temas\u0131yla kutlanacak olan D\u00fcnya \u00c7ocuk Kitaplar\u0131 Haftas\u0131 ile,<!--more--> \u00e7ocuklar\u0131n kitap okuma al\u0131\u015fkanl\u0131\u011f\u0131n\u0131n geli\u015ftirilmesine \u00f6nc\u00fcl\u00fck etmeyi, \u00e7ocuklar\u0131 k\u00fct\u00fcphane kullanmaya te\u015fvik etmeyi, \u0130stanbul\u2019da var olan k\u00fct\u00fcphaneler ile \u00e7ocuklar\u0131 tan\u0131\u015ft\u0131rmay\u0131, \u00e7ocuklara k\u00fct\u00fcphane konusunda alg\u0131 ve fark\u0131ndal\u0131k kazand\u0131rmay\u0131, \u00e7ocuk-ebeveyn-k\u00fct\u00fcphane ili\u015fkisi kurmay\u0131 ve \u00e7ocuklara k\u00fct\u00fcphane bilgi kaynaklar\u0131n\u0131 tan\u0131tmak ama\u00e7lanmaktad\u0131r.<\/p>\n<p style=\"text-align: justify;\"><a href=\"http:\/\/www.cocukkitaplarihaftasi.org\/\" target=\"_blank\"><span style=\"color: #0000ff;\"><strong>Web sayfas\u0131 i\u00e7in t\u0131klay\u0131n\u0131z<\/strong><\/span><\/a><\/p>\n","protected":false},"excerpt":{"rendered":"<p>TKD \u0130stanbul \u015eubesi her y\u0131l Kas\u0131m ay\u0131n\u0131n ikinci haftas\u0131 kutlanan\u00a0D\u00fcnya \u00c7ocuk Kitaplar\u0131 Haftas\u0131&#8216;n\u0131, 12-18 Kas\u0131m 2012\u00a0tarihleri aras\u0131nda \u0130stanbul&#8217;daki Halk ve \u00c7ocuk k\u00fct\u00fcphaneleri&#8217;nin ev sahipli\u011finde\u00a0ger\u00e7ekle\u015ftirecektir. \u201cHer \u00c7ocuk Okumaya Haz\u0131r\u201d\u00a0temas\u0131yla kutlanacak olan D\u00fcnya \u00c7ocuk Kitaplar\u0131 Haftas\u0131 ile,<\/p>\n","protected":false},"author":1,"featured_media":0,"comment_status":"open","ping_status":"open","sticky":false,"template":"","format":"standard","meta":{"footnotes":""},"categories":[],"tags":[1395,409],"class_list":["post-7489","post","type-post","status-publish","format-standard","hentry","tag-bby-mesleki-etkinlikler-arsivi","tag-cocuk-kitaplari-haftasi"],"_links":{"self":[{"href":"https:\/\/www.bbyhaber.com\/bby\/wp-json\/wp\/v2\/posts\/7489"}],"collection":[{"href":"https:\/\/www.bbyhaber.com\/bby\/wp-json\/wp\/v2\/posts"}],"about":[{"href":"https:\/\/www.bbyhaber.com\/bby\/wp-json\/wp\/v2\/types\/post"}],"author":[{"embeddable":true,"href":"https:\/\/www.bbyhaber.com\/bby\/wp-json\/wp\/v2\/users\/1"}],"replies":[{"embeddable":true,"href":"https:\/\/www.bbyhaber.com\/bby\/wp-json\/wp\/v2\/comments?post=7489"}],"version-history":[{"count":0,"href":"https:\/\/www.bbyhaber.com\/bby\/wp-json\/wp\/v2\/posts\/7489\/revisions"}],"wp:attachment":[{"href":"https:\/\/www.bbyhaber.com\/bby\/wp-json\/wp\/v2\/media?parent=7489"}],"wp:term":[{"taxonomy":"category","embeddable":true,"href":"https:\/\/www.bbyhaber.com\/bby\/wp-json\/wp\/v2\/categories?post=7489"},{"taxonomy":"post_tag","embeddable":true,"href":"https:\/\/www.bbyhaber.com\/bby\/wp-json\/wp\/v2\/tags?post=7489"}],"curies":[{"name":"wp","href":"https:\/\/api.w.org\/{rel}","templated":true}]}}