{"id":7465,"date":"2012-11-06T13:16:19","date_gmt":"2012-11-06T11:16:19","guid":{"rendered":"http:\/\/www.bbyhaber.com\/bby\/?p=7465"},"modified":"2012-12-18T22:52:19","modified_gmt":"2012-12-18T20:52:19","slug":"oyuncak-kutuphanesi-acildi-balikesir","status":"publish","type":"post","link":"https:\/\/www.bbyhaber.com\/bby\/2012\/11\/06\/oyuncak-kutuphanesi-acildi-balikesir","title":{"rendered":"Oyuncak K\u00fct\u00fcphanesi a\u00e7\u0131ld\u0131-Bal\u0131kesir"},"content":{"rendered":"<p style=\"text-align: justify;\">G\u00f6me\u00e7&#8217;te, Ger\u00e7ek Masallar At\u00f6lyesi Projesi kapsam\u0131nda G\u00fcney Marmara Kalk\u0131nma Ajans\u0131\u2019n\u0131n deste\u011fiyle a\u00e7\u0131lan Oyuncak K\u00fct\u00fcphanesi \u00e7ocuklar\u0131 sevindirdi. 6 Eyl\u00fcl \u00c7ok Programl\u0131 Lisesi bah\u00e7esinde 130 bin lira harcamayla ger\u00e7ekle\u015ftirilen Oyuncak K\u00fct\u00fcphanesinden 3-6 ya\u015f aras\u0131 \u00e7ocuklar yararlan\u0131yor. \u0130\u00e7inden m\u00fczik aletlerinden oyuncaklara, kitaplara ve bilgisayara kadar \u00e7ok say\u0131da materyalin yer ald\u0131\u011f\u0131 Oyuncak K\u00fct\u00fcphanesinde, 6 Eyl\u00fcl \u00c7ok Programl\u0131 Lisesi \u00e7ocuk geli\u015fimi b\u00f6l\u00fcm\u00fcnde okuyan \u00f6\u011frenciler \u00e7ocuklara yard\u0131mc\u0131 oluyorlar. <!--more--><\/p>\n<p style=\"text-align: justify;\">Okuldaki idareci ve \u00f6\u011fretmenlerin haz\u0131rlad\u0131klar\u0131 Ger\u00e7ek Masallar At\u00f6lyesi Projesi Kapsam\u0131nda Oyuncak K\u00fct\u00fcphanesinin a\u00e7\u0131ld\u0131\u011f\u0131na dikkat \u00e7eken 6 Eyl\u00fcl \u00c7ok Programl\u0131 Lisesi M\u00fcd\u00fcr\u00fc Latif Korkmaz, \u201cOkuldaki idareci ve \u00f6\u011fretmenler proje haz\u0131rlad\u0131. G\u00fcney Marmara Kalk\u0131nma Ajans\u0131 da bu projeyi destekledi. B\u00f6ylelikle Ger\u00e7ek Masallar At\u00f6lyesi Projesi ger\u00e7ekle\u015fti. 3-6 ya\u015f aras\u0131 \u00e7ocuklar bu k\u00fct\u00fcphaneden yararlan\u0131yor. \u00c7ocuk geli\u015fimi \u00f6\u011fretmenleri ve bu b\u00f6l\u00fcmde okuyan \u00f6\u011frenciler de \u00e7ocuklara destek oluyorlar. \u00c7evrede bulunmayan Oyuncak K\u00fct\u00fcphanesini il\u00e7emize kazand\u0131rd\u0131\u011f\u0131m\u0131z i\u00e7in mutluyuz. Destek olan kaymakam\u0131m\u0131z, il\u00e7e milli e\u011fitim m\u00fcd\u00fcr\u00fcm\u00fcz ve G\u00fcney Marmara Kalk\u0131nma Ajans\u0131 yetkililerine te\u015fekk\u00fcr ediyoruz\u201d dedi.<\/p>\n<p>Oyuncak K\u00fct\u00fcphanesi Sorumlu \u00d6\u011fretmeni Melike Teldik, \u201cBiz bu projede geni\u015f kitlelere hizmet vermek istiyoruz. Herkes yararlans\u0131n istiyoruz. Oyuncak ve m\u00fczik aleti \u00e7e\u015fitlerimiz \u00e7ok. \u00c7ocuklar\u0131n ya\u015f ve geli\u015fim durumlar\u0131na g\u00f6re oyuncaklar mevcut. Biz hizmet i\u00e7in buraday\u0131z. Yararl\u0131 olmak istiyoruz\u201d dedi. K\u00fct\u00fcphanede g\u00f6revli \u00f6\u011frencilerden \u0130rem Sayhan da \u201c Biz burada g\u00f6rev almaktan mutluyuz. Devam\u0131n\u0131n gelmesini diliyoruz\u201d dedi.<\/p>\n<p>\u00d6\u011frenci Song\u00fcl U\u011fuztekin de, \u201cBuran\u0131n a\u00e7\u0131lmas\u0131 bizi mutlu etti. Eme\u011fi ge\u00e7enlere te\u015fekk\u00fcr ediyorum\u201d dedi. \u0130l\u00e7e Milli E\u011fitim M\u00fcd\u00fcr\u00fc Yakup \u015ea\u011fban da\u201d G\u00fcney Marmara Kalk\u0131nma Ajans\u0131n\u0131n deste\u011fiyle buras\u0131 kuruldu. Anaokulu \u00f6\u011fretmeni D\u00fcriye han\u0131m \u00f6nc\u00fcl\u00fck etti. \u0130l\u00e7emize 130 milyar liral\u0131k bir yat\u0131r\u0131m kazand\u0131rd\u0131k. \u00c7ocuklar yararlan\u0131yor. \u0130l\u00e7emize performans kazand\u0131rd\u0131. Ba\u015fka arkada\u015flar\u0131m\u0131z da ba\u015fka projeler haz\u0131rl\u0131yorlar\u201d dedi.<\/p>\n<p>Kaynak: http:\/\/www.balikesir.gen.tr<\/p>\n","protected":false},"excerpt":{"rendered":"<p>G\u00f6me\u00e7&#8217;te, Ger\u00e7ek Masallar At\u00f6lyesi Projesi kapsam\u0131nda G\u00fcney Marmara Kalk\u0131nma Ajans\u0131\u2019n\u0131n deste\u011fiyle a\u00e7\u0131lan Oyuncak K\u00fct\u00fcphanesi \u00e7ocuklar\u0131 sevindirdi. 6 Eyl\u00fcl \u00c7ok Programl\u0131 Lisesi bah\u00e7esinde 130 bin lira harcamayla ger\u00e7ekle\u015ftirilen Oyuncak K\u00fct\u00fcphanesinden 3-6 ya\u015f aras\u0131 \u00e7ocuklar yararlan\u0131yor. \u0130\u00e7inden m\u00fczik aletlerinden oyuncaklara, kitaplara ve bilgisayara kadar \u00e7ok say\u0131da materyalin yer ald\u0131\u011f\u0131 Oyuncak K\u00fct\u00fcphanesinde, 6 Eyl\u00fcl \u00c7ok Programl\u0131 Lisesi \u00e7ocuk [&hellip;]<\/p>\n","protected":false},"author":1,"featured_media":0,"comment_status":"open","ping_status":"open","sticky":false,"template":"","format":"standard","meta":{"footnotes":""},"categories":[1,1594],"tags":[1439,845,1442],"class_list":["post-7465","post","type-post","status-publish","format-standard","hentry","category-genel","category-oyuncak-kutuphanesi","tag-cocuk-kutuphaneleri","tag-okul-kutuphaneleri","tag-oyuncak-kutuphaneleri"],"_links":{"self":[{"href":"https:\/\/www.bbyhaber.com\/bby\/wp-json\/wp\/v2\/posts\/7465"}],"collection":[{"href":"https:\/\/www.bbyhaber.com\/bby\/wp-json\/wp\/v2\/posts"}],"about":[{"href":"https:\/\/www.bbyhaber.com\/bby\/wp-json\/wp\/v2\/types\/post"}],"author":[{"embeddable":true,"href":"https:\/\/www.bbyhaber.com\/bby\/wp-json\/wp\/v2\/users\/1"}],"replies":[{"embeddable":true,"href":"https:\/\/www.bbyhaber.com\/bby\/wp-json\/wp\/v2\/comments?post=7465"}],"version-history":[{"count":0,"href":"https:\/\/www.bbyhaber.com\/bby\/wp-json\/wp\/v2\/posts\/7465\/revisions"}],"wp:attachment":[{"href":"https:\/\/www.bbyhaber.com\/bby\/wp-json\/wp\/v2\/media?parent=7465"}],"wp:term":[{"taxonomy":"category","embeddable":true,"href":"https:\/\/www.bbyhaber.com\/bby\/wp-json\/wp\/v2\/categories?post=7465"},{"taxonomy":"post_tag","embeddable":true,"href":"https:\/\/www.bbyhaber.com\/bby\/wp-json\/wp\/v2\/tags?post=7465"}],"curies":[{"name":"wp","href":"https:\/\/api.w.org\/{rel}","templated":true}]}}