{"id":7441,"date":"2012-11-05T11:38:26","date_gmt":"2012-11-05T09:38:26","guid":{"rendered":"http:\/\/www.bbyhaber.com\/bby\/?p=7441"},"modified":"2012-11-05T12:29:36","modified_gmt":"2012-11-05T10:29:36","slug":"orduspor-macinda-ordu-okuyor-kampanyasi","status":"publish","type":"post","link":"https:\/\/www.bbyhaber.com\/bby\/2012\/11\/05\/orduspor-macinda-ordu-okuyor-kampanyasi","title":{"rendered":"Orduspor Ma\u00e7\u0131nda &#8221;Ordu Okuyor&#8221; Kampanyas\u0131"},"content":{"rendered":"<p style=\"text-align: justify;\"><a href=\"http:\/\/www.tribundergi.com\/imaj\/b\/12171105_34439.jpg\"><img loading=\"lazy\" decoding=\"async\" class=\"alignleft\" src=\"http:\/\/www.tribundergi.com\/imaj\/b\/12171105_34439.jpg\" alt=\"\" width=\"184\" height=\"109\" \/><\/a>Spor S\u00fcper Lig&#8217;de m\u00fccadele eden Orduspor, sahas\u0131nda Sivasspor&#8217;u a\u011f\u0131rlad\u0131. Kar\u015f\u0131la\u015fmada ilgin\u00e7 pankart dikkat \u00e7ekti. Kar\u015f\u0131la\u015fma s\u0131ras\u0131nda Ordu Teknik ve End\u00fcstri Meslek Liseli bir grup \u00f6\u011frenci &#8221;<strong>Ordu Okuyor<\/strong>&#8221; kampanyas\u0131 kapsam\u0131nda trib\u00fcnde kitap okudu.<!--more--><br \/>\n<a href=\"http:\/\/f1211.hizliresim.com\/13\/5\/fn16p.jpg\"><img loading=\"lazy\" decoding=\"async\" class=\"alignnone\" src=\"http:\/\/f1211.hizliresim.com\/13\/5\/fn16p.jpg\" alt=\"\" width=\"450\" height=\"330\" \/><\/a><\/p>\n<p>Kaynak: http:\/\/www.tribundergi.com<\/p>\n","protected":false},"excerpt":{"rendered":"<p>Spor S\u00fcper Lig&#8217;de m\u00fccadele eden Orduspor, sahas\u0131nda Sivasspor&#8217;u a\u011f\u0131rlad\u0131. Kar\u015f\u0131la\u015fmada ilgin\u00e7 pankart dikkat \u00e7ekti. Kar\u015f\u0131la\u015fma s\u0131ras\u0131nda Ordu Teknik ve End\u00fcstri Meslek Liseli bir grup \u00f6\u011frenci &#8221;Ordu Okuyor&#8221; kampanyas\u0131 kapsam\u0131nda trib\u00fcnde kitap okudu.<\/p>\n","protected":false},"author":1,"featured_media":0,"comment_status":"open","ping_status":"open","sticky":false,"template":"","format":"standard","meta":{"footnotes":""},"categories":[1],"tags":[],"class_list":["post-7441","post","type-post","status-publish","format-standard","hentry","category-genel"],"_links":{"self":[{"href":"https:\/\/www.bbyhaber.com\/bby\/wp-json\/wp\/v2\/posts\/7441"}],"collection":[{"href":"https:\/\/www.bbyhaber.com\/bby\/wp-json\/wp\/v2\/posts"}],"about":[{"href":"https:\/\/www.bbyhaber.com\/bby\/wp-json\/wp\/v2\/types\/post"}],"author":[{"embeddable":true,"href":"https:\/\/www.bbyhaber.com\/bby\/wp-json\/wp\/v2\/users\/1"}],"replies":[{"embeddable":true,"href":"https:\/\/www.bbyhaber.com\/bby\/wp-json\/wp\/v2\/comments?post=7441"}],"version-history":[{"count":0,"href":"https:\/\/www.bbyhaber.com\/bby\/wp-json\/wp\/v2\/posts\/7441\/revisions"}],"wp:attachment":[{"href":"https:\/\/www.bbyhaber.com\/bby\/wp-json\/wp\/v2\/media?parent=7441"}],"wp:term":[{"taxonomy":"category","embeddable":true,"href":"https:\/\/www.bbyhaber.com\/bby\/wp-json\/wp\/v2\/categories?post=7441"},{"taxonomy":"post_tag","embeddable":true,"href":"https:\/\/www.bbyhaber.com\/bby\/wp-json\/wp\/v2\/tags?post=7441"}],"curies":[{"name":"wp","href":"https:\/\/api.w.org\/{rel}","templated":true}]}}