{"id":7423,"date":"2012-11-03T19:06:25","date_gmt":"2012-11-03T17:06:25","guid":{"rendered":"http:\/\/www.bbyhaber.com\/bby\/?p=7423"},"modified":"2013-01-25T15:15:20","modified_gmt":"2013-01-25T13:15:20","slug":"en-fazla-kitap-okuyana-inek-verecekler","status":"publish","type":"post","link":"https:\/\/www.bbyhaber.com\/bby\/2012\/11\/03\/en-fazla-kitap-okuyana-inek-verecekler","title":{"rendered":"En fazla kitap okuyana inek verecekler-Van"},"content":{"rendered":"<p style=\"text-align: justify;\"><a href=\"http:\/\/im.haberturk.com\/galeri\/2012\/11\/02\/417888\/a754c316faa4cedceec2c139a2e326ee_k.jpg\"><img loading=\"lazy\" decoding=\"async\" class=\"alignleft\" src=\"http:\/\/im.haberturk.com\/galeri\/2012\/11\/02\/417888\/a754c316faa4cedceec2c139a2e326ee_k.jpg\" alt=\"\" width=\"233\" height=\"149\" \/><\/a>Er\u00e7ek \u00c7ok Programl\u0131 Lisesi edebiyat \u00f6\u011fretmeni Zeynep Oral taraf\u0131ndan bir s\u00fcre \u00f6nce ba\u015flat\u0131lan kitap toplama kampanyas\u0131, k\u0131sa s\u00fcrede b\u00fcy\u00fck yank\u0131 buldu. \u00c7e\u015fitli yay\u0131nevleri ve hay\u0131rseverler taraf\u0131ndan g\u00f6nderilen yakla\u015f\u0131k 3 bin 500 kitap ile okulda b\u00fcy\u00fck bir k\u00fct\u00fcphane olu\u015fturan Oral, idarecilerin de deste\u011fi ile beldedeki aileleri de okumaya te\u015fvik etmek amac\u0131yla \u00e7al\u0131\u015fma ba\u015flatt\u0131.<!--more--><\/p>\n<p style=\"text-align: justify;\">Toplanan kitaplar\u0131, okuldaki di\u011fer \u00f6\u011fretmenler ve \u00f6\u011frenciler ile kap\u0131 kap\u0131 dola\u015farak velilere da\u011f\u0131tan Oral, &#8220;Veliler okuyor, \u00f6\u011frenciler kazan\u0131yor&#8221; ve &#8220;En fazla kitap okuyan velinin \u00f6d\u00fcl\u00fc inek&#8221; adl\u0131 projelerle veliler aras\u0131nda yar\u0131\u015fma d\u00fczenledi. \u00d6zellikle beldedeki kad\u0131nlar\u0131n b\u00fcy\u00fck ilgi g\u00f6sterdi\u011fi yar\u0131\u015fmayla ilgili bilgi veren Oral, kampanya kapsam\u0131nda g\u00f6nderilen kitaplar\u0131 hem okulda hem de belde de de\u011ferlendirmek istediklerini, bu kapsamda da veliler aras\u0131nda kitap okuma yar\u0131\u015fmas\u0131 d\u00fczenlediklerini s\u00f6yledi. Yar\u0131\u015fma kapsam\u0131nda en fazla kitap okuyan veliye okul idaresinin \u00f6d\u00fcl olarak \u2019inek\u2019 vermeyi uygun g\u00f6rd\u00fc\u011f\u00fcn\u00fc anlatan Oral, &#8220;Ge\u00e7imlerini tar\u0131m ve hayvanc\u0131l\u0131kla sa\u011flayan velilerimiz, inek \u00f6d\u00fcll\u00fc yar\u0131\u015fmay\u0131 duydu\u011funda adeta kitap okumak i\u00e7in s\u0131raya girdi&#8221; dedi. Velilerin okudu\u011fu kitaplar\u0131n \u00f6\u011frencilere s\u00f6zl\u00fc notu olarak da yans\u0131yaca\u011f\u0131n\u0131 vurgulayan Oral, b\u00f6ylelikle hem \u00f6\u011frencilerin hem de velilerin yar\u0131\u015fmadan kazan\u00e7l\u0131 \u00e7\u0131kaca\u011f\u0131n\u0131 ifade etti.<\/p>\n<p style=\"text-align: justify;\">Oral, yar\u0131\u015fma sayesinde \u00f6\u011frenciler gibi velilere de kitap okuma al\u0131\u015fkanl\u0131\u011f\u0131 kazand\u0131racaklar\u0131na inand\u0131\u011f\u0131n\u0131 bildirerek, \u015f\u00f6yle konu\u015ftu: &#8220;Biz \u00f6\u011frencilerden kitap okumalar\u0131n\u0131 istiyorsak, velilere de bu bilinci a\u015f\u0131lamak zorunday\u0131z. Art\u0131k veliler \u00e7ocuklar\u0131 kitap okudu\u011funda k\u0131zmas\u0131n, tam tersine hediyeler versin istiyoruz. Bunu da ilk etapta biz ba\u015flatt\u0131k ve birebir velilerimizi evlerinde ziyaret ederek i\u015fin ciddiyetini anlatt\u0131k. Ba\u015flatt\u0131\u011f\u0131m\u0131z bu kampanyan\u0131n bir\u00e7ok okulda \u00f6rnek te\u015fkil edece\u011fini d\u00fc\u015f\u00fcn\u00fcyorum.&#8221;<\/p>\n<p style=\"text-align: justify;\">VEL\u0130LER MUTLU<\/p>\n<p style=\"text-align: justify;\">Er\u00e7ek beldesinde ya\u015fayan aileleri tek tek ziyaret eden \u00f6\u011fretmen ve \u00f6\u011frencilerin misafir oldu\u011fu evde ya\u015fayan Ebru \u00d6rkmez de iki \u00e7ocu\u011funun lisede okudu\u011funu kaydederek, &#8220;Yar\u0131\u015fmaya ailece kat\u0131lmaya karar verdik. Fakat ailemizdeki herkesin okuma yazmas\u0131 olmad\u0131\u011f\u0131 i\u00e7in verilen kitaplar\u0131 ben okuyaca\u011f\u0131m. Ben de ilkokul mezunuyum. Elimden geldi\u011fi kadar\u0131yla \u00e7ok say\u0131da kitap okuyarak evimize inek, \u00e7ocuklar\u0131ma not kazand\u0131raca\u011f\u0131m&#8221; dedi.<\/p>\n<p style=\"text-align: justify;\">Nemide \u00d6rkmez ise \u00f6\u011fretmenlerin g\u00fczel bir kampanya ile belde halk\u0131n\u0131 okumaya te\u015fvik etti\u011fine i\u015faret ederek, eme\u011fi ge\u00e7enlere te\u015fekk\u00fcr etti. Annesi Nemide \u00d6rkmez\u2019in kampanyaya kat\u0131lmas\u0131ndan mutluluk duydu\u011funu anlatan \u00f6\u011frencilerden \u00d6zcan \u00d6rkmez de &#8220;Annemin az da olsa okumas\u0131 var. Ben de kendisine yard\u0131m ederek annemin okumas\u0131n\u0131 ve kendisini geli\u015ftirmesini istiyorum. Annem sayesinde \u00e7evremizdeki b\u00fct\u00fcn kad\u0131nlar\u0131n kitap okuyaca\u011f\u0131na inan\u0131yorum&#8221; diye konu\u015ftu.<\/p>\n<p style=\"text-align: justify;\">\u00dc\u00e7 \u00e7ocuk annesi Hediye \u00c7elik ise \u00e7ocuklar\u0131yla ilgilenmek istedi\u011fini, bu nedenle de kampanyaya kat\u0131lmay\u0131 kabul etti\u011fine i\u015faret ederek, &#8220;Daha \u00f6nce bir iki kitap okumu\u015ftum. Ama \u00e7ocuklar\u0131m o zaman k\u00fc\u00e7\u00fckt\u00fc. Okumam\u0131 tamamlayamad\u0131m. Bu kampanya sayesinde bo\u015f vakitlerimi kitap okuyarak ge\u00e7irece\u011fim ve b\u00f6ylece \u00e7ocuklar\u0131ma daha faydal\u0131 olaca\u011f\u0131m&#8221; ifadelerini kulland\u0131.<\/p>\n<p style=\"text-align: justify;\">Kaynak: http:\/\/www.posta.com.tr<\/p>\n","protected":false},"excerpt":{"rendered":"<p>Er\u00e7ek \u00c7ok Programl\u0131 Lisesi edebiyat \u00f6\u011fretmeni Zeynep Oral taraf\u0131ndan bir s\u00fcre \u00f6nce ba\u015flat\u0131lan kitap toplama kampanyas\u0131, k\u0131sa s\u00fcrede b\u00fcy\u00fck yank\u0131 buldu. \u00c7e\u015fitli yay\u0131nevleri ve hay\u0131rseverler taraf\u0131ndan g\u00f6nderilen yakla\u015f\u0131k 3 bin 500 kitap ile okulda b\u00fcy\u00fck bir k\u00fct\u00fcphane olu\u015fturan Oral, idarecilerin de deste\u011fi ile beldedeki aileleri de okumaya te\u015fvik etmek amac\u0131yla \u00e7al\u0131\u015fma ba\u015flatt\u0131.<\/p>\n","protected":false},"author":1,"featured_media":0,"comment_status":"open","ping_status":"open","sticky":false,"template":"","format":"standard","meta":{"footnotes":""},"categories":[1,1494,1497],"tags":[451,845],"class_list":["post-7423","post","type-post","status-publish","format-standard","hentry","category-genel","category-kitap-kampanyasi","category-kitap-toplama","tag-inekli-kitap-kampanyasi","tag-okul-kutuphaneleri"],"_links":{"self":[{"href":"https:\/\/www.bbyhaber.com\/bby\/wp-json\/wp\/v2\/posts\/7423"}],"collection":[{"href":"https:\/\/www.bbyhaber.com\/bby\/wp-json\/wp\/v2\/posts"}],"about":[{"href":"https:\/\/www.bbyhaber.com\/bby\/wp-json\/wp\/v2\/types\/post"}],"author":[{"embeddable":true,"href":"https:\/\/www.bbyhaber.com\/bby\/wp-json\/wp\/v2\/users\/1"}],"replies":[{"embeddable":true,"href":"https:\/\/www.bbyhaber.com\/bby\/wp-json\/wp\/v2\/comments?post=7423"}],"version-history":[{"count":0,"href":"https:\/\/www.bbyhaber.com\/bby\/wp-json\/wp\/v2\/posts\/7423\/revisions"}],"wp:attachment":[{"href":"https:\/\/www.bbyhaber.com\/bby\/wp-json\/wp\/v2\/media?parent=7423"}],"wp:term":[{"taxonomy":"category","embeddable":true,"href":"https:\/\/www.bbyhaber.com\/bby\/wp-json\/wp\/v2\/categories?post=7423"},{"taxonomy":"post_tag","embeddable":true,"href":"https:\/\/www.bbyhaber.com\/bby\/wp-json\/wp\/v2\/tags?post=7423"}],"curies":[{"name":"wp","href":"https:\/\/api.w.org\/{rel}","templated":true}]}}