{"id":7397,"date":"2012-11-01T16:19:15","date_gmt":"2012-11-01T14:19:15","guid":{"rendered":"http:\/\/www.bbyhaber.com\/bby\/?p=7397"},"modified":"2012-11-01T16:19:26","modified_gmt":"2012-11-01T14:19:26","slug":"insan-haklari-kutuphanesi-antalyakepez","status":"publish","type":"post","link":"https:\/\/www.bbyhaber.com\/bby\/2012\/11\/01\/insan-haklari-kutuphanesi-antalyakepez","title":{"rendered":"\u0130nsan haklar\u0131 k\u00fct\u00fcphanesi-Antalya\/Kepez"},"content":{"rendered":"<p style=\"text-align: justify;\"><img loading=\"lazy\" decoding=\"async\" class=\"alignleft\" src=\"http:\/\/www.kepez-bld.gov.tr\/uploads\/images\/haberler\/2012\/11\/kut1.jpg\" alt=\"\" width=\"219\" height=\"136\" \/>Kepez Belediyesi, Antalya Kent Konseyi i\u015fbirli\u011fi ile Gazi Bulvar\u0131 Sanayi Kav\u015fa\u011f\u0131\u2019nda bulunan Adnan Menderes Park\u0131 i\u00e7erisine, \u201c\u0130nsan Haklar\u0131 K\u00fct\u00fcphanesi\u201d in\u015fa edecek. Kepez Belediye Ba\u015fkan\u0131 Hakan T\u00fct\u00fcnc\u00fc, kitap okumalar\u0131 konusunda te\u015fvik etti\u011fi \u00e7ocuklar\u0131n, il\u00e7edeki k\u00fct\u00fcphane eksikli\u011fini de gideriyor.\u00a0 Ba\u015fkan T\u00fct\u00fcnc\u00fc, Gazi Bulvar\u0131 Sanayi Kav\u015fa\u011f\u0131\u2019nda bulunan Adnan Menderes Park\u0131\u2019n\u0131n i\u00e7erisine, \u0130nsan Haklar\u0131 K\u00fct\u00fcphanesi yapacaklar\u0131n\u0131 a\u00e7\u0131klad\u0131.<!--more--><\/p>\n<p style=\"text-align: justify;\">T\u00fct\u00fcnc\u00fc, Ye\u015filtepe Mahallesi\u2019ndeki OR\u00dcS arazisine yap\u0131lacak olan 2 bin ki\u015filik kongre ve sergi merkezi projesinde oldu\u011fu gibi, k\u00fct\u00fcphaneyi de ortak ak\u0131lla il\u00e7eye kazand\u0131r\u0131yor.\u00a0 T\u00fct\u00fcnc\u00fc, Antalya Kent Konseyi ile birlikte k\u00fct\u00fcphaneyi in\u015fa edeceklerini duyurdu. Parktaki, baraka halde olan ve il\u00e7eye yak\u0131\u015fmayan kafeteryay\u0131 kald\u0131rd\u0131klar\u0131n\u0131 belirten T\u00fct\u00fcnc\u00fc, k\u00fct\u00fcphaneyi de bu tesisin bulundu\u011fu alana yapacaklar\u0131n\u0131 kaydetti.<\/p>\n<p style=\"text-align: justify;\">A\u00e7\u0131l\u0131\u015f 27 May\u0131s\u2019ta<\/p>\n<p style=\"text-align: justify;\">\u0130nsan Haklar\u0131 K\u00fct\u00fcphanesi i\u00e7in nitelikli, zarif bir mimari proje haz\u0131rland\u0131\u011f\u0131na de\u011finen Kepez Belediye Ba\u015fkan\u0131 T\u00fct\u00fcnc\u00fc, k\u00fct\u00fcphane projesiyle, Antalya\u2019n\u0131n protokol yolu olan Gazi Bulvar\u0131\u2019nda g\u00fczel bir eseri kente kazand\u0131racaklar\u0131n\u0131 ifade etti. Tesisin, park\u0131n i\u00e7erisine yap\u0131labilmesi i\u00e7in imar plan\u0131 tadilat\u0131 yapacaklar\u0131n\u0131 aktaran T\u00fct\u00fcnc\u00fc, ihale s\u00fcrecinin ard\u0131ndan k\u00fct\u00fcphanenin yap\u0131m\u0131n\u0131n ba\u015flayaca\u011f\u0131n\u0131 bildirdi.<\/p>\n<p style=\"text-align: justify;\">Ba\u015fkan T\u00fct\u00fcnc\u00fc, tadilat \u00e7al\u0131\u015fmas\u0131yla yeniledikleri Adnan Menderes Park\u0131\u2019nda yapacaklar\u0131 \u0130nsan Haklar\u0131 K\u00fct\u00fcphanesi\u2019nin a\u00e7\u0131l\u0131\u015f\u0131n\u0131 da 27 May\u0131s askeri m\u00fcdahalesinin 53. y\u0131ld\u00f6n\u00fcm\u00fcnde ger\u00e7ekle\u015ftireceklerinin alt\u0131n\u0131 \u00e7izdi. T\u00fct\u00fcnc\u00fc, k\u00fct\u00fcphane projesiyle \u00e7ocuklara kitap okuma al\u0131\u015fkanl\u0131\u011f\u0131 kazand\u0131rmay\u0131 ama\u00e7lad\u0131klar\u0131n\u0131 da s\u00f6zlerine ekledi.<\/p>\n<p style=\"text-align: justify;\">Kaynak: http:\/\/www.kepez-bld.gov.tr<\/p>\n","protected":false},"excerpt":{"rendered":"<p>Kepez Belediyesi, Antalya Kent Konseyi i\u015fbirli\u011fi ile Gazi Bulvar\u0131 Sanayi Kav\u015fa\u011f\u0131\u2019nda bulunan Adnan Menderes Park\u0131 i\u00e7erisine, \u201c\u0130nsan Haklar\u0131 K\u00fct\u00fcphanesi\u201d in\u015fa edecek. Kepez Belediye Ba\u015fkan\u0131 Hakan T\u00fct\u00fcnc\u00fc, kitap okumalar\u0131 konusunda te\u015fvik etti\u011fi \u00e7ocuklar\u0131n, il\u00e7edeki k\u00fct\u00fcphane eksikli\u011fini de gideriyor.\u00a0 Ba\u015fkan T\u00fct\u00fcnc\u00fc, Gazi Bulvar\u0131 Sanayi Kav\u015fa\u011f\u0131\u2019nda bulunan Adnan Menderes Park\u0131\u2019n\u0131n i\u00e7erisine, \u0130nsan Haklar\u0131 K\u00fct\u00fcphanesi yapacaklar\u0131n\u0131 a\u00e7\u0131klad\u0131.<\/p>\n","protected":false},"author":1,"featured_media":0,"comment_status":"open","ping_status":"open","sticky":false,"template":"","format":"standard","meta":{"footnotes":""},"categories":[1],"tags":[403],"class_list":["post-7397","post","type-post","status-publish","format-standard","hentry","category-genel","tag-insan-haklari-kutuphanesi"],"_links":{"self":[{"href":"https:\/\/www.bbyhaber.com\/bby\/wp-json\/wp\/v2\/posts\/7397"}],"collection":[{"href":"https:\/\/www.bbyhaber.com\/bby\/wp-json\/wp\/v2\/posts"}],"about":[{"href":"https:\/\/www.bbyhaber.com\/bby\/wp-json\/wp\/v2\/types\/post"}],"author":[{"embeddable":true,"href":"https:\/\/www.bbyhaber.com\/bby\/wp-json\/wp\/v2\/users\/1"}],"replies":[{"embeddable":true,"href":"https:\/\/www.bbyhaber.com\/bby\/wp-json\/wp\/v2\/comments?post=7397"}],"version-history":[{"count":0,"href":"https:\/\/www.bbyhaber.com\/bby\/wp-json\/wp\/v2\/posts\/7397\/revisions"}],"wp:attachment":[{"href":"https:\/\/www.bbyhaber.com\/bby\/wp-json\/wp\/v2\/media?parent=7397"}],"wp:term":[{"taxonomy":"category","embeddable":true,"href":"https:\/\/www.bbyhaber.com\/bby\/wp-json\/wp\/v2\/categories?post=7397"},{"taxonomy":"post_tag","embeddable":true,"href":"https:\/\/www.bbyhaber.com\/bby\/wp-json\/wp\/v2\/tags?post=7397"}],"curies":[{"name":"wp","href":"https:\/\/api.w.org\/{rel}","templated":true}]}}