{"id":7356,"date":"2012-10-31T00:33:09","date_gmt":"2012-10-30T21:33:09","guid":{"rendered":"http:\/\/www.bbyhaber.com\/bby\/?p=7356"},"modified":"2012-10-31T00:36:58","modified_gmt":"2012-10-30T21:36:58","slug":"sol-acik-taraftar-grubu-lefter-kutuphanesi-kuruyor","status":"publish","type":"post","link":"https:\/\/www.bbyhaber.com\/bby\/2012\/10\/31\/sol-acik-taraftar-grubu-lefter-kutuphanesi-kuruyor","title":{"rendered":"Sol A\u00e7\u0131k Taraftar Grubu Lefter K\u00fct\u00fcphanesi kuruyor"},"content":{"rendered":"<p style=\"text-align: justify;\"><img loading=\"lazy\" decoding=\"async\" class=\"alignleft\" src=\"http:\/\/i.tr.eurosport.com\/2011\/07\/07\/738100-9316070-640-360.jpg\" alt=\"\" width=\"187\" height=\"107\" \/>Sol A\u00e7\u0131k Taraftar Grubu, Fenerbah\u00e7e\u00a0tarihine ad\u0131n\u0131 alt\u0131n harflerle yazd\u0131rm\u0131\u015f olan Lefter ad\u0131na, ad\u0131n\u0131n anlam\u0131 gibi \u00f6zg\u00fcr \u00e7ocuklar ve bireyler yeti\u015ftirmek i\u00e7in Afyon ili \u015euhut \u0130l\u00e7esi Mahmut K\u00f6y\u00fc \u0130lkokulu&#8217;na\u00a0bir k\u00fct\u00fcphane kuruyor.<!--more--><\/p>\n<p style=\"text-align: justify;\">G\u00f6nderebilece\u011finiz Kitaplar\u0131n T\u00fcrleri:<br \/>\n1.\u0130lkokul \u2013 Ortaokul d\u00fczeyinde roman, \u00f6yk\u00fc kitaplar\u0131.<br \/>\n2.SBS\u2019ye haz\u0131rl\u0131k kitaplar\u0131 ( Kullan\u0131lmam\u0131\u015f olmas\u0131 rica olunur. )<br \/>\n( Ansiklopedi t\u00fcr\u00fc kitaplar g\u00f6nderilmemesi rica olunur. )<\/p>\n<p><strong>Kitap G\u00f6nderim Adresi<\/strong>:<br \/>\nMand\u0131ra Cad. Yavuz Sok. No:21 Kad\u0131k\u00f6y \/ \u0130stanbul<br \/>\n<strong>\u0130leti\u015fim Numaralar\u0131<\/strong>:<br \/>\n05397664451<br \/>\n05558358122<\/p>\n<p>Kaynak: http:\/\/tr.eurosport.com<\/p>\n","protected":false},"excerpt":{"rendered":"<p>Sol A\u00e7\u0131k Taraftar Grubu, Fenerbah\u00e7e\u00a0tarihine ad\u0131n\u0131 alt\u0131n harflerle yazd\u0131rm\u0131\u015f olan Lefter ad\u0131na, ad\u0131n\u0131n anlam\u0131 gibi \u00f6zg\u00fcr \u00e7ocuklar ve bireyler yeti\u015ftirmek i\u00e7in Afyon ili \u015euhut \u0130l\u00e7esi Mahmut K\u00f6y\u00fc \u0130lkokulu&#8217;na\u00a0bir k\u00fct\u00fcphane kuruyor.<\/p>\n","protected":false},"author":1,"featured_media":0,"comment_status":"open","ping_status":"open","sticky":false,"template":"","format":"standard","meta":{"footnotes":""},"categories":[1],"tags":[400,401],"class_list":["post-7356","post","type-post","status-publish","format-standard","hentry","category-genel","tag-lefter-kutuphanesi","tag-sol-acik-taraftar-grubu"],"_links":{"self":[{"href":"https:\/\/www.bbyhaber.com\/bby\/wp-json\/wp\/v2\/posts\/7356"}],"collection":[{"href":"https:\/\/www.bbyhaber.com\/bby\/wp-json\/wp\/v2\/posts"}],"about":[{"href":"https:\/\/www.bbyhaber.com\/bby\/wp-json\/wp\/v2\/types\/post"}],"author":[{"embeddable":true,"href":"https:\/\/www.bbyhaber.com\/bby\/wp-json\/wp\/v2\/users\/1"}],"replies":[{"embeddable":true,"href":"https:\/\/www.bbyhaber.com\/bby\/wp-json\/wp\/v2\/comments?post=7356"}],"version-history":[{"count":0,"href":"https:\/\/www.bbyhaber.com\/bby\/wp-json\/wp\/v2\/posts\/7356\/revisions"}],"wp:attachment":[{"href":"https:\/\/www.bbyhaber.com\/bby\/wp-json\/wp\/v2\/media?parent=7356"}],"wp:term":[{"taxonomy":"category","embeddable":true,"href":"https:\/\/www.bbyhaber.com\/bby\/wp-json\/wp\/v2\/categories?post=7356"},{"taxonomy":"post_tag","embeddable":true,"href":"https:\/\/www.bbyhaber.com\/bby\/wp-json\/wp\/v2\/tags?post=7356"}],"curies":[{"name":"wp","href":"https:\/\/api.w.org\/{rel}","templated":true}]}}