{"id":7326,"date":"2012-10-30T14:29:11","date_gmt":"2012-10-30T11:29:11","guid":{"rendered":"http:\/\/www.bbyhaber.com\/bby\/?p=7326"},"modified":"2012-10-30T14:30:30","modified_gmt":"2012-10-30T11:30:30","slug":"kitaplar-geziyor-izmir-okuyor-gezici-kutuphane","status":"publish","type":"post","link":"https:\/\/www.bbyhaber.com\/bby\/2012\/10\/30\/kitaplar-geziyor-izmir-okuyor-gezici-kutuphane","title":{"rendered":"Kitaplar Geziyor \u0130zmir Okuyor-Gezici K\u00fct\u00fcphane"},"content":{"rendered":"<p style=\"text-align: justify;\">Konak Belediyesi ve Alsancak Rotaract Kul\u00fcb\u00fc, &#8216;Gezici K\u00fct\u00fcphane&#8217; projesini ya\u015fama ge\u00e7irdi. Alsancak Rotaract Kul\u00fcb\u00fcn\u00fcn gen\u00e7 \u00fcyeleri, Konak Belediye Ba\u015fkan\u0131 Dr. Hakan Tartan&#8217;\u0131n da deste\u011fini alarak Gezici K\u00fct\u00fcphane projesini ger\u00e7ekle\u015ftirdi. Bir konteyner i\u00e7inde kurulan k\u00fct\u00fcphane, ilk dura\u011f\u0131 G\u00fcltepe \u015eenel Aksu Park\u0131&#8217;nda yerini ald\u0131. K\u00fct\u00fcphane a\u00e7\u0131l\u0131\u015f\u0131na Konak Belediye Ba\u015fkan\u0131 Hakan Tartan, Rotary 2440 B\u00f6lge Guvern\u00f6r\u00fc G\u00fcne\u015f Erta\u015f, Alsancak Rotary Kul\u00fcb\u00fc Ba\u015fkan\u0131 Prof.Dr. \u00c7a\u011f \u00c7al, Alsancak Rotaract Kul\u00fcb\u00fc 2012-2013 D\u00f6nem Ba\u015fkan\u0131 Deniz Temel, Proje koordinat\u00f6r\u00fc Kemal Aksoy, Alsancak Rotaract Kul\u00fcb\u00fc \u00fcyeleri, G\u00fcltepe muhtarlar\u0131 ve k\u00fct\u00fcphaneyi ilgiyle kar\u015f\u0131layan \u00e7ocuklar kat\u0131ld\u0131.<!--more--><\/p>\n<p style=\"text-align: justify;\">Gezici K\u00fct\u00fcphane projesine deste\u011fi i\u00e7in Konak Belediye Ba\u015fkan\u0131 Hakan Tartan&#8217;a te\u015fekk\u00fcr eden Alsancak Rotaract Kul\u00fcb\u00fc Ba\u015fkan\u0131 Deniz Temel, &#8220;Toplumda kitap okuma bilincini olu\u015fturarak, okuma al\u0131\u015fkanl\u0131\u011f\u0131n\u0131 geli\u015ftirmek amac\u0131yla yola \u00e7\u0131kt\u0131k. Okullar\u0131n kapand\u0131\u011f\u0131 yaz d\u00f6nemine kadar k\u00fct\u00fcphanemiz d\u00f6rt b\u00f6lgede konumlanacak. G\u00fcltepe&#8217;de iki ay kalaca\u011f\u0131z. Burada \u00e7ocuklar k\u00fct\u00fcphanedeki kitaplar ve bilgisayardan yararlanabilecek&#8221; diye konu\u015ftu.<\/p>\n<p style=\"text-align: justify;\">Gen\u00e7lerin en b\u00fcy\u00fck destek\u00e7isi Konak Belediye Ba\u015fkan\u0131 Hakan Tartan da, k\u00fct\u00fcphane a\u00e7\u0131l\u0131\u015f\u0131n\u0131 Alsancak Rotaract Kul\u00fcb\u00fc \u00fcyeleri ve G\u00fcltepeli \u00e7ocuklarla birlikte ger\u00e7ekle\u015ftirdi. &#8220;Bilgi en b\u00fcy\u00fck servettir&#8221; diyen Ba\u015fkan Tartan, gen\u00e7lerle sohbetinde &#8220;\u0130zmir&#8217;in ayd\u0131nl\u0131k y\u00fcz\u00fcn\u00fc olu\u015fturan gen\u00e7ler olarak toplumu gelece\u011fe ta\u015f\u0131yorsunuz. Gezici k\u00fct\u00fcphaneyle \u00f6zellikle \u00e7ocuklara ula\u015facak ve onlara sadece okuma al\u0131\u015fkanl\u0131\u011f\u0131 de\u011fil ayn\u0131 zamanda umut da kazand\u0131racaks\u0131n\u0131z. Ben de belediye ba\u015fkan\u0131 olman\u0131n \u00f6tesinde bir a\u011fabeyiniz olarak her zaman yan\u0131n\u0131zday\u0131m&#8221;<\/p>\n<p style=\"text-align: justify;\">Kaynak: http:\/\/www.medya73.com<\/p>\n","protected":false},"excerpt":{"rendered":"<p>Konak Belediyesi ve Alsancak Rotaract Kul\u00fcb\u00fc, &#8216;Gezici K\u00fct\u00fcphane&#8217; projesini ya\u015fama ge\u00e7irdi. Alsancak Rotaract Kul\u00fcb\u00fcn\u00fcn gen\u00e7 \u00fcyeleri, Konak Belediye Ba\u015fkan\u0131 Dr. Hakan Tartan&#8217;\u0131n da deste\u011fini alarak Gezici K\u00fct\u00fcphane projesini ger\u00e7ekle\u015ftirdi. Bir konteyner i\u00e7inde kurulan k\u00fct\u00fcphane, ilk dura\u011f\u0131 G\u00fcltepe \u015eenel Aksu Park\u0131&#8217;nda yerini ald\u0131. K\u00fct\u00fcphane a\u00e7\u0131l\u0131\u015f\u0131na Konak Belediye Ba\u015fkan\u0131 Hakan Tartan, Rotary 2440 B\u00f6lge Guvern\u00f6r\u00fc G\u00fcne\u015f Erta\u015f, [&hellip;]<\/p>\n","protected":false},"author":1,"featured_media":0,"comment_status":"open","ping_status":"open","sticky":false,"template":"","format":"standard","meta":{"footnotes":""},"categories":[1,1486],"tags":[1440],"class_list":["post-7326","post","type-post","status-publish","format-standard","hentry","category-genel","category-gezici-kutuphane","tag-gezici-kutuphaneler"],"_links":{"self":[{"href":"https:\/\/www.bbyhaber.com\/bby\/wp-json\/wp\/v2\/posts\/7326"}],"collection":[{"href":"https:\/\/www.bbyhaber.com\/bby\/wp-json\/wp\/v2\/posts"}],"about":[{"href":"https:\/\/www.bbyhaber.com\/bby\/wp-json\/wp\/v2\/types\/post"}],"author":[{"embeddable":true,"href":"https:\/\/www.bbyhaber.com\/bby\/wp-json\/wp\/v2\/users\/1"}],"replies":[{"embeddable":true,"href":"https:\/\/www.bbyhaber.com\/bby\/wp-json\/wp\/v2\/comments?post=7326"}],"version-history":[{"count":0,"href":"https:\/\/www.bbyhaber.com\/bby\/wp-json\/wp\/v2\/posts\/7326\/revisions"}],"wp:attachment":[{"href":"https:\/\/www.bbyhaber.com\/bby\/wp-json\/wp\/v2\/media?parent=7326"}],"wp:term":[{"taxonomy":"category","embeddable":true,"href":"https:\/\/www.bbyhaber.com\/bby\/wp-json\/wp\/v2\/categories?post=7326"},{"taxonomy":"post_tag","embeddable":true,"href":"https:\/\/www.bbyhaber.com\/bby\/wp-json\/wp\/v2\/tags?post=7326"}],"curies":[{"name":"wp","href":"https:\/\/api.w.org\/{rel}","templated":true}]}}