{"id":7313,"date":"2012-10-28T13:59:52","date_gmt":"2012-10-28T10:59:52","guid":{"rendered":"http:\/\/www.bbyhaber.com\/bby\/?p=7313"},"modified":"2012-10-28T14:04:35","modified_gmt":"2012-10-28T11:04:35","slug":"new-yorktan-turkiyeye-umut-kopruleri","status":"publish","type":"post","link":"https:\/\/www.bbyhaber.com\/bby\/2012\/10\/28\/new-yorktan-turkiyeye-umut-kopruleri","title":{"rendered":"New York&#8217;tan T\u00fcrkiye&#8217;ye &#8216;Umut K\u00f6pr\u00fcleri&#8217;"},"content":{"rendered":"<p style=\"text-align: justify;\">\u2018Umut K\u00f6pr\u00fcleri Projesi\u2019 (Bridges of Hope Project), T\u00fcrkiye\u2019de k\u00fct\u00fcphane ihtiyac\u0131 bulunan okullarda k\u00fct\u00fcphaneler a\u00e7\u0131lmas\u0131 i\u00e7in New York\u2019ta \u00f6zel bir yard\u0131m gecesi d\u00fczenledi. New York\u2019ta ya\u015fayan hay\u0131rsever Avukat \u00c7i\u011fdem Acar\u2019\u0131n kurucu ba\u015fkanl\u0131\u011f\u0131n\u0131 yapt\u0131\u011f\u0131 ve T\u00fcrkiye\u2019deki okur-yazar \u00e7ocuk oran\u0131n\u0131n art\u0131r\u0131lmas\u0131n\u0131 ve \u00e7ocuklara \u00f6zg\u00fcven sa\u011flaman\u0131n yan\u0131 s\u0131ra e\u011fitim a\u015fk\u0131n\u0131 tatt\u0131rmay\u0131 hedefleyen Umut K\u00f6pr\u00fcleri Projesi, aralar\u0131nda TADF Ba\u015fkan\u0131 Ali \u00c7\u0131nar ve T\u00fcrkiye\u2019nin ABD\u2019deki en \u00fcnl\u00fc ve ba\u015far\u0131l\u0131 doktorlar\u0131ndan Tamer Se\u00e7kin\u2019in de oldu\u011fu New York\u2019taki T\u00fcrk ve T\u00fcrkiye dostu Amerikal\u0131 hay\u0131rseverleri, Burhanettin Bastiyal\u0131\u2019n\u0131n sahibi oldu\u011fu Midtown Loft Terrace\u2019de bir araya getirdi.<!--more--><\/p>\n<p style=\"text-align: justify;\">Hay\u0131rsever Avukat Acar\u2019\u0131n kat\u0131l\u0131mc\u0131lara te\u015fekk\u00fcr etti\u011fi gecede, MAG Dergisi M\u00fc\u015fteri Y\u00f6neticisi Elif Sallorenzo, T\u00fcrkiye\u2019ye olan sevgileri ile \u00f6ne \u00e7\u0131kan, \u2018Evet Bir bardak Daha \u00c7ay \u0130stiyorum\u2019 (Yes, I would Love Another Cup of Tea) adl\u0131 kitab\u0131n yazar\u0131 Katharine Branning ve Prof. Dr. Heath W. Lowry de kat\u0131larak, birer konu\u015fma yapt\u0131lar.<\/p>\n<p style=\"text-align: justify;\">T\u00fcrkiye\u2019de bug\u00fcne kadar 100 k\u00fct\u00fcphane a\u00e7an \u2018Umut K\u00f6pr\u00fcleri Projesi\u2019nin, E\u011fitim d\u00fczeyi d\u00fc\u015f\u00fck y\u00f6relerdeki 50 yat\u0131l\u0131 okulda, 50 k\u00fct\u00fcphane a\u00e7\u0131lmas\u0131 i\u00e7in ba\u011f\u0131\u015f toplad\u0131\u011f\u0131 gecede T\u00fcrk sanat\u00e7\u0131lar\u0131n eserleri de a\u00e7\u0131k art\u0131rmayla sat\u0131\u015fa sunuldu. A\u00e7\u0131k art\u0131rmada, Ayd\u0131n Do\u011fan Vakf\u0131 Kartikt\u00fcr Yar\u0131\u015fmas\u0131 \u00f6d\u00fcl\u00fc sahibi Necdet Y\u0131lmaz\u2019\u0131n da bir eseri yer ald\u0131.<\/p>\n<p style=\"text-align: justify;\">Kat\u0131lanlara T\u00fcrk yemeklerinin ikram edildi\u011fi gecenin ard\u0131ndan etkinlikle ilgili bilgi veren Avukat Acar, hedeflerinin T\u00fcrkiye\u2019deki yat\u0131l\u0131 ilk\u00f6\u011fretim okullar\u0131nda, k\u00f6y ilkokullar\u0131nda k\u00fct\u00fcphaneler a\u00e7mak ve e\u011fitime katk\u0131 sa\u011flamak oldu\u011funu ifade etti. Hedeflerinin sadece bununla s\u0131n\u0131rl\u0131 olmad\u0131\u011f\u0131n\u0131 belirten Acar, ayn\u0131 zamanda T\u00fcrkiye\u2019nin ABD\u2019de tan\u0131t\u0131m\u0131na katk\u0131 sa\u011flamak da oldu\u011funu kaydetti.<\/p>\n<p style=\"text-align: justify;\"><span style=\"color: #0000ff;\"><strong><a href=\"http:\/\/www.turkishny.com\/interviews\/104209-new-yorktan-hakkariye-kitap-kampanyasi-baslatacagiz\/104209-new-yorktan-hakkariye-kitap-kampanyasi-baslatacagiz\" target=\"_blank\"><span style=\"color: #0000ff;\">Kurucu ba\u015fkan Av. \u00c7i\u011fdem Acar&#8217;\u0131n proje ile ilgili r\u00f6portaj\u0131 i\u00e7in t\u0131klay\u0131n\u0131z<\/span><\/a><\/strong><\/span><\/p>\n<p style=\"text-align: justify;\">Kaynak: http:\/\/www.turkishjournal.com<\/p>\n","protected":false},"excerpt":{"rendered":"<p>\u2018Umut K\u00f6pr\u00fcleri Projesi\u2019 (Bridges of Hope Project), T\u00fcrkiye\u2019de k\u00fct\u00fcphane ihtiyac\u0131 bulunan okullarda k\u00fct\u00fcphaneler a\u00e7\u0131lmas\u0131 i\u00e7in New York\u2019ta \u00f6zel bir yard\u0131m gecesi d\u00fczenledi. New York\u2019ta ya\u015fayan hay\u0131rsever Avukat \u00c7i\u011fdem Acar\u2019\u0131n kurucu ba\u015fkanl\u0131\u011f\u0131n\u0131 yapt\u0131\u011f\u0131 ve T\u00fcrkiye\u2019deki okur-yazar \u00e7ocuk oran\u0131n\u0131n art\u0131r\u0131lmas\u0131n\u0131 ve \u00e7ocuklara \u00f6zg\u00fcven sa\u011flaman\u0131n yan\u0131 s\u0131ra e\u011fitim a\u015fk\u0131n\u0131 tatt\u0131rmay\u0131 hedefleyen Umut K\u00f6pr\u00fcleri Projesi, aralar\u0131nda TADF Ba\u015fkan\u0131 Ali [&hellip;]<\/p>\n","protected":false},"author":1,"featured_media":0,"comment_status":"open","ping_status":"open","sticky":false,"template":"","format":"standard","meta":{"footnotes":""},"categories":[1],"tags":[398],"class_list":["post-7313","post","type-post","status-publish","format-standard","hentry","category-genel","tag-umut-kopruleri-projesi"],"_links":{"self":[{"href":"https:\/\/www.bbyhaber.com\/bby\/wp-json\/wp\/v2\/posts\/7313"}],"collection":[{"href":"https:\/\/www.bbyhaber.com\/bby\/wp-json\/wp\/v2\/posts"}],"about":[{"href":"https:\/\/www.bbyhaber.com\/bby\/wp-json\/wp\/v2\/types\/post"}],"author":[{"embeddable":true,"href":"https:\/\/www.bbyhaber.com\/bby\/wp-json\/wp\/v2\/users\/1"}],"replies":[{"embeddable":true,"href":"https:\/\/www.bbyhaber.com\/bby\/wp-json\/wp\/v2\/comments?post=7313"}],"version-history":[{"count":0,"href":"https:\/\/www.bbyhaber.com\/bby\/wp-json\/wp\/v2\/posts\/7313\/revisions"}],"wp:attachment":[{"href":"https:\/\/www.bbyhaber.com\/bby\/wp-json\/wp\/v2\/media?parent=7313"}],"wp:term":[{"taxonomy":"category","embeddable":true,"href":"https:\/\/www.bbyhaber.com\/bby\/wp-json\/wp\/v2\/categories?post=7313"},{"taxonomy":"post_tag","embeddable":true,"href":"https:\/\/www.bbyhaber.com\/bby\/wp-json\/wp\/v2\/tags?post=7313"}],"curies":[{"name":"wp","href":"https:\/\/api.w.org\/{rel}","templated":true}]}}