{"id":7282,"date":"2012-10-24T13:12:07","date_gmt":"2012-10-24T10:12:07","guid":{"rendered":"http:\/\/www.bbyhaber.com\/bby\/?p=7282"},"modified":"2012-10-24T13:12:08","modified_gmt":"2012-10-24T10:12:08","slug":"kermes-ve-kutuphane-acilisi-edirne","status":"publish","type":"post","link":"https:\/\/www.bbyhaber.com\/bby\/2012\/10\/24\/kermes-ve-kutuphane-acilisi-edirne","title":{"rendered":"Kermes ve k\u00fct\u00fcphane a\u00e7\u0131l\u0131\u015f\u0131-Edirne"},"content":{"rendered":"<p style=\"text-align: justify;\">Edirne\u2019nin Ke\u015fan \u0130l\u00e7esi\u2019nde Ke\u015fan Lisesi Okul Aile Birli\u011fi y\u00f6netimince d\u00fczenlenen yiyecek kermesinde, okul b\u00fcnyesinde haz\u0131rlanan k\u00fct\u00fcphanenin a\u00e7\u0131l\u0131\u015f\u0131 yap\u0131ld\u0131. Yiyecek kermesi ve k\u00fct\u00fcphane a\u00e7\u0131l\u0131\u015f\u0131na, Ke\u015fan Belediye Ba\u015fkan Yard\u0131mc\u0131s\u0131 Cemil K\u0131lavuz, \u0130\u015fadam\u0131 Sadettin Tarhan, baz\u0131 okul m\u00fcd\u00fcrleri, \u00f6\u011fretmenler ile veliler ve \u00f6\u011frenciler kat\u0131ld\u0131. <!--more--><\/p>\n<p style=\"text-align: justify;\">Kermese kat\u0131lanlar ilk olarak k\u00fct\u00fcphanenin a\u00e7\u0131l\u0131\u015f\u0131n\u0131 ger\u00e7ekle\u015ftirdi. A\u00e7\u0131l\u0131\u015fta konu\u015fan Okul M\u00fcd\u00fcr\u00fc Turgut Y\u0131ld\u0131z, k\u00fct\u00fcphanenin a\u00e7\u0131lmas\u0131nda b\u00fcy\u00fck katk\u0131s\u0131 olan Tarhan\u2019a te\u015fekk\u00fcr etti. K\u00fct\u00fcphanedeki kitap say\u0131s\u0131n\u0131n d\u00fcn itibar\u0131yla bin 800 oldu\u011funu, ancak bir okul i\u00e7in bu say\u0131n\u0131n yeterli olmad\u0131\u011f\u0131na dikkat \u00e7eken Y\u0131ld\u0131z, hedeflerinin 10 bin kitab\u0131 k\u00fct\u00fcphanede haz\u0131r hale getirmek oldu\u011funu ifade ederek, Ke\u015fanl\u0131lardan bu konuda destek istedi. Turgut Y\u0131ld\u0131z, k\u00fct\u00fcphaneden sadece \u00f6\u011frencilerin de\u011fil, Ke\u015fan halk\u0131n\u0131n da faydalanabilece\u011fini s\u00f6yledi. K\u00fct\u00fcphanenin a\u00e7\u0131l\u0131\u015f\u0131ndan sonra, Tarhan ve kendilerine destek verenlere plaket ile \u00e7e\u015fitli hediyeler verilirken, a\u00e7\u0131l\u0131\u015fa kat\u0131lan konuklara ikramda bulunuldu. \u00d6ten yandan, \u00f6\u011frenciler, d\u00fczenlenen kermeste \u00e7alan \u015fark\u0131lar e\u015fli\u011finde oynayarak e\u011flendi.<\/p>\n<p style=\"text-align: justify;\">Kaynak: http:\/\/www.anayurtgazetesi.com<\/p>\n","protected":false},"excerpt":{"rendered":"<p>Edirne\u2019nin Ke\u015fan \u0130l\u00e7esi\u2019nde Ke\u015fan Lisesi Okul Aile Birli\u011fi y\u00f6netimince d\u00fczenlenen yiyecek kermesinde, okul b\u00fcnyesinde haz\u0131rlanan k\u00fct\u00fcphanenin a\u00e7\u0131l\u0131\u015f\u0131 yap\u0131ld\u0131. Yiyecek kermesi ve k\u00fct\u00fcphane a\u00e7\u0131l\u0131\u015f\u0131na, Ke\u015fan Belediye Ba\u015fkan Yard\u0131mc\u0131s\u0131 Cemil K\u0131lavuz, \u0130\u015fadam\u0131 Sadettin Tarhan, baz\u0131 okul m\u00fcd\u00fcrleri, \u00f6\u011fretmenler ile veliler ve \u00f6\u011frenciler kat\u0131ld\u0131.<\/p>\n","protected":false},"author":1,"featured_media":0,"comment_status":"open","ping_status":"open","sticky":false,"template":"","format":"standard","meta":{"footnotes":""},"categories":[1],"tags":[845],"class_list":["post-7282","post","type-post","status-publish","format-standard","hentry","category-genel","tag-okul-kutuphaneleri"],"_links":{"self":[{"href":"https:\/\/www.bbyhaber.com\/bby\/wp-json\/wp\/v2\/posts\/7282"}],"collection":[{"href":"https:\/\/www.bbyhaber.com\/bby\/wp-json\/wp\/v2\/posts"}],"about":[{"href":"https:\/\/www.bbyhaber.com\/bby\/wp-json\/wp\/v2\/types\/post"}],"author":[{"embeddable":true,"href":"https:\/\/www.bbyhaber.com\/bby\/wp-json\/wp\/v2\/users\/1"}],"replies":[{"embeddable":true,"href":"https:\/\/www.bbyhaber.com\/bby\/wp-json\/wp\/v2\/comments?post=7282"}],"version-history":[{"count":0,"href":"https:\/\/www.bbyhaber.com\/bby\/wp-json\/wp\/v2\/posts\/7282\/revisions"}],"wp:attachment":[{"href":"https:\/\/www.bbyhaber.com\/bby\/wp-json\/wp\/v2\/media?parent=7282"}],"wp:term":[{"taxonomy":"category","embeddable":true,"href":"https:\/\/www.bbyhaber.com\/bby\/wp-json\/wp\/v2\/categories?post=7282"},{"taxonomy":"post_tag","embeddable":true,"href":"https:\/\/www.bbyhaber.com\/bby\/wp-json\/wp\/v2\/tags?post=7282"}],"curies":[{"name":"wp","href":"https:\/\/api.w.org\/{rel}","templated":true}]}}