{"id":7272,"date":"2012-10-23T19:33:10","date_gmt":"2012-10-23T16:33:10","guid":{"rendered":"http:\/\/www.bbyhaber.com\/bby\/?p=7272"},"modified":"2013-04-09T10:15:50","modified_gmt":"2013-04-09T07:15:50","slug":"cankiri-ucaktan-kutuphane-yapilacak","status":"publish","type":"post","link":"https:\/\/www.bbyhaber.com\/bby\/2012\/10\/23\/cankiri-ucaktan-kutuphane-yapilacak","title":{"rendered":"\u00c7ank\u0131r\u0131&#8217;ya &#8220;U\u00e7aktan K\u00fct\u00fcphane&#8221; Yap\u0131lacak"},"content":{"rendered":"<p style=\"text-align: justify;\">\u00c7ank\u0131r\u0131 Belediye Ba\u015fkan\u0131 \u0130rfan Din\u00e7, \u00e7ocuklar i\u00e7in u\u00e7aktan bir k\u00fct\u00fcphane yapacaklar\u0131n\u0131 s\u00f6yledi. Ba\u015fkan Din\u00e7, d\u00fczenledi\u011fi bas\u0131n toplant\u0131s\u0131nda, &#8220;18 ayda 18 proje&#8221; kapsam\u0131nda yapacaklar\u0131 18 projenin bir \u00e7o\u011funda \u00e7al\u0131\u015fmalar\u0131n ba\u015flad\u0131\u011f\u0131n\u0131 belirten Din\u00e7, bu projeleri bir an \u00f6nce tamamlamay\u0131 hedeflediklerini kaydetti. Se\u00e7im beyannamesinde de bulunan U\u00e7ak K\u00fct\u00fcphanesi&#8217;nde de sona yakla\u015f\u0131ld\u0131\u011f\u0131n\u0131 ifade eden Din\u00e7, &#8220;K\u00fct\u00fcphane olarak kullan\u0131lacak u\u00e7a\u011f\u0131n ihalesi tamamland\u0131. \u015eimdi par\u00e7alan\u0131p \u00c7ank\u0131r\u0131&#8217;ya getirilmesini bekliyoruz. Buraya gelince tekrardan montaj\u0131 yap\u0131lacak&#8221; dedi.<!--more--><\/p>\n<p style=\"text-align: justify;\">Esentepe K\u00f6pr\u00fcs\u00fc&#8217;n\u00fcn yan\u0131ndaki arsaya yap\u0131lacak olan k\u00fct\u00fcphanenin i\u00e7erisinde k\u00fc\u00e7\u00fck bir kafe ve \u00f6\u011frencilerin oturup ders \u00e7al\u0131\u015faca\u011f\u0131 bir yer olaca\u011f\u0131n\u0131 aktaran Din\u00e7, u\u00e7a\u011f\u0131n bir b\u00f6l\u00fcm\u00fcndeki koltuklar\u0131n s\u00f6k\u00fclmeyece\u011fini ve \u00e7ocuklar\u0131n yolculuk yapar gibi koltuklarda kitap okuyacaklar\u0131n\u0131 kaydetti.<\/p>\n<p style=\"text-align: justify;\">Kaynak: http:\/\/www.haberciniz.biz\/<\/p>\n","protected":false},"excerpt":{"rendered":"<p>\u00c7ank\u0131r\u0131 Belediye Ba\u015fkan\u0131 \u0130rfan Din\u00e7, \u00e7ocuklar i\u00e7in u\u00e7aktan bir k\u00fct\u00fcphane yapacaklar\u0131n\u0131 s\u00f6yledi. Ba\u015fkan Din\u00e7, d\u00fczenledi\u011fi bas\u0131n toplant\u0131s\u0131nda, &#8220;18 ayda 18 proje&#8221; kapsam\u0131nda yapacaklar\u0131 18 projenin bir \u00e7o\u011funda \u00e7al\u0131\u015fmalar\u0131n ba\u015flad\u0131\u011f\u0131n\u0131 belirten Din\u00e7, bu projeleri bir an \u00f6nce tamamlamay\u0131 hedeflediklerini kaydetti. Se\u00e7im beyannamesinde de bulunan U\u00e7ak K\u00fct\u00fcphanesi&#8217;nde de sona yakla\u015f\u0131ld\u0131\u011f\u0131n\u0131 ifade eden Din\u00e7, &#8220;K\u00fct\u00fcphane olarak kullan\u0131lacak u\u00e7a\u011f\u0131n [&hellip;]<\/p>\n","protected":false},"author":1,"featured_media":0,"comment_status":"open","ping_status":"open","sticky":false,"template":"","format":"standard","meta":{"footnotes":""},"categories":[1],"tags":[395],"class_list":["post-7272","post","type-post","status-publish","format-standard","hentry","category-genel","tag-ucak-kutuphane"],"_links":{"self":[{"href":"https:\/\/www.bbyhaber.com\/bby\/wp-json\/wp\/v2\/posts\/7272"}],"collection":[{"href":"https:\/\/www.bbyhaber.com\/bby\/wp-json\/wp\/v2\/posts"}],"about":[{"href":"https:\/\/www.bbyhaber.com\/bby\/wp-json\/wp\/v2\/types\/post"}],"author":[{"embeddable":true,"href":"https:\/\/www.bbyhaber.com\/bby\/wp-json\/wp\/v2\/users\/1"}],"replies":[{"embeddable":true,"href":"https:\/\/www.bbyhaber.com\/bby\/wp-json\/wp\/v2\/comments?post=7272"}],"version-history":[{"count":0,"href":"https:\/\/www.bbyhaber.com\/bby\/wp-json\/wp\/v2\/posts\/7272\/revisions"}],"wp:attachment":[{"href":"https:\/\/www.bbyhaber.com\/bby\/wp-json\/wp\/v2\/media?parent=7272"}],"wp:term":[{"taxonomy":"category","embeddable":true,"href":"https:\/\/www.bbyhaber.com\/bby\/wp-json\/wp\/v2\/categories?post=7272"},{"taxonomy":"post_tag","embeddable":true,"href":"https:\/\/www.bbyhaber.com\/bby\/wp-json\/wp\/v2\/tags?post=7272"}],"curies":[{"name":"wp","href":"https:\/\/api.w.org\/{rel}","templated":true}]}}