{"id":7265,"date":"2012-10-23T19:09:16","date_gmt":"2012-10-23T16:09:16","guid":{"rendered":"http:\/\/www.bbyhaber.com\/bby\/?p=7265"},"modified":"2012-10-29T22:06:00","modified_gmt":"2012-10-29T19:06:00","slug":"20-ataturk-cocuklari-kutuphanesi-aciliyor","status":"publish","type":"post","link":"https:\/\/www.bbyhaber.com\/bby\/2012\/10\/23\/20-ataturk-cocuklari-kutuphanesi-aciliyor","title":{"rendered":"20. Atat\u00fcrk \u00c7ocuklar\u0131 K\u00fct\u00fcphanesi A\u00e7\u0131l\u0131yor"},"content":{"rendered":"<p style=\"text-align: justify;\"><a href=\"http:\/\/www.bbyhaber.com\/bby\/wp-content\/uploads\/2011\/11\/61.jpg\"><img loading=\"lazy\" decoding=\"async\" class=\"alignleft\" src=\"http:\/\/www.bbyhaber.com\/bby\/wp-content\/uploads\/2011\/11\/61.jpg\" alt=\"\" width=\"179\" height=\"70\" \/><\/a>T\u00fcrkiye\u2019de, k\u00fct\u00fcphane olmayan k\u00f6ylere <a href=\"http:\/\/www.ataturkcocuklarikutuphanesi.org\/\" target=\"_blank\"><strong>Atat\u00fcrk \u00c7ocuklar\u0131 K\u00fct\u00fcphanesi<\/strong><\/a> ad\u0131 alt\u0131nda <strong>K\u00f6y K\u00fct\u00fcphaneleri <\/strong>a\u00e7mak amac\u0131yla kurulan &#8220;<a href=\"http:\/\/www.facebook.com\/groups\/313558925324599\/\" target=\"_blank\"><strong>K\u00f6y \u00c7ocuklar\u0131 K\u00fct\u00fcphaneleri Olu\u015fturma, K\u00fclt\u00fcr- Sanat ve Dayan\u0131\u015fma Derne\u011fi<\/strong><\/a>&#8220;; 20. K\u00fct\u00fcphanesini \u0130zmir\/Menemen-S\u00fcleymanl\u0131 K\u00f6y\u00fc&#8217;ne 3.500 adet kitapla a\u00e7\u0131yor.<!--more--><\/p>\n<p><strong>\u0130leti\u015fim:<\/strong><\/p>\n<p><strong>Adres: 11\/2 Sokak No: 18\/A \u00dc\u00e7kuyular \u2013 \u0130ZM\u0130R<\/strong><\/p>\n<p><strong>Tel<\/strong> <strong>: <\/strong>0232 246 82 46<br \/>\n<strong>GSM : <\/strong>0533 030 91 00<br \/>\n<strong>Web<\/strong> <strong>:<\/strong> <a href=\"http:\/\/www.ataturkcocuklarikutuphanesi.org\/\" target=\"_blank\">www.ataturkcocuklarikutuphanesi.org<\/a><\/p>\n<table width=\"455\" border=\"1\">\n<tbody>\n<tr>\n<td colspan=\"3\">\n<div align=\"center\"><span style=\"color: #000080;\"><strong><span class=\"stil8\">K\u00f6y \u00c7ocuklar\u0131 K\u00fct\u00fcphaneleri Olu\u015fturma<br \/>\nK\u00fclt\u00fcr-Sanat ve Dayan\u0131\u015fma Derne\u011finin<br \/>\nA\u00e7t\u0131\u011f\u0131 K\u00fct\u00fcphaneler<\/span><\/strong><\/span><\/div>\n<\/td>\n<\/tr>\n<tr>\n<td width=\"44\">\n<div align=\"center\"><span style=\"color: #ff0000;\"><strong><span class=\"stil4\">No<\/span><\/strong><\/span><\/div>\n<\/td>\n<td width=\"123\">\n<div class=\"stil4\" align=\"center\">\n<div align=\"center\"><span style=\"color: #ff0000;\"><strong>A\u00e7\u0131ld\u0131\u011f\u0131 Tarih<\/strong><\/span><\/div>\n<\/div>\n<\/td>\n<td width=\"266\">\n<div class=\"stil4\" align=\"center\">\n<div align=\"center\"><span style=\"color: #ff0000;\"><strong>Yer<\/strong><\/span><\/div>\n<\/div>\n<\/td>\n<\/tr>\n<tr>\n<td>\n<div class=\"stil11\" align=\"center\">1<\/div>\n<\/td>\n<td>\n<div align=\"center\"><strong>11 Ekim 2006<\/strong><\/div>\n<\/td>\n<td>\n<div class=\"stil15\" align=\"center\">\n<div align=\"center\">\u0130zmir\/Urla-Uzunkuyu K\u00f6y\u00fc<\/div>\n<\/div>\n<\/td>\n<\/tr>\n<tr>\n<td>\n<div class=\"stil11\" align=\"center\">2<\/div>\n<\/td>\n<td>\n<div align=\"center\"><strong>25 Mart 2007<\/strong><\/div>\n<\/td>\n<td>\n<div class=\"stil15\" align=\"center\">\n<div align=\"center\">\u0130zmir\/Bay\u0131nd\u0131r-Sar\u0131yurt K\u00f6y\u00fc<\/div>\n<\/div>\n<\/td>\n<\/tr>\n<tr>\n<td>\n<div class=\"stil11\" align=\"center\">3<\/div>\n<\/td>\n<td>\n<div align=\"center\"><strong>08 Ekim 2007<\/strong><\/div>\n<\/td>\n<td>\n<div class=\"stil15\" align=\"center\">\n<div align=\"center\">Rize\/F\u0131nd\u0131kl\u0131-\u00c7a\u011flayan K\u00f6y\u00fc<\/div>\n<\/div>\n<\/td>\n<\/tr>\n<tr>\n<td>\n<div class=\"stil11\" align=\"center\">4<\/div>\n<\/td>\n<td>\n<div align=\"center\"><strong>10 Haziran 2008<\/strong><\/div>\n<\/td>\n<td>\n<div class=\"stil15\" align=\"center\">\n<div align=\"center\">\u0130zmir\/Kiraz-Suludere K\u00f6y\u00fc<\/div>\n<\/div>\n<\/td>\n<\/tr>\n<tr>\n<td>\n<div class=\"stil11\" align=\"center\">5<\/div>\n<\/td>\n<td>\n<div align=\"center\"><strong>28 \u015eubat 2009<\/strong><\/div>\n<\/td>\n<td>\n<div class=\"stil15\" align=\"center\">\n<div align=\"center\">\u0130zmir\/Karaba\u011flar-Kavac\u0131k K\u00f6y\u00fc<\/div>\n<\/div>\n<\/td>\n<\/tr>\n<tr>\n<td>\n<div class=\"stil11\" align=\"center\">6<\/div>\n<\/td>\n<td>\n<div align=\"center\"><strong>04 Nisan 2009<\/strong><\/div>\n<\/td>\n<td>\n<div class=\"stil15\" align=\"center\">\n<div align=\"center\">\u0130zmir\/\u00d6demi\u015f-Hamam K\u00f6y\u00fc<\/div>\n<\/div>\n<\/td>\n<\/tr>\n<tr>\n<td>\n<div class=\"stil11\" align=\"center\">7<\/div>\n<\/td>\n<td>\n<div align=\"center\"><strong>20 Temmuz 2009<\/strong><\/div>\n<\/td>\n<td>\n<div class=\"stil15\" align=\"center\">\n<div align=\"center\">Afyon\/Emirda\u011f-Ekizce K\u00f6y\u00fc<\/div>\n<\/div>\n<\/td>\n<\/tr>\n<tr>\n<td>\n<div class=\"stil11\" align=\"center\">8<\/div>\n<\/td>\n<td>\n<div align=\"center\"><strong>23 Ekim 2009<\/strong><\/div>\n<\/td>\n<td>\n<div class=\"stil15\" align=\"center\">\n<div align=\"center\">\u0130zmir\/\u00c7i\u011fli-Kakl\u0131\u00e7 K\u00f6y\u00fc<\/div>\n<\/div>\n<\/td>\n<\/tr>\n<tr>\n<td>\n<div class=\"stil11\" align=\"center\">9<\/div>\n<\/td>\n<td>\n<div align=\"center\"><strong>26 Aral\u0131k 2009<\/strong><\/div>\n<\/td>\n<td>\n<div class=\"stil15\" align=\"center\">\n<div align=\"center\">\u0130zmir\/Bay\u0131nd\u0131r-\u00c7\u0131rp\u0131 K\u00f6y\u00fc<\/div>\n<\/div>\n<\/td>\n<\/tr>\n<tr>\n<td>\n<div class=\"stil11\" align=\"center\">10<\/div>\n<\/td>\n<td>\n<div align=\"center\"><strong>03 Nisan 2010<\/strong><\/div>\n<\/td>\n<td>\n<div class=\"stil15\" align=\"center\">\n<div align=\"center\">\u0130zmir\/Seferihisar-Orhanl\u0131 K\u00f6y\u00fc<\/div>\n<\/div>\n<\/td>\n<\/tr>\n<tr>\n<td>\n<div class=\"stil11\" align=\"center\">11<\/div>\n<\/td>\n<td>\n<div align=\"center\"><strong>16 Haziran 2010<\/strong><\/div>\n<\/td>\n<td>\n<div class=\"stil15\" align=\"center\">\n<div align=\"center\">\u0130zmir\/Torbal\u0131- Korucuk K\u00f6y\u00fc<\/div>\n<\/div>\n<\/td>\n<\/tr>\n<tr>\n<td>\n<div class=\"stil11\" align=\"center\">\n<div align=\"center\">12<\/div>\n<\/div>\n<\/td>\n<td>\n<div align=\"center\"><strong>9 Ekim 2010<\/strong><\/div>\n<\/td>\n<td>\n<div class=\"stil15\" align=\"center\">\n<div align=\"center\">\u0130zmir\/Seferihisar \u0130l\u00e7esi<\/div>\n<\/div>\n<\/td>\n<\/tr>\n<tr>\n<td>\n<div class=\"stil11\" align=\"center\">\n<div align=\"center\">13<\/div>\n<\/div>\n<\/td>\n<td>\n<div align=\"center\"><strong>25 Aral\u0131k 2010<\/strong><\/div>\n<\/td>\n<td>\n<div class=\"stil15\" align=\"center\">\n<div align=\"center\">Manisa\/Salihli-G\u00f6key\u00fcp Beldesi<\/div>\n<\/div>\n<\/td>\n<\/tr>\n<tr>\n<td>\n<div class=\"stil11\" align=\"center\">14<\/div>\n<\/td>\n<td>\n<div align=\"center\">\u200e<strong>14 Nisan 2011<\/strong><\/div>\n<\/td>\n<td>\n<div class=\"stil16\" align=\"center\">\n<div align=\"center\">\u0130zmir\/Seferihisar-G\u00f6dence K\u00f6y\u00fc<\/div>\n<\/div>\n<\/td>\n<\/tr>\n<tr>\n<td>\n<div class=\"stil11\" align=\"center\">15<\/div>\n<\/td>\n<td>\n<div align=\"center\">\u200e<strong><span class=\"stil18\">29 May\u0131s 2011<\/span><\/strong><\/div>\n<\/td>\n<td>\n<div class=\"stil16\" align=\"center\">\n<div class=\"stil15\" align=\"center\">\u0130zmir\/Tire-K\u0131rtepe K\u00f6y\u00fc<\/div>\n<\/div>\n<\/td>\n<\/tr>\n<tr>\n<td>\n<div class=\"stil19\" align=\"center\">\n<div class=\"stil11\" align=\"center\">16<\/div>\n<\/div>\n<\/td>\n<td>\n<div class=\"stil19\" align=\"center\">\n<div align=\"center\">\u200e<strong><span class=\"stil18\">25 Eyl\u00fcl 2011<\/span><\/strong><\/div>\n<\/div>\n<\/td>\n<td>\n<div class=\"stil19\" align=\"center\">\n<div align=\"center\">\n<div class=\"stil16\" align=\"center\">\u0130zmir\/\u00d6demi\u015f-B\u0131\u00e7ak\u00e7\u0131 K\u00f6y\u00fc<\/div>\n<\/div>\n<\/div>\n<\/td>\n<\/tr>\n<tr>\n<td>\n<div class=\"stil19\" align=\"center\">\n<div class=\"stil11\" align=\"center\">17<\/div>\n<\/div>\n<\/td>\n<td>\n<div align=\"center\">\n<div align=\"center\">\u200e<strong>29 Ekim 2011<\/strong><\/div>\n<\/div>\n<\/td>\n<td>\n<div align=\"center\">\n<div align=\"center\">\n<div class=\"stil16\" align=\"center\">\u0130zmir\/Bay\u0131nd\u0131r-Zeytinova Beldesi<\/div>\n<\/div>\n<\/div>\n<\/td>\n<\/tr>\n<tr>\n<td>\n<div class=\"stil19\" align=\"center\">\n<div class=\"stil11\" align=\"center\">18<\/div>\n<\/div>\n<\/td>\n<td>\n<div align=\"center\">\n<div align=\"center\">\u200e<strong>10 Mart 2012<\/strong><\/div>\n<\/div>\n<\/td>\n<td>\n<div align=\"center\">\n<div align=\"center\">\n<div class=\"stil16\" align=\"center\">\u0130zmir\/Emiralem-Alani\u00e7i K\u00f6y\u00fc<\/div>\n<\/div>\n<\/div>\n<\/td>\n<\/tr>\n<tr>\n<td>\n<div class=\"stil19\" align=\"center\">\n<div class=\"stil11\" align=\"center\"><span style=\"color: #000000;\">19<\/span><\/div>\n<\/div>\n<\/td>\n<td>\n<div align=\"center\">\n<div align=\"center\">\u200e<strong><span style=\"color: #000000;\">29 May\u0131s 2012<\/span><\/strong><\/div>\n<\/div>\n<\/td>\n<td>\n<div align=\"center\">\n<div align=\"center\">\n<div class=\"stil16\" align=\"center\"><span style=\"color: #000000;\">\u0130zmir\/\u00d6demi\u015f-Mescitli K\u00f6y\u00fc<\/span><\/div>\n<\/div>\n<\/div>\n<\/td>\n<\/tr>\n<tr>\n<td>\n<div class=\"stil19\" align=\"center\">\n<div class=\"stil11\" align=\"center\"><span style=\"color: #ff0000;\"><strong>20<\/strong><\/span><\/div>\n<\/div>\n<\/td>\n<td>\n<div align=\"center\">\n<div align=\"center\">\u200e<span style=\"color: #ff0000;\"><strong>03 Kas\u0131m 2012<\/strong><\/span><\/div>\n<\/div>\n<\/td>\n<td>\n<div align=\"center\">\n<div align=\"center\">\n<div class=\"stil16\" align=\"center\"><strong><span style=\"color: #ff0000;\">\u0130zmir\/Menemen-S\u00fcleymanl\u0131 K\u00f6y\u00fc<\/span><\/strong><\/div>\n<\/div>\n<\/div>\n<\/td>\n<\/tr>\n<\/tbody>\n<\/table>\n","protected":false},"excerpt":{"rendered":"<p>T\u00fcrkiye\u2019de, k\u00fct\u00fcphane olmayan k\u00f6ylere Atat\u00fcrk \u00c7ocuklar\u0131 K\u00fct\u00fcphanesi ad\u0131 alt\u0131nda K\u00f6y K\u00fct\u00fcphaneleri a\u00e7mak amac\u0131yla kurulan &#8220;K\u00f6y \u00c7ocuklar\u0131 K\u00fct\u00fcphaneleri Olu\u015fturma, K\u00fclt\u00fcr- Sanat ve Dayan\u0131\u015fma Derne\u011fi&#8220;; 20. K\u00fct\u00fcphanesini \u0130zmir\/Menemen-S\u00fcleymanl\u0131 K\u00f6y\u00fc&#8217;ne 3.500 adet kitapla a\u00e7\u0131yor.<\/p>\n","protected":false},"author":1,"featured_media":0,"comment_status":"open","ping_status":"open","sticky":false,"template":"","format":"standard","meta":{"footnotes":""},"categories":[1539,1],"tags":[],"class_list":["post-7265","post","type-post","status-publish","format-standard","hentry","category-ataturk-cocuklari-kutuphanesi","category-genel"],"_links":{"self":[{"href":"https:\/\/www.bbyhaber.com\/bby\/wp-json\/wp\/v2\/posts\/7265"}],"collection":[{"href":"https:\/\/www.bbyhaber.com\/bby\/wp-json\/wp\/v2\/posts"}],"about":[{"href":"https:\/\/www.bbyhaber.com\/bby\/wp-json\/wp\/v2\/types\/post"}],"author":[{"embeddable":true,"href":"https:\/\/www.bbyhaber.com\/bby\/wp-json\/wp\/v2\/users\/1"}],"replies":[{"embeddable":true,"href":"https:\/\/www.bbyhaber.com\/bby\/wp-json\/wp\/v2\/comments?post=7265"}],"version-history":[{"count":0,"href":"https:\/\/www.bbyhaber.com\/bby\/wp-json\/wp\/v2\/posts\/7265\/revisions"}],"wp:attachment":[{"href":"https:\/\/www.bbyhaber.com\/bby\/wp-json\/wp\/v2\/media?parent=7265"}],"wp:term":[{"taxonomy":"category","embeddable":true,"href":"https:\/\/www.bbyhaber.com\/bby\/wp-json\/wp\/v2\/categories?post=7265"},{"taxonomy":"post_tag","embeddable":true,"href":"https:\/\/www.bbyhaber.com\/bby\/wp-json\/wp\/v2\/tags?post=7265"}],"curies":[{"name":"wp","href":"https:\/\/api.w.org\/{rel}","templated":true}]}}