{"id":7255,"date":"2012-10-22T23:02:02","date_gmt":"2012-10-22T20:02:02","guid":{"rendered":"http:\/\/www.bbyhaber.com\/bby\/?p=7255"},"modified":"2012-10-22T23:03:56","modified_gmt":"2012-10-22T20:03:56","slug":"tarsusta-hayirseverden-okula-kutuphane-yapimi","status":"publish","type":"post","link":"https:\/\/www.bbyhaber.com\/bby\/2012\/10\/22\/tarsusta-hayirseverden-okula-kutuphane-yapimi","title":{"rendered":"Tarsus&#8217;ta hay\u0131rseverden okula k\u00fct\u00fcphane yap\u0131m\u0131"},"content":{"rendered":"<p style=\"text-align: justify;\"><img loading=\"lazy\" decoding=\"async\" class=\"alignleft\" src=\"http:\/\/tarsus.meb.gov.tr\/meb_iys_dosyalar\/2012_10\/k_21105015_tarsus_ktphane2.jpg\" alt=\"\" width=\"120\" height=\"100\" \/>Tarsus&#8217;ta Saime \u00d6z\u00e7\u00fcr\u00fcmez \u0130lk\u00f6\u011fretim Okulu&#8217;na hay\u0131rsever i\u015f kad\u0131n\u0131 Esra Ayd\u0131n taraf\u0131ndan olu\u015fturulan k\u00fct\u00fcphane ve okuma salonu t\u00f6renle hizmete a\u00e7\u0131ld\u0131.\u00a0K\u00fct\u00fcphane a\u00e7\u0131l\u0131\u015f\u0131na Milli E\u011fitim M\u00fcd\u00fcr\u00fc Ahmet Sefa Demir, \u015eube M\u00fcd\u00fcr\u00fc Fatih T\u00fcrkmen, okul m\u00fcd\u00fcr\u00fc Mustafa Tulay, hay\u0131rsever Esra Ayd\u0131n, \u00f6\u011fretmen ve \u00f6\u011frenciler kat\u0131ld\u0131.<!--more--><\/p>\n<p style=\"text-align: justify;\">Milli E\u011fitim M\u00fcd\u00fcr\u00fc Ahmet Sefa Demir, hay\u0131rsever i\u015f kad\u0131n\u0131 Esra Ayd\u0131n taraf\u0131ndan yapt\u0131r\u0131lan k\u00fct\u00fcphane ve okuma salonunun, \u00f6\u011frencilerin bilgi \u00e7a\u011f\u0131nda olanaklardan en iyi \u015fekilde yararlanmas\u0131na \u00f6nemli katk\u0131 sunaca\u011f\u0131n\u0131 s\u00f6yledi.\u00a0Demir, ama\u00e7lar\u0131n\u0131n Tarsus&#8217;ta e\u011fitimde ba\u015far\u0131 \u00e7\u0131tas\u0131n\u0131 daha da y\u00fckseklere \u00e7\u0131karmak oldu\u011funu belirterek, e\u011fitime katk\u0131 sunan Esra Ayd\u0131n\u00b4a katk\u0131lar\u0131ndan dolay\u0131 te\u015fekk\u00fcr etti.\u00a0Hay\u0131rsever i\u015f kad\u0131n\u0131 Esra Ayd\u0131n ise, 260 \u00f6\u011frencinin e\u011fitim ve \u00f6\u011fretim g\u00f6rd\u00fc\u011f\u00fc okulun di\u011fer ihtiya\u00e7lar\u0131n\u0131n da kar\u015f\u0131lanmas\u0131 i\u00e7in bundan sonra da destek vermeye devam edece\u011fini belirterek, &#8220;E\u011fitim kurumlar\u0131na destek vermekten b\u00fcy\u00fck mutluluk duyuyorum. \u00c7ocuklar\u0131n gelece\u011fe en iyi \u015fekilde haz\u0131rlanmalar\u0131 i\u00e7in bizlerin de destek olmas\u0131 gerekiyor. \u0130mkanlar \u00f6l\u00e7\u00fcs\u00fcnde bu t\u00fcr yard\u0131mlar\u0131 yapmaya devam edece\u011fim&#8221; diye konu\u015ftu.<\/p>\n<p style=\"text-align: justify;\">Konu\u015fmalar\u0131n ard\u0131ndan i\u00e7inde y\u00fczlerce kitap ve bilgisayar\u0131n da bulundu\u011fu k\u00fct\u00fcphanenin a\u00e7\u0131l\u0131\u015f kurdelas\u0131 kesildi ve Milli E\u011fitim M\u00fcd\u00fcr\u00fc Ahmet Sefa Demir, hay\u0131rsever Esra Ayd\u0131n\u00b4a deste\u011fi nedeniyle \u015f\u00fckran plaketi sundu.<\/p>\n<p style=\"text-align: justify;\">Kaynak:\u00a0http:\/\/tarsus.meb.gov.tr<\/p>\n","protected":false},"excerpt":{"rendered":"<p>Tarsus&#8217;ta Saime \u00d6z\u00e7\u00fcr\u00fcmez \u0130lk\u00f6\u011fretim Okulu&#8217;na hay\u0131rsever i\u015f kad\u0131n\u0131 Esra Ayd\u0131n taraf\u0131ndan olu\u015fturulan k\u00fct\u00fcphane ve okuma salonu t\u00f6renle hizmete a\u00e7\u0131ld\u0131.\u00a0K\u00fct\u00fcphane a\u00e7\u0131l\u0131\u015f\u0131na Milli E\u011fitim M\u00fcd\u00fcr\u00fc Ahmet Sefa Demir, \u015eube M\u00fcd\u00fcr\u00fc Fatih T\u00fcrkmen, okul m\u00fcd\u00fcr\u00fc Mustafa Tulay, hay\u0131rsever Esra Ayd\u0131n, \u00f6\u011fretmen ve \u00f6\u011frenciler kat\u0131ld\u0131.<\/p>\n","protected":false},"author":1,"featured_media":0,"comment_status":"open","ping_status":"open","sticky":false,"template":"","format":"standard","meta":{"footnotes":""},"categories":[1],"tags":[845],"class_list":["post-7255","post","type-post","status-publish","format-standard","hentry","category-genel","tag-okul-kutuphaneleri"],"_links":{"self":[{"href":"https:\/\/www.bbyhaber.com\/bby\/wp-json\/wp\/v2\/posts\/7255"}],"collection":[{"href":"https:\/\/www.bbyhaber.com\/bby\/wp-json\/wp\/v2\/posts"}],"about":[{"href":"https:\/\/www.bbyhaber.com\/bby\/wp-json\/wp\/v2\/types\/post"}],"author":[{"embeddable":true,"href":"https:\/\/www.bbyhaber.com\/bby\/wp-json\/wp\/v2\/users\/1"}],"replies":[{"embeddable":true,"href":"https:\/\/www.bbyhaber.com\/bby\/wp-json\/wp\/v2\/comments?post=7255"}],"version-history":[{"count":0,"href":"https:\/\/www.bbyhaber.com\/bby\/wp-json\/wp\/v2\/posts\/7255\/revisions"}],"wp:attachment":[{"href":"https:\/\/www.bbyhaber.com\/bby\/wp-json\/wp\/v2\/media?parent=7255"}],"wp:term":[{"taxonomy":"category","embeddable":true,"href":"https:\/\/www.bbyhaber.com\/bby\/wp-json\/wp\/v2\/categories?post=7255"},{"taxonomy":"post_tag","embeddable":true,"href":"https:\/\/www.bbyhaber.com\/bby\/wp-json\/wp\/v2\/tags?post=7255"}],"curies":[{"name":"wp","href":"https:\/\/api.w.org\/{rel}","templated":true}]}}