{"id":7249,"date":"2012-10-22T17:37:52","date_gmt":"2012-10-22T14:37:52","guid":{"rendered":"http:\/\/www.bbyhaber.com\/bby\/?p=7249"},"modified":"2012-10-22T17:37:52","modified_gmt":"2012-10-22T14:37:52","slug":"kitap-fuarinda-kutuphanecilik-anlatildi","status":"publish","type":"post","link":"https:\/\/www.bbyhaber.com\/bby\/2012\/10\/22\/kitap-fuarinda-kutuphanecilik-anlatildi","title":{"rendered":"Kitap Fuar\u0131&#8217;nda k\u00fct\u00fcphanecilik anlat\u0131ld\u0131"},"content":{"rendered":"<p style=\"text-align: justify;\"><a href=\"http:\/\/www.bartinhergungazetesi.com\/resim\/haberresimleri\/82d1a6.jpg\"><img loading=\"lazy\" decoding=\"async\" class=\"alignleft\" src=\"http:\/\/www.bartinhergungazetesi.com\/resim\/haberresimleri\/82d1a6.jpg\" alt=\"\" width=\"205\" height=\"133\" \/><\/a>Bart\u0131n Belediyesi 16. Kitap Fuar\u0131 etkinlikleri kapsam\u0131nda &#8220;T\u00fcrkiye&#8217;de K\u00fct\u00fcphanecilik ve Bart\u0131n \u0130l Halk K\u00fct\u00fcphanesi&#8221; konulu s\u00f6yle\u015fi d\u00fczenlendi. \u015eenol Karadeniz ve T\u00fclay Erduran&#8217;\u0131n konu\u015fmac\u0131 olarak kat\u0131ld\u0131\u011f\u0131 s\u00f6yle\u015fide konu\u015fan \u015eenol Karadeniz k\u00fct\u00fcphanelerin halk\u0131n bilgi edinme gereksinimini kar\u015f\u0131lad\u0131\u011f\u0131n\u0131, her d\u00fczeyde \u00f6rg\u00fcn ve yayg\u0131n e\u011fitimi destekledi\u011fini s\u00f6yledi.<!--more--> \u0130lk Halk K\u00fct\u00fcphanesi say\u0131labilecek k\u00fct\u00fcphanelerin M.S. 400&#8217;l\u00fc y\u0131llarda Roma \u0130mparatorlu\u011fu zaman\u0131nda kuruldu\u011funu belirten Karadeniz &#8220;1452&#8217;de Gutenberg&#8217;in kulland\u0131\u011f\u0131 matbaan\u0131n bulunmas\u0131ndan sonra, Avrupa&#8217;da hem kitap say\u0131s\u0131 artt\u0131, hem de R\u00f6nesans&#8217;\u0131n etkisiyle dini kitaplar d\u0131\u015f\u0131nda bilim, edebiyat gibi konularda yaz\u0131lm\u0131\u015f kitaplar daha s\u0131k yay\u0131nlanmaya ba\u015flad\u0131. Bilime olan ilgi \u00fcniversitelerin k\u00fct\u00fcphanelerini zenginle\u015ftirdi&#8221; dedi.<\/p>\n<p style=\"text-align: justify;\">Bart\u0131n \u0130l Halk K\u00fct\u00fcphanesi M\u00fcd\u00fcr\u00fc T\u00fclay Erduran da konu\u015fmas\u0131nda Bart\u0131n&#8217;da iki il\u00e7e, bir belde k\u00fct\u00fcphanesi bulundu\u011funu Bart\u0131n \u0130l Halk K\u00fct\u00fcphanesi&#8217;nde de 35 bin dolay\u0131nda kitab\u0131n okuyucular\u0131n hizmete sunuldu\u011funu s\u00f6yledi. K\u00fclt\u00fcr Merkezi binas\u0131nda bulunan \u0130l Halk K\u00fct\u00fcphanesi&#8217;nin 5 bin dolay\u0131nda \u00fcyesi oldu\u011funu belirten Erduran, Bart\u0131n&#8217;da kitaba ve k\u00fct\u00fcphanelere olan ilginin artt\u0131r\u0131lmas\u0131 i\u00e7in \u00e7ok de\u011fi\u015fik faaliyetler d\u00fczenlendi\u011fini s\u00f6yledi. S\u00f6yle\u015finin bitiminde T\u00fclay Erduran ve \u015eenol Karadeniz&#8217;e, Belediye Ba\u015fkan Yard\u0131mc\u0131s\u0131 Erol Demirkoparano\u011flu taraf\u0131ndan te\u015fekk\u00fcr plaketleri verildi. \u015eenol Karadeniz daha sonra kitaplar\u0131n\u0131 imzalad\u0131.<\/p>\n<p style=\"text-align: justify;\">Kaynak: http:\/\/www.bartinhergungazetesi.com\/<\/p>\n","protected":false},"excerpt":{"rendered":"<p>Bart\u0131n Belediyesi 16. Kitap Fuar\u0131 etkinlikleri kapsam\u0131nda &#8220;T\u00fcrkiye&#8217;de K\u00fct\u00fcphanecilik ve Bart\u0131n \u0130l Halk K\u00fct\u00fcphanesi&#8221; konulu s\u00f6yle\u015fi d\u00fczenlendi. \u015eenol Karadeniz ve T\u00fclay Erduran&#8217;\u0131n konu\u015fmac\u0131 olarak kat\u0131ld\u0131\u011f\u0131 s\u00f6yle\u015fide konu\u015fan \u015eenol Karadeniz k\u00fct\u00fcphanelerin halk\u0131n bilgi edinme gereksinimini kar\u015f\u0131lad\u0131\u011f\u0131n\u0131, her d\u00fczeyde \u00f6rg\u00fcn ve yayg\u0131n e\u011fitimi destekledi\u011fini s\u00f6yledi.<\/p>\n","protected":false},"author":1,"featured_media":0,"comment_status":"open","ping_status":"open","sticky":false,"template":"","format":"standard","meta":{"footnotes":""},"categories":[1,1493],"tags":[848,394],"class_list":["post-7249","post","type-post","status-publish","format-standard","hentry","category-genel","category-kitap-fuarlari-2","tag-halk-kutuphaneleri","tag-senol-karadeniz"],"_links":{"self":[{"href":"https:\/\/www.bbyhaber.com\/bby\/wp-json\/wp\/v2\/posts\/7249"}],"collection":[{"href":"https:\/\/www.bbyhaber.com\/bby\/wp-json\/wp\/v2\/posts"}],"about":[{"href":"https:\/\/www.bbyhaber.com\/bby\/wp-json\/wp\/v2\/types\/post"}],"author":[{"embeddable":true,"href":"https:\/\/www.bbyhaber.com\/bby\/wp-json\/wp\/v2\/users\/1"}],"replies":[{"embeddable":true,"href":"https:\/\/www.bbyhaber.com\/bby\/wp-json\/wp\/v2\/comments?post=7249"}],"version-history":[{"count":0,"href":"https:\/\/www.bbyhaber.com\/bby\/wp-json\/wp\/v2\/posts\/7249\/revisions"}],"wp:attachment":[{"href":"https:\/\/www.bbyhaber.com\/bby\/wp-json\/wp\/v2\/media?parent=7249"}],"wp:term":[{"taxonomy":"category","embeddable":true,"href":"https:\/\/www.bbyhaber.com\/bby\/wp-json\/wp\/v2\/categories?post=7249"},{"taxonomy":"post_tag","embeddable":true,"href":"https:\/\/www.bbyhaber.com\/bby\/wp-json\/wp\/v2\/tags?post=7249"}],"curies":[{"name":"wp","href":"https:\/\/api.w.org\/{rel}","templated":true}]}}