{"id":7209,"date":"2012-10-19T15:28:29","date_gmt":"2012-10-19T12:28:29","guid":{"rendered":"http:\/\/www.bbyhaber.com\/bby\/?p=7209"},"modified":"2012-11-07T22:01:54","modified_gmt":"2012-11-07T20:01:54","slug":"tkd-istanbul-subesi-2012-2013-akademik-yili-karsilikli-burs-duyurusu","status":"publish","type":"post","link":"https:\/\/www.bbyhaber.com\/bby\/2012\/10\/19\/tkd-istanbul-subesi-2012-2013-akademik-yili-karsilikli-burs-duyurusu","title":{"rendered":"TKD \u0130stanbul \u015eubesi 2012-2013 akademik y\u0131l\u0131 kar\u015f\u0131l\u0131kl\u0131 burs duyurusu"},"content":{"rendered":"<p style=\"text-align: justify;\"><a href=\"http:\/\/istanbulkutuphaneci.org\" target=\"_blank\"><img loading=\"lazy\" decoding=\"async\" class=\"alignleft\" src=\"http:\/\/www.istanbulkutuphaneci.org\/sites\/default\/files\/tkd_logo.png\" alt=\"\" width=\"135\" height=\"139\" \/>TKD \u0130stanbul \u015eubesi<\/a> taraf\u0131ndan 2012-2013\u00a0akademik\u00a0y\u0131l\u0131nda,\u00a0<wbr>e\u011fitim i\u00e7in maddi deste\u011fe ihtiyac\u0131 bulunan <strong>\u0130stanbul ve Marmara \u00dcniversitesi Bilgi ve Belge Y\u00f6netimi B\u00f6l\u00fcmlerinden ba\u015far\u0131l\u0131 birer \u00f6\u011frenciye burs verilmesi planlanmaktad\u0131r<\/strong>.<!--more--><\/wbr><\/p>\n<p style=\"text-align: justify;\"><strong>Verilecek burs kar\u015f\u0131l\u0131kl\u0131 olup<\/strong>, burs almaya hak kazanan \u00f6\u011frenciler akademik y\u0131l i\u00e7erisinde dernek ofisinde ve dernek taraf\u0131ndan d\u00fczenlenen organizasyonlarda g\u00f6rev\u00a0alacakt\u0131r. &#8220;Dernek Asistan\u0131&#8221; olarak\u00a0yeti\u015ftirilecek olan\u00a0\u00f6\u011frencilere, nakit olarak \u00f6denecek bursun yan\u0131nda,\u00a0mesleki ve bireysel geli\u015fimlerini sa\u011flama,\u00a0mesleki ili\u015fki a\u011f\u0131 olu\u015fturma,\u00a0kariyer planlama ve geli\u015ftirme f\u0131rsat\u0131\u00a0da\u00a0sa\u011flanacakt\u0131r.<\/p>\n<p style=\"text-align: justify;\">Burs talebinde bulunan \u00f6\u011frencilerin, burs ba\u015fvuru formu ve a\u015fa\u011f\u0131da belirtilen belgeleri en ge\u00e7\u00a0<span style=\"color: #0000ff;\"><strong>9 Kas\u0131m 2012 Cuma<\/strong><\/span> g\u00fcn\u00fcne kadar derne\u011fimize elden veya\u00a0kargo yoluyla ula\u015ft\u0131rmalar\u0131 gerekmektedir.<\/p>\n<p style=\"text-align: justify;\">Burs ba\u015fvurular\u0131 \u015eube Y\u00f6netim Kurulu taraf\u0131ndan yap\u0131lacak m\u00fclakatla de\u011ferlendirilecek olup, kazanan \u00f6\u011frencilere yaz\u0131l\u0131 olarak bildirim yap\u0131lacakt\u0131r.<\/p>\n<p style=\"text-align: justify;\">Ba\u015fvuru i\u00e7in gerekli belgeler:<\/p>\n<p style=\"text-align: justify;\">\u00a01.\u00a0\u00a0\u00a0\u00a0\u00a0\u00a0\u00d6\u011frenci Belgesi<\/p>\n<p style=\"text-align: justify;\">2.\u00a0\u00a0\u00a0\u00a0\u00a0\u00a01 adet vesikal\u0131k foto\u011fraf<\/p>\n<p style=\"text-align: justify;\">3.\u00a0\u00a0\u00a0\u00a0\u00a0\u00a0Ge\u00e7mi\u015f akademik y\u0131llara ili\u015fkin not d\u00f6k\u00fcm\u00fc (birinci s\u0131n\u0131flar i\u00e7in istenmeyecektir)<\/p>\n<p style=\"text-align: justify;\">4.\u00a0\u00a0\u00a0\u00a0\u00a0\u00a0Burs Ba\u015fvuru formu<\/p>\n<p style=\"text-align: justify;\"><span style=\"color: #0000ff;\"><strong><a href=\"http:\/\/\/www.istanbulkutuphaneci.org\/sites\/default\/files\/TKD_BURS.docx\" target=\"_blank\"><span style=\"color: #0000ff;\">Burs Ba\u015fvuru Formu i\u00e7in t\u0131klay\u0131n\u0131z<\/span><\/a><\/strong><\/span><\/p>\n","protected":false},"excerpt":{"rendered":"<p>TKD \u0130stanbul \u015eubesi taraf\u0131ndan 2012-2013\u00a0akademik\u00a0y\u0131l\u0131nda,\u00a0e\u011fitim i\u00e7in maddi deste\u011fe ihtiyac\u0131 bulunan \u0130stanbul ve Marmara \u00dcniversitesi Bilgi ve Belge Y\u00f6netimi B\u00f6l\u00fcmlerinden ba\u015far\u0131l\u0131 birer \u00f6\u011frenciye burs verilmesi planlanmaktad\u0131r.<\/p>\n","protected":false},"author":1,"featured_media":0,"comment_status":"open","ping_status":"open","sticky":false,"template":"","format":"standard","meta":{"footnotes":""},"categories":[],"tags":[1420],"class_list":["post-7209","post","type-post","status-publish","format-standard","hentry","tag-tkd-istanbul"],"_links":{"self":[{"href":"https:\/\/www.bbyhaber.com\/bby\/wp-json\/wp\/v2\/posts\/7209"}],"collection":[{"href":"https:\/\/www.bbyhaber.com\/bby\/wp-json\/wp\/v2\/posts"}],"about":[{"href":"https:\/\/www.bbyhaber.com\/bby\/wp-json\/wp\/v2\/types\/post"}],"author":[{"embeddable":true,"href":"https:\/\/www.bbyhaber.com\/bby\/wp-json\/wp\/v2\/users\/1"}],"replies":[{"embeddable":true,"href":"https:\/\/www.bbyhaber.com\/bby\/wp-json\/wp\/v2\/comments?post=7209"}],"version-history":[{"count":0,"href":"https:\/\/www.bbyhaber.com\/bby\/wp-json\/wp\/v2\/posts\/7209\/revisions"}],"wp:attachment":[{"href":"https:\/\/www.bbyhaber.com\/bby\/wp-json\/wp\/v2\/media?parent=7209"}],"wp:term":[{"taxonomy":"category","embeddable":true,"href":"https:\/\/www.bbyhaber.com\/bby\/wp-json\/wp\/v2\/categories?post=7209"},{"taxonomy":"post_tag","embeddable":true,"href":"https:\/\/www.bbyhaber.com\/bby\/wp-json\/wp\/v2\/tags?post=7209"}],"curies":[{"name":"wp","href":"https:\/\/api.w.org\/{rel}","templated":true}]}}