{"id":7198,"date":"2012-10-17T23:50:06","date_gmt":"2012-10-17T20:50:06","guid":{"rendered":"http:\/\/www.bbyhaber.com\/bby\/?p=7198"},"modified":"2012-10-17T23:50:06","modified_gmt":"2012-10-17T20:50:06","slug":"siirt-okuyor-sizin-okuma-saatiniz-yok-mu","status":"publish","type":"post","link":"https:\/\/www.bbyhaber.com\/bby\/2012\/10\/17\/siirt-okuyor-sizin-okuma-saatiniz-yok-mu","title":{"rendered":"Siirt Okuyor, Sizin Okuma Saatiniz Yok Mu"},"content":{"rendered":"<p style=\"text-align: justify;\">Siirt Valili\u011fi, &#8221;Siirt Okuyor, Sizin Okuma Saatiniz Yok Mu?&#8221; kampanyas\u0131 kapsam\u0131nda y\u0131l sonuna kadar en fazla kitap okuyan vatanda\u015f\u0131 istihdam edecek. Siirt Valisi Ahmet Ayd\u0131n, Halk E\u011fitim Merkezi&#8217;nde d\u00fczenlenen t\u00f6rende yapt\u0131\u011f\u0131 konu\u015fmada, ge\u00e7en y\u0131l Valilik taraf\u0131ndan uygulanmaya ba\u015flanan &#8221;Siirt Okuyor, Sizin Okuma Saatiniz Yok Mu?&#8221; kampanyana bu y\u0131l \u00f6\u011frencilerin yan\u0131 s\u0131ra kamu kurum ve kurulu\u015flar\u0131ndaki \u00e7al\u0131\u015fanlar\u0131 da dahil ettiklerini, bu kapsamda t\u00fcm kamu kurum ve kurulu\u015flar\u0131ndaki personel i\u00e7in okuma saati belirlediklerini s\u00f6yledi.<!--more--><\/p>\n<p style=\"text-align: justify;\">Her ay en fazla kitap okuyan \u00f6\u011frencilerin alt\u0131nla \u00f6d\u00fcllendirilece\u011fini, ayr\u0131ca y\u0131l boyunca en fazla kitap okuyan 168 \u00f6\u011frencinin \u0130stanbul gezisine g\u00f6nderilece\u011fini ifade eden Ayd\u0131n, \u015f\u00f6yle dedi:<\/p>\n<p style=\"text-align: justify;\">&#8221;Kampanya ile vatanda\u015flar\u0131n da kitap okumalar\u0131n\u0131 sa\u011flamak i\u00e7in \u00e7e\u015fitli etkinlikler d\u00fczenlenecek ve 10 kahvehanede kitapl\u0131k olu\u015fturulacak. Y\u0131l sonunda en fazla kitap okuyan vatanda\u015fa da istihdam olana\u011f\u0131 sa\u011flanacak. Bu y\u0131l hedefimiz 2 milyon kitab\u0131n okunmas\u0131n\u0131 sa\u011flamakt\u0131r. Siirt ge\u00e7en y\u0131l KPSS ve \u00fcniversite s\u0131navlar\u0131nda ba\u015far\u0131l\u0131 oldu. Bu, hayata ge\u00e7irilen kampanyalar ve SODES kapsam\u0131nda y\u00fcr\u00fct\u00fclen projeler sayesinde gelen bir ba\u015far\u0131d\u0131r. Japonya&#8217;da bir ki\u015fi ayda 25, \u0130svi\u00e7re&#8217;de 10, Fransa&#8217;da 7 kitap okurken T\u00fcrkiye&#8217;de 10 y\u0131lda bir kitap okuyor. Ge\u00e7en y\u0131l Siirt&#8217;te bir milyonu a\u015fk\u0131n kitap okunmu\u015f, bir ba\u015fka deyimle ayda \u00fc\u00e7 kitap okunmu\u015f. Bu y\u0131l hedefimizi b\u00fcy\u00fctt\u00fck. Hedefimize ula\u015ft\u0131\u011f\u0131m\u0131zda T\u00fcrkiye ortalamas\u0131n\u0131n 70 kat\u0131 kitap okumu\u015f olaca\u011f\u0131z.&#8221;<\/p>\n<p style=\"text-align: justify;\">\u0130l Milli E\u011fitim M\u00fcd\u00fcr\u00fc Dr. Davut Ok\u00e7u ise bir millete yap\u0131lacak en b\u00fcy\u00fck k\u00f6t\u00fcl\u00fc\u011f\u00fcn onu kitaps\u0131z ve cehalet i\u00e7erisinde b\u0131rakmak oldu\u011funu belirterek, teknolojinin getirdi\u011fi bir tak\u0131m ayg\u0131tlar\u0131n \u00e7ocuklar\u0131 duygu yoksunu bireyler haline getirdi\u011fini s\u00f6yledi.<\/p>\n<p style=\"text-align: justify;\">Kaynak: http:\/\/www.haber7.com<\/p>\n","protected":false},"excerpt":{"rendered":"<p>Siirt Valili\u011fi, &#8221;Siirt Okuyor, Sizin Okuma Saatiniz Yok Mu?&#8221; kampanyas\u0131 kapsam\u0131nda y\u0131l sonuna kadar en fazla kitap okuyan vatanda\u015f\u0131 istihdam edecek. Siirt Valisi Ahmet Ayd\u0131n, Halk E\u011fitim Merkezi&#8217;nde d\u00fczenlenen t\u00f6rende yapt\u0131\u011f\u0131 konu\u015fmada, ge\u00e7en y\u0131l Valilik taraf\u0131ndan uygulanmaya ba\u015flanan &#8221;Siirt Okuyor, Sizin Okuma Saatiniz Yok Mu?&#8221; kampanyana bu y\u0131l \u00f6\u011frencilerin yan\u0131 s\u0131ra kamu kurum ve kurulu\u015flar\u0131ndaki [&hellip;]<\/p>\n","protected":false},"author":1,"featured_media":0,"comment_status":"open","ping_status":"open","sticky":false,"template":"","format":"standard","meta":{"footnotes":""},"categories":[1,1491],"tags":[],"class_list":["post-7198","post","type-post","status-publish","format-standard","hentry","category-genel","category-kahvehane-kutuphane"],"_links":{"self":[{"href":"https:\/\/www.bbyhaber.com\/bby\/wp-json\/wp\/v2\/posts\/7198"}],"collection":[{"href":"https:\/\/www.bbyhaber.com\/bby\/wp-json\/wp\/v2\/posts"}],"about":[{"href":"https:\/\/www.bbyhaber.com\/bby\/wp-json\/wp\/v2\/types\/post"}],"author":[{"embeddable":true,"href":"https:\/\/www.bbyhaber.com\/bby\/wp-json\/wp\/v2\/users\/1"}],"replies":[{"embeddable":true,"href":"https:\/\/www.bbyhaber.com\/bby\/wp-json\/wp\/v2\/comments?post=7198"}],"version-history":[{"count":0,"href":"https:\/\/www.bbyhaber.com\/bby\/wp-json\/wp\/v2\/posts\/7198\/revisions"}],"wp:attachment":[{"href":"https:\/\/www.bbyhaber.com\/bby\/wp-json\/wp\/v2\/media?parent=7198"}],"wp:term":[{"taxonomy":"category","embeddable":true,"href":"https:\/\/www.bbyhaber.com\/bby\/wp-json\/wp\/v2\/categories?post=7198"},{"taxonomy":"post_tag","embeddable":true,"href":"https:\/\/www.bbyhaber.com\/bby\/wp-json\/wp\/v2\/tags?post=7198"}],"curies":[{"name":"wp","href":"https:\/\/api.w.org\/{rel}","templated":true}]}}